{"id":610899,"date":"2025-12-20T03:21:21","date_gmt":"2025-12-20T03:21:21","guid":{"rendered":"https:\/\/www.europesays.com\/fr\/610899\/"},"modified":"2025-12-20T03:21:21","modified_gmt":"2025-12-20T03:21:21","slug":"pro-d2-grenoble-termine-lannee-avec-une-victoire-difficile-face-a-dax","status":"publish","type":"post","link":"https:\/\/www.europesays.com\/fr\/610899\/","title":{"rendered":"Pro D2 \u2013 Grenoble termine l\u2019ann\u00e9e avec une victoire difficile face \u00e0 Dax"},"content":{"rendered":"<p>\n                Au stade des Alpes, Grenoble a fini par faire la diff\u00e9rence face \u00e0 une fi\u00e8re \u00e9quipe de Dax, malgr\u00e9 une semaine tr\u00e8s compliqu\u00e9e (24-20). Loin d\u2019\u00eatre sereins, les Is\u00e9rois ont r\u00e9sist\u00e9 au retour impressionnant des visiteurs en seconde p\u00e9riode. Avec ce succ\u00e8s, ils se relancent dans la course au top six avant une longue tr\u00eave pour les f\u00eates et peuvent esp\u00e9rer une belle remont\u00e9e en 2026.\u00a0Les Dacquois repartent avec un bon point de bonus d\u00e9fensif.\n            <\/p>\n<p>Les f\u00eates de fin d\u2019ann\u00e9e commencent par un succ\u00e8s important. <a href=\"https:\/\/www.rugbyrama.fr\/2025\/12\/13\/pro-d2-on-se-cherche-un-peu-grenoble-plonge-dans-le-doute-apres-le-derby-13109081.php\" target=\"_self\" rel=\"noopener\">Apr\u00e8s deux lourdes d\u00e9faites, face \u00e0 Colomiers puis Valence-Romans<\/a>, Grenoble s\u2019est relanc\u00e9 en Pro D2 face \u00e0 Dax (24-20). Dans le froid du stade des Alpes, les Is\u00e9rois ont su faire la diff\u00e9rence en premi\u00e8re p\u00e9riode avant de devoir r\u00e9sister au retour impressionnant des visiteurs, qui terminent 2025 dans la zone rouge <a href=\"https:\/\/www.rugbyrama.fr\/2025\/12\/18\/points-de-retrait-et-lourdes-amendes-le-pro-d2-sens-dessus-dessous-apres-les-sanctions-13118814.php\" target=\"_self\" rel=\"noopener\">en raison de leurs\u00a0neuf points de retrait inflig\u00e9s cette semaine<\/a>.<\/p>\n<blockquote data-class=\"twitter-tweet\">\n<p lang=\"fr\" dir=\"ltr\">??? ?? ????? \\u274c <\/p>\n<p>Ce groupe ne l\u00e2che rien ! Men\u00e9s de 19 pts \u00e0 la pause nos Dacquois ont remont\u00e9 le score pour obtenir un bonus d\u00e9fensif important ! <\/p>\n<p>Place aux vacances et on se retrouve le 9 janvier \u00e0 Boyau face \u00e0 Agen \\ud83d\\ude0d <a href=\"https:\/\/t.co\/tsDjVxj6j2\">pic.twitter.com\/tsDjVxj6j2<\/a><\/p>\n<p>\u2014 U.S.Dax Rugby Landes (@usdaxrugby) <a href=\"https:\/\/twitter.com\/usdaxrugby\/status\/2002113041127911866?ref_src=twsrc%5Etfw\" target=\"_blank\" rel=\"noopener\">December 19, 2025<\/a><\/p><\/blockquote>\n<p>Une premi\u00e8re mi-temps presque parfaite<\/p>\n<p>L\u2019\u00e9tat d\u2019urgence comptable pouvait \u00eatre d\u00e9cr\u00e9t\u00e9 dans les Alpes. <a href=\"https:\/\/www.rugbyrama.fr\/2025\/12\/18\/pro-d2-le-calme-avant-la-tempete-pour-le-fcg-qui-annonce-des-changements-majeurs-13118784.php\" target=\"_self\" rel=\"noopener\">Onzi\u00e8me avec huit points de retard sur les places qualificatives pour la phase finale<\/a>, Grenoble devait absolument se relancer pour ne pas \u00eatre largu\u00e9 dans l\u2019infernale course au Top 14.<\/p>\n<p>Face \u00e0 des Dacquois\u00a0<a href=\"https:\/\/www.rugbyrama.fr\/2025\/12\/16\/pro-d2-dax-recit-dune-journee-mouvementee-en-coulisses-vers-des-changements-a-la-tete-du-club-13114273.php\" target=\"_self\" rel=\"noopener\">ayant v\u00e9cu des jours agit\u00e9s en coulisses<\/a>, les locaux attaquaient la partie tambour battant en imprimant le rythme du jeu. Au terme d\u2019une tr\u00e8s longue s\u00e9quence offensive, Sirgel ouvrait le score en force (7-0, 6e). Pragmatiques\u00a0malgr\u00e9 quelques ballons perdus, les Is\u00e9rois prenaient le large au bout d\u2019une vingtaine de minutes\u00a0: \u00e0 la suite d\u2019un maul, Ruffenach creusait l\u2019\u00e9cart (17-0, 23e).<\/p>\n<p><strong>\u00c0 lire aussi \u2013 <a href=\"https:\/\/www.rugbyrama.fr\/2025\/12\/19\/direct-grenoble-dax-les-iserois-a-la-relance-suivez-le-match-de-la-15e-journee-de-pro-d2-13120579.php\" target=\"_self\" rel=\"noopener\">le FCG s\u2019impose de peu\u00a0! Revivez le match de la 15e journ\u00e9e de Pro D2<\/a><\/strong><\/p>\n<p>Pourtant, Couilloud et sa troupe ne se montraient pas sereins dans tous les secteurs. Dax profitait de renvois\u00a0mal n\u00e9goci\u00e9s\u00a0par\u00a0leur adversaire pour se cr\u00e9er des occasions. Au bout d\u2019un joli mouvement collectif, Ferrer prenait de vitesse la d\u00e9fense et pensait relancer\u00a0le suspense (17-5, 26e). Mais dans la foul\u00e9e, l\u2019insaisissable Costa Storti profitait d\u2019une belle course de Couilloud pour refaire l\u2019\u00e9cart (24-5, 32e). Sans vraiment briller, <a href=\"https:\/\/www.rugbyrama.fr\/2025\/10\/08\/transferts-pro-d2-jeff-dubois-en-route-vers-grenoble-12979054.php\" target=\"_self\" rel=\"noopener\">les hommes de Jeff Dubois<\/a> menaient tranquillement \u00e0 la pause.<\/p>\n<p>Dax a presque tout renvers\u00e9<\/p>\n<p>Au retour des vestiaires, Dax se rebiffait. Alors que l\u2019\u00e9cart semblait fait, les hommes de\u00a0Vincent Etcheto\u00a0continuaient de batailler pour revenir, profitant d\u2019une baisse de r\u00e9gime du FCG. Avec la puissance de Lolohea, les Landais se redonnaient espoir (24-12, 49e). Visiblement destabilis\u00e9s\u00a0par de\u00a0nombreux changements effectu\u00e9s, les Grenoblois subissaient tout le\u00a0second acte, et ce\u00a0malgr\u00e9 une sup\u00e9riorit\u00e9 num\u00e9rique de dix minutes (64e).<\/p>\n<p><strong>\u00c0 lire aussi \u2013 <a href=\"https:\/\/www.rugbyrama.fr\/2025\/12\/19\/pro-d2-colomiers-sadjuge-le-choc-la-surprise-carcassonnaise-les-resultats-de-la-15e-journee-13121789.php\" target=\"_self\" rel=\"noopener\">Colomiers s\u2019adjuge le choc, la surprise carcassonnaise\u2026 Les r\u00e9sultats de la 15e journ\u00e9e<\/a><\/strong><\/p>\n<p>En difficult\u00e9 dans le secteur de la touche (sept ballons perdus), l\u2019USD laissait passer de nombreuses opportunit\u00e9s, mais revenant finalement au score\u00a0avec une r\u00e9alisation de Puntous, qui r\u00e9compensait un effort de son pack (24-17, 56e). Apr\u00e8s une p\u00e9nalit\u00e9 longue distance de Cerisier en fin de match (24-20, 78e) et un carton jaune de\u00a0Mistrulli (80e), la bande \u00e0 Seguy\u00a0pouvait esp\u00e9rer d\u00e9crocher une victoire inesp\u00e9r\u00e9e sur le gong. Mais cette fois, la d\u00e9fense grenobloise prenait le dessus pour\u00a0mettre fin \u00e0 sa mauvaise s\u00e9rie.<\/p>\n<p>Apr\u00e8s deux d\u00e9faites de rang, Grenoble se contentera de cette victoire \u00e9triqu\u00e9e pour c\u00e9l\u00e9brer la fin d\u2019ann\u00e9e avant de d\u00e9buter 2026 par <a href=\"https:\/\/www.rugbyrama.fr\/resultats\/rugby\/pro-d2\/calendrier\" target=\"_self\" rel=\"noopener\">un choc face \u00e0 Provence Rugby, le 8\u00a0janvier<\/a>. Dans la zone rouge, \u00e0 cause de ses probl\u00e8mes financiers, les Dacquois ont prouv\u00e9 <a href=\"https:\/\/www.rugbyrama.fr\/resultats\/rugby\/pro-d2\/classements\" target=\"_self\" rel=\"noopener\">qu\u2019ils peuvent\u00a0croire au maintien<\/a> malgr\u00e9 tout.<\/p>\n<p>                    <script async src=\"https:\/\/platform.twitter.com\/widgets.js\" charset=\"utf-8\"><\/script><\/p>\n","protected":false},"excerpt":{"rendered":"Au stade des Alpes, Grenoble a fini par faire la diff\u00e9rence face \u00e0 une fi\u00e8re \u00e9quipe de Dax,&hellip;\n","protected":false},"author":2,"featured_media":610900,"comment_status":"","ping_status":"","sticky":false,"template":"","format":"standard","meta":{"footnotes":""},"categories":[9566],"tags":[1111,11,2430,1777,674,1011,27,2731,12,2308,25,68796],"class_list":{"0":"post-610899","1":"post","2":"type-post","3":"status-publish","4":"format-standard","5":"has-post-thumbnail","7":"category-grenoble","8":"tag-actu","9":"tag-actualites","10":"tag-auvergne-rhone-alpes","11":"tag-eu","12":"tag-europe","13":"tag-fr","14":"tag-france","15":"tag-grenoble","16":"tag-news","17":"tag-pro-d2","18":"tag-republique-francaise","19":"tag-rugby-u00e0-xv"},"share_on_mastodon":{"url":"https:\/\/pubeurope.com\/@fr\/115749747851558111","error":""},"_links":{"self":[{"href":"https:\/\/www.europesays.com\/fr\/wp-json\/wp\/v2\/posts\/610899","targetHints":{"allow":["GET"]}}],"collection":[{"href":"https:\/\/www.europesays.com\/fr\/wp-json\/wp\/v2\/posts"}],"about":[{"href":"https:\/\/www.europesays.com\/fr\/wp-json\/wp\/v2\/types\/post"}],"author":[{"embeddable":true,"href":"https:\/\/www.europesays.com\/fr\/wp-json\/wp\/v2\/users\/2"}],"replies":[{"embeddable":true,"href":"https:\/\/www.europesays.com\/fr\/wp-json\/wp\/v2\/comments?post=610899"}],"version-history":[{"count":0,"href":"https:\/\/www.europesays.com\/fr\/wp-json\/wp\/v2\/posts\/610899\/revisions"}],"wp:featuredmedia":[{"embeddable":true,"href":"https:\/\/www.europesays.com\/fr\/wp-json\/wp\/v2\/media\/610900"}],"wp:attachment":[{"href":"https:\/\/www.europesays.com\/fr\/wp-json\/wp\/v2\/media?parent=610899"}],"wp:term":[{"taxonomy":"category","embeddable":true,"href":"https:\/\/www.europesays.com\/fr\/wp-json\/wp\/v2\/categories?post=610899"},{"taxonomy":"post_tag","embeddable":true,"href":"https:\/\/www.europesays.com\/fr\/wp-json\/wp\/v2\/tags?post=610899"}],"curies":[{"name":"wp","href":"https:\/\/api.w.org\/{rel}","templated":true}]}}