{"id":610901,"date":"2025-12-20T03:22:35","date_gmt":"2025-12-20T03:22:35","guid":{"rendered":"https:\/\/www.europesays.com\/fr\/610901\/"},"modified":"2025-12-20T03:22:35","modified_gmt":"2025-12-20T03:22:35","slug":"deux-jeunes-lecteurs-se-fondent-parmi-les-journalistes-de-ouest-france","status":"publish","type":"post","link":"https:\/\/www.europesays.com\/fr\/610901\/","title":{"rendered":"Deux jeunes lecteurs se fondent parmi les journalistes de Ouest-France"},"content":{"rendered":"<p>Conf\u00e9rence de r\u00e9daction, d\u00e9couverte du plateau r\u00e9dactionnel, visite du <a href=\"https:\/\/rennes.maville.com\/actu\/actudet_-novo19-se-lance-ce-soir-sur-la-tnt-voici-19-choses-a-savoir-sur-la-nouvelle-chaine-_54135-6954604_actu.Htm\" target=\"_blank\" rel=\"noopener\">studio de Novo19<\/a> et de l\u2019imprimerie\u2026 Ce jeudi 18\u00a0d\u00e9cembre 2025, nos deux invit\u00e9s n\u2019ont pas ch\u00f4m\u00e9. Margaux Leproust, 23\u00a0ans, de Rennes, et Maxime Enouf, 31\u00a0ans, de Caen (Calvados), avaient \u00e9t\u00e9 s\u00e9lectionn\u00e9s parmi de nombreux candidats ayant r\u00e9pondu \u00e0 notre appel pour devenir \u00ab\u00a0r\u00e9dacteurs en chef d\u2019un jour\u00a0\u00bb. Tout au long de la journ\u00e9e, ils ont particip\u00e9 \u00e0 la vie de la r\u00e9daction et \u00e0 l\u2019\u00e9laboration du journal, au si\u00e8ge de Ouest-France, \u00e0 Rennes (Ille-et-Vilaine).<\/p>\n<p>La deuxi\u00e8me journ\u00e9e en immersion<\/p>\n<p><strong>\u00ab\u00a0Je lis Ouest-France depuis tout petit. J\u2019\u00e9tais tr\u00e8s friand de d\u00e9couvrir les coulisses d\u2019un journal aussi populaire et qui se trouve entre autant de mains le matin\u00a0\u00bb<\/strong>, explique Maxime, par ailleurs cadre dans le milieu automobile. <strong>\u00ab\u00a0Un m\u00e9dia ind\u00e9pendant avec autant de port\u00e9e, \u00e7a ne court pas les rues\u00a0\u00bb<\/strong>, ajoute Margaux, \u00e9tudiante en licence \u00ab\u00a0information et communication\u00a0\u00bb.<\/p>\n<p>C\u2019\u00e9tait la deuxi\u00e8me journ\u00e9e en immersion organis\u00e9e pour des lecteurs, <a href=\"https:\/\/rennes.maville.com\/actu\/actudet_-nouvelle-formule-de-ouest-france-quatre-lecteurs-se-sont-glisses-dans-la-peau-de-nos-redacteurs-en-chef-_54135-7080979_actu.Htm\" target=\"_blank\" rel=\"noopener\">apr\u00e8s le premier groupe<\/a> que nous avions accueilli le 25\u00a0novembre, pour le passage \u00e0 la nouvelle maquette. D\u2019autres suivront au fil des prochains mois\u2026<\/p>\n<p>\u00a0<\/p>\n","protected":false},"excerpt":{"rendered":"Conf\u00e9rence de r\u00e9daction, d\u00e9couverte du plateau r\u00e9dactionnel, visite du studio de Novo19 et de l\u2019imprimerie\u2026 Ce jeudi 18\u00a0d\u00e9cembre&hellip;\n","protected":false},"author":2,"featured_media":610902,"comment_status":"","ping_status":"","sticky":false,"template":"","format":"standard","meta":{"footnotes":""},"categories":[2821],"tags":[1111,11,829,1777,674,72190,1011,27,4074,8299,10066,12,7418,584,25],"class_list":{"0":"post-610901","1":"post","2":"type-post","3":"status-publish","4":"format-standard","5":"has-post-thumbnail","7":"category-rennes","8":"tag-actu","9":"tag-actualites","10":"tag-bretagne","11":"tag-eu","12":"tag-europe","13":"tag-fondent","14":"tag-fr","15":"tag-france","16":"tag-jeunes","17":"tag-journalistes","18":"tag-lecteurs","19":"tag-news","20":"tag-ouest-france","21":"tag-rennes","22":"tag-republique-francaise"},"share_on_mastodon":{"url":"https:\/\/pubeurope.com\/@fr\/115749752145666022","error":""},"_links":{"self":[{"href":"https:\/\/www.europesays.com\/fr\/wp-json\/wp\/v2\/posts\/610901","targetHints":{"allow":["GET"]}}],"collection":[{"href":"https:\/\/www.europesays.com\/fr\/wp-json\/wp\/v2\/posts"}],"about":[{"href":"https:\/\/www.europesays.com\/fr\/wp-json\/wp\/v2\/types\/post"}],"author":[{"embeddable":true,"href":"https:\/\/www.europesays.com\/fr\/wp-json\/wp\/v2\/users\/2"}],"replies":[{"embeddable":true,"href":"https:\/\/www.europesays.com\/fr\/wp-json\/wp\/v2\/comments?post=610901"}],"version-history":[{"count":0,"href":"https:\/\/www.europesays.com\/fr\/wp-json\/wp\/v2\/posts\/610901\/revisions"}],"wp:featuredmedia":[{"embeddable":true,"href":"https:\/\/www.europesays.com\/fr\/wp-json\/wp\/v2\/media\/610902"}],"wp:attachment":[{"href":"https:\/\/www.europesays.com\/fr\/wp-json\/wp\/v2\/media?parent=610901"}],"wp:term":[{"taxonomy":"category","embeddable":true,"href":"https:\/\/www.europesays.com\/fr\/wp-json\/wp\/v2\/categories?post=610901"},{"taxonomy":"post_tag","embeddable":true,"href":"https:\/\/www.europesays.com\/fr\/wp-json\/wp\/v2\/tags?post=610901"}],"curies":[{"name":"wp","href":"https:\/\/api.w.org\/{rel}","templated":true}]}}