{"id":610903,"date":"2025-12-20T03:23:16","date_gmt":"2025-12-20T03:23:16","guid":{"rendered":"https:\/\/www.europesays.com\/fr\/610903\/"},"modified":"2025-12-20T03:23:16","modified_gmt":"2025-12-20T03:23:16","slug":"natation-meeting-du-grand-ouest-le-cercle-paul-bert-de-rennes-se-distingue-dentree-sport","status":"publish","type":"post","link":"https:\/\/www.europesays.com\/fr\/610903\/","title":{"rendered":"Natation. Meeting du Grand-Ouest\u00a0: le Cercle Paul-Bert de Rennes se distingue d\u2019entr\u00e9e . Sport"},"content":{"rendered":"<p>C\u2019est le dernier grand rendez-vous de cette saison 2025 en Bretagne. Le grand bassin de Br\u00e9quigny, \u00e0 Rennes, accueille ce week-end le Meeting du Grand-Ouest. L\u2019occasion pour les nageurs du <a href=\"https:\/\/rennes.maville.com\/sport\/detail_-natation.-avec-des-nouvelles-tetes-et-sa-tete-d-affiche-le-cpb-rennes-en-force-en-petit-bassin-_7-7033235_actu.Htm\" target=\"_blank\" rel=\"noopener\">Cercle Paul-Bert de Rennes<\/a> de performer une derni\u00e8re fois apr\u00e8s une saison haute en couleur.<\/p>\n<p> \u00a0Prendre un maximum de rep\u00e8res\u00a0 <\/p>\n<p>Thomas Monteleone, 21\u00a0ans et sp\u00e9cialiste de la brasse, fait partie des 10\u00a0meilleurs nageurs fran\u00e7ais dans cette discipline. Vainqueur sur 50\u00a0m\u00e8tres brasse, le nageur du CPB nous confiait ses impressions, quelques heures avant sa finale\u00a0: \u00a0J\u2019ai commis quelques erreurs techniques durant ma s\u00e9rie mais je me sens en bonne forme. Si je peaufine ces quelques erreurs avant la finale, je devrais \u00eatre capable d\u2019aller chercher quelques dixi\u00e8mes suppl\u00e9mentaires\u00a0. Si l\u2019objectif est \u00e9videmment d\u2019aller chercher le meilleur chrono possible en cette fin de saison, le Cercliste est avant tout ici pour prendre des rep\u00e8res \u00e0 l\u2019amorce de sa saison 2026\u00a0: \u00a0C\u2019est ma premi\u00e8re comp\u00e9tition officielle cette ann\u00e9e en bassin de 50\u00a0m\u00e8tres et me mesurer au niveau national en comp\u00e9tition officielle est primordial pour savoir o\u00f9 j\u2019en suis\u00a0.<\/p>\n<p><strong>Lire aussi\u00a0:<\/strong> <a href=\"https:\/\/rennes.maville.com\/sport\/detail_-natation.-on-a-fini-le-game-le-cpb-rennes-sacre-champion-de-france-des-clubs-une-premiere-historique-_7-7068984_actu.Htm\" target=\"_blank\" rel=\"noopener\">Natation. \u00ab\u00a0On a fini le game\u00a0\u00bb\u00a0: le CPB Rennes sacr\u00e9 champion de France des clubs, une premi\u00e8re historique<\/a><\/p>\n<p> \u00a0Aller chercher une s\u00e9lection nationale\u00a0 <\/p>\n<p>2026 justement, Thomas Monteleone s\u2019y pr\u00e9pare avec s\u00e9rieux et l\u2019annonce s\u2019annonce riche en objectifs. Entre les championnats de France, les championnats d\u2019Europe et les Jeux m\u00e9diterran\u00e9ens, Thomas Monteleone n\u2019a qu\u2019une chose en t\u00eate, une s\u00e9lection nationale\u00a0: \u00a0Cette saison, j\u2019ai revu ma mani\u00e8re de travailler. Je me suis focalis\u00e9 sur les courtes distances comme le 50\u00a0m\u00e8tres, surtout pour la brasse, et je ne me suis jamais senti aussi lib\u00e9r\u00e9 dans le bassin. Aujourd\u2019hui plus que jamais, je me sens pr\u00eat \u00e0 aller chercher une s\u00e9lection nationale, surtout au vu des grandes \u00e9ch\u00e9ances internationales qui arrivent en 2026\u00a0.<\/p>\n<p>\t<img decoding=\"async\" src=\"https:\/\/www.europesays.com\/fr\/wp-content\/uploads\/2025\/12\/P35650497D7117907G_px_640_.jpg\" alt=\"photo yann le goff a tenu son rang en s\u2019imposant sur 50\u00a0m nage libre.  \u00a9  julien kammerer\" width=\"640\" title=\" Yann Le Goff a tenu son rang en s\u2019imposant sur 50\u00a0m nage libre.   Julien KAMMERER \"\/><\/p>\n<p class=\"elmt-legende\"> Yann Le Goff a tenu son rang en s\u2019imposant sur 50\u00a0m nage libre.   Julien KAMMERER <\/p>\n<p><strong> <strong>La razzia du Cercle Paul Bert<\/strong> <\/strong><\/p>\n<p>Dans les pas de Thomas Monteleone et sa victoire sur 50\u00a0m\u00e8tres brasse, les nageurs du Cercle Paul-Bert se sont montr\u00e9s au niveau \u00e0 domicile. Fid\u00e8le au poste, Yann le Goff, m\u00e9daill\u00e9 mondial cet \u00e9t\u00e9, a tenu son rang en s\u2019imposant sur 50\u00a0m\u00e8tres nage libre devant le prometteur Jules Guerin, 20\u00a0ans. C\u00f4t\u00e9 dos, Simon Clusman s\u2019est impos\u00e9 dans un premier temps face \u00e0 Jules Guerin \u00e0 nouveau deuxi\u00e8me. Mais dans la confusion d\u2019une proc\u00e9dure de d\u00e9part hasardeuse, la finale du 50\u00a0m\u00e8tres dos fut recommenc\u00e9e en toute fin de journ\u00e9e. \u00c0 nouveau, Simon Clusman s\u2019est impos\u00e9, cette fois devant son partenaire d\u2019entra\u00eenement, Romain Piazza, lui aussi licenci\u00e9 au CPB.<\/p>\n<p>Ce samedi 20\u00a0d\u00e9cembre, la comp\u00e9tition reprendra de plus belle dans le grand bassin de Br\u00e9quigny. Au programme\u00a0: 800 et 200\u00a0m\u00e8tres nage libre, 100\u00a0m\u00e8tres brasse, 200\u00a0m\u00e8tres papillon, 100\u00a0m\u00e8tres dos et 200\u00a0m\u00e8tres quatre\u00a0nages.<\/p>\n<p>\u00a0<\/p>\n","protected":false},"excerpt":{"rendered":"C\u2019est le dernier grand rendez-vous de cette saison 2025 en Bretagne. Le grand bassin de Br\u00e9quigny, \u00e0 Rennes,&hellip;\n","protected":false},"author":2,"featured_media":610904,"comment_status":"","ping_status":"","sticky":false,"template":"","format":"standard","meta":{"footnotes":""},"categories":[2821],"tags":[1111,11,2063,829,5492,1777,674,1011,27,1922,1393,2487,12,1404,584,25,2923,4251,853],"class_list":{"0":"post-610903","1":"post","2":"type-post","3":"status-publish","4":"format-standard","5":"has-post-thumbnail","7":"category-rennes","8":"tag-actu","9":"tag-actualites","10":"tag-annonces","11":"tag-bretagne","12":"tag-caen","13":"tag-eu","14":"tag-europe","15":"tag-fr","16":"tag-france","17":"tag-info","18":"tag-loisirs","19":"tag-meteo","20":"tag-news","21":"tag-quotidien","22":"tag-rennes","23":"tag-republique-francaise","24":"tag-restaurants","25":"tag-sortir","26":"tag-spectacles"},"share_on_mastodon":{"url":"https:\/\/pubeurope.com\/@fr\/115749756557792106","error":""},"_links":{"self":[{"href":"https:\/\/www.europesays.com\/fr\/wp-json\/wp\/v2\/posts\/610903","targetHints":{"allow":["GET"]}}],"collection":[{"href":"https:\/\/www.europesays.com\/fr\/wp-json\/wp\/v2\/posts"}],"about":[{"href":"https:\/\/www.europesays.com\/fr\/wp-json\/wp\/v2\/types\/post"}],"author":[{"embeddable":true,"href":"https:\/\/www.europesays.com\/fr\/wp-json\/wp\/v2\/users\/2"}],"replies":[{"embeddable":true,"href":"https:\/\/www.europesays.com\/fr\/wp-json\/wp\/v2\/comments?post=610903"}],"version-history":[{"count":0,"href":"https:\/\/www.europesays.com\/fr\/wp-json\/wp\/v2\/posts\/610903\/revisions"}],"wp:featuredmedia":[{"embeddable":true,"href":"https:\/\/www.europesays.com\/fr\/wp-json\/wp\/v2\/media\/610904"}],"wp:attachment":[{"href":"https:\/\/www.europesays.com\/fr\/wp-json\/wp\/v2\/media?parent=610903"}],"wp:term":[{"taxonomy":"category","embeddable":true,"href":"https:\/\/www.europesays.com\/fr\/wp-json\/wp\/v2\/categories?post=610903"},{"taxonomy":"post_tag","embeddable":true,"href":"https:\/\/www.europesays.com\/fr\/wp-json\/wp\/v2\/tags?post=610903"}],"curies":[{"name":"wp","href":"https:\/\/api.w.org\/{rel}","templated":true}]}}