{"id":610905,"date":"2025-12-20T03:24:28","date_gmt":"2025-12-20T03:24:28","guid":{"rendered":"https:\/\/www.europesays.com\/fr\/610905\/"},"modified":"2025-12-20T03:24:28","modified_gmt":"2025-12-20T03:24:28","slug":"vendenheim-une-exposition-croquante-du-musee-alsacien-a-decouvrir-a-la-mediatheque","status":"publish","type":"post","link":"https:\/\/www.europesays.com\/fr\/610905\/","title":{"rendered":"Vendenheim. Une exposition croquante du Mus\u00e9e alsacien \u00e0 d\u00e9couvrir \u00e0 la m\u00e9diath\u00e8que"},"content":{"rendered":"<p>Deux vitrines tr\u00f4nent au fond de la m\u00e9diath\u00e8que Tomi-Ungerer de Vendenheim. Elles donnent un aper\u00e7u de ce qu\u2019on peut trouver au Mus\u00e9e alsacien de Strasbourg. <a href=\"https:\/\/www.dna.fr\/culture-loisirs\/2025\/03\/09\/le-musee-alsacien-va-fermer-pendant-deux-ans\" target=\"_blank\" rel=\"noopener\">Ferm\u00e9 pour cause de travaux de r\u00e9novation<\/a> jusqu\u2019en 2027, le mus\u00e9e se d\u00e9localise dans le cadre de Circuits-courts. Ce festival m\u00eale les collections du mus\u00e9e aux cr\u00e9ations contemporaines des designers du collectif IDeE, en partenariat avec la f\u00e9d\u00e9ration des boulangers p\u00e2tissiers d\u2019Alsace et avec le soutien de l\u2019Eurom\u00e9tropole de Strasbourg (EMS).<\/p>\n<p>Mercredi 10\u00a0d\u00e9cembre, la conservatrice du mus\u00e9e Marie Pottecher et son m\u00e9diateur, Adrien Fernique, la cheffe de projets culturels \u00e0 l\u2019EMS, Le\u00efla Badri et le pr\u00e9sident du collectif IDeE, Gr\u00e9goire Ruault, \u00e9taient pr\u00e9sents pour introduire l\u2019atelier de bredele en p\u00e2te \u00e0 sel, auquel une douzaine de parents et enfants s\u2019\u00e9taient inscrits.<\/p>\n<p>  \u00ab\u00a0\u00c7a me pla\u00eet \u00e0 fond la caisse\u00a0!\u00a0\u00bb<\/p>\n<p>L\u2019atelier a \u00e9t\u00e9 anim\u00e9 par Anne-Sophie de Lafaye Cariven, designer du collectif IDeE. Celle-ci avait pr\u00e9par\u00e9 des boules de p\u00e2te \u00e0 sel pour l\u2019occasion. Accompagn\u00e9e de sa maman Christelle, Louison, 5 ans et demi, a soigneusement choisi son emporte-pi\u00e8ce. Avant de l\u2019enfoncer vivement dans la p\u00e2te \u00e0 sel \u00e9tal\u00e9e au rouleau \u00e0 p\u00e2tisserie. Thierry est venu avec ses enfants Noan, 5 ans, et Elowen, 8 ans. Commentaire enthousiaste de l\u2019a\u00een\u00e9e\u00a0: \u00ab\u00a0\u00e7a me pla\u00eet \u00e0 fond la caisse\u00a0!\u00a0\u00bb Une fois leurs cr\u00e9ations achev\u00e9es, les enfants les ont emmen\u00e9es chez eux. Elles vont s\u00e9cher environ douze heures, avant d\u2019\u00eatre mises au four \u00e0 une temp\u00e9rature maximum de 110\u00a0\u00b0C pour \u00e9viter que la p\u00e2te ne gonfle.<\/p>\n<p>Pour Philippe Meder, conseiller municipal en charge de la vie culturelle, \u00ab\u00a0demander \u00e0 \u00eatre la premi\u00e8re m\u00e9diath\u00e8que du parcours Circuits-courts est une fa\u00e7on de terminer en beaut\u00e9 l\u2019ann\u00e9e 2025 d\u00e9di\u00e9e \u00e0 <a href=\"https:\/\/www.dna.fr\/culture-loisirs\/2025\/03\/12\/spectacles-stammtisch-en-2025-la-commune-met-en-avant-la-memoire-et-le-patrimoine\" target=\"_blank\" rel=\"noopener\">la m\u00e9moire et au patrimoine<\/a>.\u00a0\u00bb<\/p>\n<p>Cinq autres expositions hors les murs sur d\u2019autres sujets sont \u00e0 venir sur l\u2019EMS\u00a0: \u201cFer au jardin\u201d \u00e0 la m\u00e9diath\u00e8que de Plobsheim (du 10\u00a0janvier au 6\u00a0f\u00e9vrier), \u201cC\u00e9ramique au pr\u00e9sent\u201d \u00e0 la m\u00e9diath\u00e8que d\u2019Oberhausbergen (du 11\u00a0f\u00e9vrier au 6\u00a0mars), \u201cD\u00e9rive\u201d \u00e0 la mairie de Mittelhausbergen (du 11\u00a0mars au 8\u00a0avril), \u201cKoug\u201d \u00e0 la mairie de Hoenheim (du 10\u00a0avril au 11\u00a0mai) et \u201c\u00c9lixir\u201d \u00e0 la m\u00e9diath\u00e8que de Reichstett (du 27\u00a0mai au 2\u00a0juillet).<\/p>\n<p class=\"note\">M\u00e9diath\u00e8que de Vendenheim au 14, rue Jean Holweg. Horaires \u00e0 consulter sur le site mediatheque.vendenheim.fr<\/p>\n","protected":false},"excerpt":{"rendered":"Deux vitrines tr\u00f4nent au fond de la m\u00e9diath\u00e8que Tomi-Ungerer de Vendenheim. Elles donnent un aper\u00e7u de ce qu\u2019on&hellip;\n","protected":false},"author":2,"featured_media":610906,"comment_status":"","ping_status":"","sticky":false,"template":"","format":"standard","meta":{"footnotes":""},"categories":[2820],"tags":[1111,11,1687,2880,1777,674,107,1011,27,775,937,12,2661,25,104,640,3265,17241],"class_list":{"0":"post-610905","1":"post","2":"type-post","3":"status-publish","4":"format-standard","5":"has-post-thumbnail","7":"category-strasbourg","8":"tag-actu","9":"tag-actualites","10":"tag-culture-loisirs","11":"tag-edition-strasbourg","12":"tag-eu","13":"tag-europe","14":"tag-fil-info","15":"tag-fr","16":"tag-france","17":"tag-grand-est","18":"tag-histoire","19":"tag-news","20":"tag-patrimoine-culturel","21":"tag-republique-francaise","22":"tag-societe","23":"tag-strasbourg","24":"tag-strasbourg-nord","25":"tag-vendenheim"},"share_on_mastodon":{"url":"https:\/\/pubeurope.com\/@fr\/115749759686021051","error":""},"_links":{"self":[{"href":"https:\/\/www.europesays.com\/fr\/wp-json\/wp\/v2\/posts\/610905","targetHints":{"allow":["GET"]}}],"collection":[{"href":"https:\/\/www.europesays.com\/fr\/wp-json\/wp\/v2\/posts"}],"about":[{"href":"https:\/\/www.europesays.com\/fr\/wp-json\/wp\/v2\/types\/post"}],"author":[{"embeddable":true,"href":"https:\/\/www.europesays.com\/fr\/wp-json\/wp\/v2\/users\/2"}],"replies":[{"embeddable":true,"href":"https:\/\/www.europesays.com\/fr\/wp-json\/wp\/v2\/comments?post=610905"}],"version-history":[{"count":0,"href":"https:\/\/www.europesays.com\/fr\/wp-json\/wp\/v2\/posts\/610905\/revisions"}],"wp:featuredmedia":[{"embeddable":true,"href":"https:\/\/www.europesays.com\/fr\/wp-json\/wp\/v2\/media\/610906"}],"wp:attachment":[{"href":"https:\/\/www.europesays.com\/fr\/wp-json\/wp\/v2\/media?parent=610905"}],"wp:term":[{"taxonomy":"category","embeddable":true,"href":"https:\/\/www.europesays.com\/fr\/wp-json\/wp\/v2\/categories?post=610905"},{"taxonomy":"post_tag","embeddable":true,"href":"https:\/\/www.europesays.com\/fr\/wp-json\/wp\/v2\/tags?post=610905"}],"curies":[{"name":"wp","href":"https:\/\/api.w.org\/{rel}","templated":true}]}}