{"id":610909,"date":"2025-12-20T03:26:15","date_gmt":"2025-12-20T03:26:15","guid":{"rendered":"https:\/\/www.europesays.com\/fr\/610909\/"},"modified":"2025-12-20T03:26:15","modified_gmt":"2025-12-20T03:26:15","slug":"nice-et-alpes-maritimes-carburant-a-prix-coutant-avant-noel-voici-les-stations-concernees","status":"publish","type":"post","link":"https:\/\/www.europesays.com\/fr\/610909\/","title":{"rendered":"Nice et Alpes-Maritimes. Carburant \u00e0 \u00ab\u00a0prix co\u00fbtant\u00a0\u00bb avant No\u00ebl : voici les stations concern\u00e9es"},"content":{"rendered":"<p>                    Par<br \/>\n        <strong><br \/>\n            <a href=\"https:\/\/actu.fr\/auteur\/arthur-frand\" title=\"Consulter tous les articles de Arthur Frand\" target=\"_blank\" rel=\"noopener\">Arthur Frand<\/a><br \/>\n                    <\/strong><\/p>\n<p>        Publi\u00e9 le<\/p>\n<p>            19 d\u00e9c. 2025 \u00e0 10h38        <\/p>\n<p>Un petit coup de pouce avant de prendre la route. Ce vendredi 19\u00a0d\u00e9cembre marque le d\u00e9but des vacances de No\u00ebl \u00e0 <a href=\"https:\/\/actu.fr\/nice\/\" target=\"_blank\" rel=\"noopener\">Nice<\/a> et dans les <a href=\"https:\/\/actu.fr\/provence-alpes-cote-d-azur\/alpes-maritimes_06\" target=\"_blank\" rel=\"noopener\">Alpes-Maritimes<\/a>. \u00c0 cette occasion, les enseignes E. Leclerc et Intermarch\u00e9 (avec son discounteur Netto) ont d\u00e9cid\u00e9 de faire un \u00ab\u2009cadeau\u2009\u00bb aux automobilistes. Ces trois marques organisent une<strong> op\u00e9ration \u00ab\u2009carburant \u00e0 prix co\u00fbtant\u2009\u00bb<\/strong> ce vendredi\u00a019 et samedi 20\u00a0d\u00e9cembre 2025.<\/p>\n<p class=\" wall-content\">Cela signifie qu\u2019elles n\u2019appliqueront <strong>aucune marge<\/strong> \u00e0 la pompe. Voici dans quelles stations en profiter \u00e0 Nice et dans le d\u00e9partement.<\/p>\n<p>Un plein l\u00e9g\u00e8rement moins cher<\/p>\n<p class=\" wall-content\">Diesel, essence et m\u00eame super\u00e9thanol sont vendus moins cher durant deux jours. Rien d\u2019exceptionnel, mais faire son plein est un petit peu plus avantageux dans des centaines de stations-service \u00e0 travers la France. Avec cette op\u00e9ration, Intermarch\u00e9 et Leclerc proposent une \u00e9conomie de <strong>2 \u00e0 6 centimes<\/strong> par litre.<\/p>\n<p>Une station \u00e0 Nice<\/p>\n<p class=\" wall-content\">\u00c0 Nice, une seule station-service est concern\u00e9e par cette op\u00e9ration prix co\u00fbtant\u2009:<br \/>Il s\u2019agit du E. Leclerc du quartier Saint-Isidore, situ\u00e9 Boulevard du Mercantour, \u00e0 l\u2019ouest de la ville.<\/p>\n<p>    <a href=\"https:\/\/www.google.com\/maps\/embed?pb=!1m18!1m12!1m3!1d2884.081961123023!2d7.186606776805548!3d43.70884574882921!2m3!1f0!2f0!3f0!3m2!1i1024!2i768!4f13.1!3m3!1m2!1s0x12cdd1fae807b679%3A0xd17e968d6ab72aef!2sE.Leclerc%20NICE%20SAINT%20ISIDORE!5e0!3m2!1sfr!2sfr!4v1766135552089!5m2!1sfr!2sfr\" title=\"Ouvrie le lien\" target=\"_blank\" rel=\"noopener\">Cliquez ici pour visualiser le contenu<\/a><\/p>\n<p>Dans les Alpes-Maritimes<\/p>\n<p class=\" wall-content\"><strong>Intermarch\u00e9<\/strong><\/p>\n<ul class=\" wall-content\">\n<li>Avenue du G\u00e9n\u00e9ral-de-Gaulle, Le\u00a0Cannet<\/li>\n<li>Rue Francis-Tonner, Cannes La Bocca<\/li>\n<li>Route de Cannes, Vallauris<\/li>\n<li>Zac de la Begude, Cantaron<\/li>\n<li>La Pointe, Blausasc<\/li>\n<li>Chemin Saint-Anne Valens, Saint-Vallier-de-Thiey<\/li>\n<li>Rond point de la Manda, Gatti\u00e8res<\/li>\n<li>Le Blejarde CD, Peymeinade<\/li>\n<li>CD9, La Roquette-sur-Siagne<\/li>\n<li>Avenue Nicolas-Aussel, Antibes (<a href=\"https:\/\/actu.fr\/provence-alpes-cote-d-azur\/antibes_06004\/pres-de-nice-un-voisin-squatteur-menace-et-degrade-ce-supermarche-son-directeur-est-a-bout_63591132.html\" target=\"_blank\" rel=\"noopener\">ferm\u00e9e pour cause de vandalisme<\/a>)<\/li>\n<li>Route de Nice, Le Rouret<\/li>\n<\/ul>\n<p class=\" wall-content\"><strong>E. Leclerc<\/strong><\/p>\n<ul class=\" wall-content\">\n<li>Chemin de l\u2019Orne, Grasse<\/li>\n<li>Chemin de St-Bernard, Vallauris<\/li>\n<li>Avenue Victor-Hugo, Cannes La Bocca<\/li>\n<\/ul>\n<p>Votre r\u00e9gion, votre actu !<\/p>\n<p>Recevez chaque jour les infos qui comptent pour vous.<\/p>\n<p>\t<a href=\"https:\/\/actu.fr\/newsletter\" class=\"ac-btn ac-btn--corner ac-btn--medium ac-btn--blue800\" target=\"_blank\" rel=\"noopener\">S&rsquo;incrire<\/a><\/p>\n<p class=\" wall-content\">Les stations E. Leclerc situ\u00e9es dans les aires d\u2019autoroute n\u2019appliquent <strong>pas cette remise<\/strong>.<\/p>\n<p class=\" wall-content\">Mais ce \u00ab\u2009cadeau\u2009\u00bb pr\u00e9c\u00e8de une mauvaise surprise pour les automobilistes maralpins. En effet, le 1er\u00a0janvier 2026, les prix des carburants \u00e0 la pompe <strong>devraient augmenter<\/strong> de 4 \u00e0 6 centimes par litre, suite \u00e0 l\u2019\u00e9volution du dispositif des \u00ab\u2009certificats d\u2019\u00e9conomies d\u2019\u00e9nergie\u2009\u00bb (CEE), selon l\u2019Union fran\u00e7aise des industries p\u00e9troli\u00e8res (Ufisp).\u200b<\/p>\n<p class=\" wall-content\">Personnalisez votre actualit\u00e9 en ajoutant vos villes et m\u00e9dias en favori avec <a href=\"https:\/\/moncompte.actu.fr\" title=\"D\u00e9couvez Mon Actu\" rel=\"nofollow noopener\" data-trk=\"{&quot;cta&quot;:{&quot;action&quot;:&quot;https:\\\/\\\/moncompte.actu.fr&quot;,&quot;category&quot;:&quot;mon compte&quot;,&quot;from&quot;:&quot;article footer&quot;,&quot;name&quot;:&quot;Mon actu&quot;,&quot;type&quot;:&quot;cta&quot;}}\" target=\"_blank\">Mon Actu<\/a>.<\/p>\n","protected":false},"excerpt":{"rendered":"Par Arthur Frand Publi\u00e9 le 19 d\u00e9c. 2025 \u00e0 10h38 Un petit coup de pouce avant de prendre&hellip;\n","protected":false},"author":2,"featured_media":610910,"comment_status":"","ping_status":"","sticky":false,"template":"","format":"standard","meta":{"footnotes":""},"categories":[2819],"tags":[1111,11,4996,1777,674,1011,27,2529,7755,12,2401,882,25,104],"class_list":{"0":"post-610909","1":"post","2":"type-post","3":"status-publish","4":"format-standard","5":"has-post-thumbnail","7":"category-nice","8":"tag-actu","9":"tag-actualites","10":"tag-carburants","11":"tag-eu","12":"tag-europe","13":"tag-fr","14":"tag-france","15":"tag-intermarche","16":"tag-leclerc","17":"tag-news","18":"tag-nice","19":"tag-provence-alpes-cote-dazur","20":"tag-republique-francaise","21":"tag-societe"},"share_on_mastodon":{"url":"https:\/\/pubeurope.com\/@fr\/115749767612279699","error":""},"_links":{"self":[{"href":"https:\/\/www.europesays.com\/fr\/wp-json\/wp\/v2\/posts\/610909","targetHints":{"allow":["GET"]}}],"collection":[{"href":"https:\/\/www.europesays.com\/fr\/wp-json\/wp\/v2\/posts"}],"about":[{"href":"https:\/\/www.europesays.com\/fr\/wp-json\/wp\/v2\/types\/post"}],"author":[{"embeddable":true,"href":"https:\/\/www.europesays.com\/fr\/wp-json\/wp\/v2\/users\/2"}],"replies":[{"embeddable":true,"href":"https:\/\/www.europesays.com\/fr\/wp-json\/wp\/v2\/comments?post=610909"}],"version-history":[{"count":0,"href":"https:\/\/www.europesays.com\/fr\/wp-json\/wp\/v2\/posts\/610909\/revisions"}],"wp:featuredmedia":[{"embeddable":true,"href":"https:\/\/www.europesays.com\/fr\/wp-json\/wp\/v2\/media\/610910"}],"wp:attachment":[{"href":"https:\/\/www.europesays.com\/fr\/wp-json\/wp\/v2\/media?parent=610909"}],"wp:term":[{"taxonomy":"category","embeddable":true,"href":"https:\/\/www.europesays.com\/fr\/wp-json\/wp\/v2\/categories?post=610909"},{"taxonomy":"post_tag","embeddable":true,"href":"https:\/\/www.europesays.com\/fr\/wp-json\/wp\/v2\/tags?post=610909"}],"curies":[{"name":"wp","href":"https:\/\/api.w.org\/{rel}","templated":true}]}}