{"id":610911,"date":"2025-12-20T03:27:17","date_gmt":"2025-12-20T03:27:17","guid":{"rendered":"https:\/\/www.europesays.com\/fr\/610911\/"},"modified":"2025-12-20T03:27:17","modified_gmt":"2025-12-20T03:27:17","slug":"bocquet-out-et-un-duo-rivere-cohen-un-changement-de-presidence-benefique-pour-les-aiglons","status":"publish","type":"post","link":"https:\/\/www.europesays.com\/fr\/610911\/","title":{"rendered":"Bocquet OUT et un duo Riv\u00e8re\/Cohen\u2026 un changement de pr\u00e9sidence b\u00e9n\u00e9fique pour les Aiglons ?"},"content":{"rendered":"<p>Nice : Bocquet OUT et un duo Riv\u00e8re\/Cohen\u2026 un changement de pr\u00e9sidence b\u00e9n\u00e9fique pour les Aiglons ? Sur le m\u00eame sujet<a href=\"https:\/\/rmcsport.bfmtv.com\/replay-emissions\/rothen-regale\/video-can-2025-objectif-pour-le-maroc-la-finale-relativise-rothen_VN-202512190880.html\" title=\"CAN 2025 : &quot;Objectif pour le Maroc ? La finale&quot; relativise Rothen\" target=\"_blank\" rel=\"noopener\"><img class=\"lozad\"  width=\"16\" height=\"9\" alt=\"CAN 2025 : &quot;Objectif pour le Maroc ? La finale&quot; relativise Rothen\"\/>7:26CAN 2025 : \u00ab\u00a0Objectif pour le Maroc ? La finale\u00a0\u00bb relativise Rothen<\/a><a href=\"https:\/\/rmcsport.bfmtv.com\/replay-emissions\/rothen-regale\/video-nice-bocquet-out-et-un-duo-rivere-cohen-un-changement-de-presidence-benefique-pour-les-aiglons_VN-202512190816.html\" title=\"Nice : Bocquet OUT et un duo Riv\u00e8re\/Cohen\u2026 un changement de pr\u00e9sidence b\u00e9n\u00e9fique pour les Aiglons ?\" target=\"_blank\" rel=\"noopener\"><img class=\"lozad\"  width=\"16\" height=\"9\" alt=\"Nice : Bocquet OUT et un duo Riv\u00e8re\/Cohen\u2026 un changement de pr\u00e9sidence b\u00e9n\u00e9fique pour les Aiglons ?\"\/>en lectureNice : Bocquet OUT et un duo Riv\u00e8re\/Cohen\u2026 un changement de pr\u00e9sidence b\u00e9n\u00e9fique pour les Aiglons ?<\/a><a href=\"https:\/\/rmcsport.bfmtv.com\/football\/video-psg-comment-il-va-repondre-a-cette-pression-dembele-un-prime-ephemere-et-deja-termine_VN-202512180840.html\" title=\"PSG : &quot;Comment il va r\u00e9pondre \u00e0 cette pression ?&quot;, Demb\u00e9l\u00e9, un prime \u00e9ph\u00e9m\u00e8re et d\u00e9j\u00e0 termin\u00e9 ? \" target=\"_blank\" rel=\"noopener\"><img class=\"lozad\"  width=\"16\" height=\"9\" alt=\"PSG : &quot;Comment il va r\u00e9pondre \u00e0 cette pression ?&quot;, Demb\u00e9l\u00e9, un prime \u00e9ph\u00e9m\u00e8re et d\u00e9j\u00e0 termin\u00e9 ? \"\/>14:25PSG : \u00ab\u00a0Comment il va r\u00e9pondre \u00e0 cette pression ?\u00a0\u00bb, Demb\u00e9l\u00e9, un prime \u00e9ph\u00e9m\u00e8re et d\u00e9j\u00e0 termin\u00e9 ?<\/a><a href=\"https:\/\/rmcsport.bfmtv.com\/replay-emissions\/rothen-regale\/video-as-gosier-lorient-ses-reves-en-coupe-de-france-son-retour-au-pays-claudio-beauvue-est-l-invite-de-rothen-s-enflamme_VN-202512180827.html\" title=\" AS Gosier-Lorient : Ses r\u00eaves en Coupe de France, son retour au pays, Claudio Beauvue est l&#039;invit\u00e9 de Rothen S&#039;enflamme\" target=\"_blank\" rel=\"noopener\"><img class=\"lozad\"  width=\"16\" height=\"9\" alt=\" AS Gosier-Lorient : Ses r\u00eaves en Coupe de France, son retour au pays, Claudio Beauvue est l'invit\u00e9 de Rothen S'enflamme\"\/>12:56AS Gosier-Lorient : Ses r\u00eaves en Coupe de France, son retour au pays, Claudio Beauvue est l&rsquo;invit\u00e9 de Rothen S&rsquo;enflamme<\/a><a href=\"https:\/\/rmcsport.bfmtv.com\/replay-emissions\/rothen-regale\/video-psg-chevalier-merite-de-rester-le-numero-1-estime-dugarry_VN-202512180800.html\" title=\"PSG : \u201cChevalier m\u00e9rite de rester le num\u00e9ro 1 !\u201d, estime Dugarry\" target=\"_blank\" rel=\"noopener\"><img class=\"lozad\"  width=\"16\" height=\"9\" alt=\"PSG : \u201cChevalier m\u00e9rite de rester le num\u00e9ro 1 !\u201d, estime Dugarry\"\/>11:45PSG : \u201cChevalier m\u00e9rite de rester le num\u00e9ro 1 !\u201d, estime Dugarry<\/a><a href=\"https:\/\/rmcsport.bfmtv.com\/replay-emissions\/rothen-regale\/video-psg-2025-mieux-que-le-barca-2009-ou-le-bayern-2020_VN-202512180765.html\" title=\"PSG 2025, mieux que le Bar\u00e7a 2009 ou le Bayern 2020 ?\" target=\"_blank\" rel=\"noopener\"><img class=\"lozad\"  width=\"16\" height=\"9\" alt=\"PSG 2025, mieux que le Bar\u00e7a 2009 ou le Bayern 2020 ?\"\/>18:50PSG 2025, mieux que le Bar\u00e7a 2009 ou le Bayern 2020 ?<\/a><a href=\"https:\/\/rmcsport.bfmtv.com\/replay-emissions\/rothen-regale\/video-psg-mbappe-voir-comment-l-histoire-se-termine-je-trouve-ca-dramatique-explique-rothen_VN-202512160825.html\" title=\"PSG \/ Mbapp\u00e9 : \u201cVoir comment l\u2019histoire se termine, je trouve \u00e7a dramatique\u201d, explique Rothen\" target=\"_blank\" rel=\"noopener\"><img class=\"lozad\"  width=\"16\" height=\"9\" alt=\"PSG \/ Mbapp\u00e9 : \u201cVoir comment l\u2019histoire se termine, je trouve \u00e7a dramatique\u201d, explique Rothen\"\/>11:53PSG \/ Mbapp\u00e9 : \u201cVoir comment l\u2019histoire se termine, je trouve \u00e7a dramatique\u201d, explique Rothen<\/a><a href=\"https:\/\/rmcsport.bfmtv.com\/replay-emissions\/rothen-regale\/video-psg-il-ne-faut-pas-mettre-de-la-concurrence-a-lucas-estime-pascal-olmeta_VN-202512160812.html\" title=\"PSG : \u201cIl ne faut pas mettre de la concurrence \u00e0 Lucas\u201d, estime Pascal Olmeta\" target=\"_blank\" rel=\"noopener\"><img class=\"lozad\"  width=\"16\" height=\"9\" alt=\"PSG : \u201cIl ne faut pas mettre de la concurrence \u00e0 Lucas\u201d, estime Pascal Olmeta\"\/>13:05PSG : \u201cIl ne faut pas mettre de la concurrence \u00e0 Lucas\u201d, estime Pascal Olmeta<\/a><a href=\"https:\/\/rmcsport.bfmtv.com\/replay-emissions\/rothen-regale\/video-psg-l-occasion-de-gagner-un-titre-qui-n-a-jamais-ete-gagne-en-france-souligne-rothen_VN-202512160787.html\" title=\"PSG : \u201cL&#039;occasion de gagner un titre qui n&#039;a jamais \u00e9t\u00e9 gagn\u00e9 en France\u201d, souligne Rothen\" target=\"_blank\" rel=\"noopener\"><img class=\"lozad\"  width=\"16\" height=\"9\" alt=\"PSG : \u201cL'occasion de gagner un titre qui n'a jamais \u00e9t\u00e9 gagn\u00e9 en France\u201d, souligne Rothen\"\/>20:57PSG : \u201cL&rsquo;occasion de gagner un titre qui n&rsquo;a jamais \u00e9t\u00e9 gagn\u00e9 en France\u201d, souligne Rothen<\/a><a href=\"https:\/\/rmcsport.bfmtv.com\/football\/ligue-1\/video-ligue-1-le-modele-economique-du-foot-francais-est-casse-insiste-textor_VN-202512150682.html\" title=\"Ligue 1 : &quot;Le mod\u00e8le (\u00e9conomique) du foot fran\u00e7ais est cass\u00e9&quot; insiste Textor\" target=\"_blank\" rel=\"noopener\"><img class=\"lozad\"  width=\"16\" height=\"9\" alt=\"Ligue 1 : &quot;Le mod\u00e8le (\u00e9conomique) du foot fran\u00e7ais est cass\u00e9&quot; insiste Textor\"\/>4:02Ligue 1 : \u00ab\u00a0Le mod\u00e8le (\u00e9conomique) du foot fran\u00e7ais est cass\u00e9\u00a0\u00bb insiste Textor<\/a><a href=\"https:\/\/rmcsport.bfmtv.com\/football\/ligue-1\/video-ol-une-decision-sportive-pas-financiere-textor-ressent-toujours-de-l-amertume-envers-la-dncg_VN-202512150671.html\" title=\"OL : &quot;Une d\u00e9cision sportive, pas financi\u00e8re&quot;, Textor ressent toujours de &quot;l&#039;amertume&quot; envers la DNCG\" target=\"_blank\" rel=\"noopener\"><img class=\"lozad\"  width=\"16\" height=\"9\" alt=\"OL : &quot;Une d\u00e9cision sportive, pas financi\u00e8re&quot;, Textor ressent toujours de &quot;l'amertume&quot; envers la DNCG\"\/>6:06OL : \u00ab\u00a0Une d\u00e9cision sportive, pas financi\u00e8re\u00a0\u00bb, Textor ressent toujours de \u00ab\u00a0l&rsquo;amertume\u00a0\u00bb envers la DNCG<\/a><a href=\"https:\/\/rmcsport.bfmtv.com\/replay-emissions\/rothen-regale\/video-om-c-est-trop-fragile-rothen-a-des-gros-doutes-pour-la-suite-de-la-saison_VN-202512150786.html\" title=\"OM : &quot;C&#039;est trop fragile&quot;, Rothen a &quot;des gros doutes&quot; pour la suite de la saison\" target=\"_blank\" rel=\"noopener\"><img class=\"lozad\"  width=\"16\" height=\"9\" alt=\"OM : &quot;C'est trop fragile&quot;, Rothen a &quot;des gros doutes&quot; pour la suite de la saison\"\/>12:51OM : \u00ab\u00a0C&rsquo;est trop fragile\u00a0\u00bb, Rothen a \u00ab\u00a0des gros doutes\u00a0\u00bb pour la suite de la saison<\/a><a href=\"https:\/\/rmcsport.bfmtv.com\/replay-emissions\/rothen-regale\/video-ol-aulas-kang-la-dncg-les-transferts-les-verites-de-textor-dans-rothen-s-enflamme_VN-202512150788.html\" title=\"OL, Aulas, Kang, la DNCG, les transferts... les v\u00e9rit\u00e9s de Textor dans &quot;Rothen S&#039;enflamme&quot;\" target=\"_blank\" rel=\"noopener\"><img class=\"lozad\"  width=\"16\" height=\"9\" alt=\"OL, Aulas, Kang, la DNCG, les transferts... les v\u00e9rit\u00e9s de Textor dans &quot;Rothen S'enflamme&quot;\"\/>1:07:44OL, Aulas, Kang, la DNCG, les transferts&#8230; les v\u00e9rit\u00e9s de Textor dans \u00ab\u00a0Rothen S&rsquo;enflamme\u00a0\u00bb<\/a><a href=\"https:\/\/rmcsport.bfmtv.com\/replay-emissions\/rothen-regale\/video-ol-les-fans-de-savent-pas-textor-se-justifie-dans-rothen-s-enflamme_VN-202512140277.html\" title=\"OL : &quot;Les fans de savent pas...&quot; Textor se justifie dans &quot;Rothen S&#039;enflamme&quot;\" target=\"_blank\" rel=\"noopener\"><img class=\"lozad\"  width=\"16\" height=\"9\" alt=\"OL : &quot;Les fans de savent pas...&quot; Textor se justifie dans &quot;Rothen S'enflamme&quot;\"\/>5:07OL : \u00ab\u00a0Les fans de savent pas&#8230;\u00a0\u00bb Textor se justifie dans \u00ab\u00a0Rothen S&rsquo;enflamme\u00a0\u00bb<\/a><a class=\"jumpToVideo\" target=\"_blank\"><img class=\"thumbnailPreview\"\/><\/a><\/p>\n","protected":false},"excerpt":{"rendered":"Nice : Bocquet OUT et un duo Riv\u00e8re\/Cohen\u2026 un changement de pr\u00e9sidence b\u00e9n\u00e9fique pour les Aiglons ? Sur&hellip;\n","protected":false},"author":2,"featured_media":610912,"comment_status":"","ping_status":"","sticky":false,"template":"","format":"standard","meta":{"footnotes":""},"categories":[2819],"tags":[1111,11,1777,674,1011,27,12,2401,882,25],"class_list":{"0":"post-610911","1":"post","2":"type-post","3":"status-publish","4":"format-standard","5":"has-post-thumbnail","7":"category-nice","8":"tag-actu","9":"tag-actualites","10":"tag-eu","11":"tag-europe","12":"tag-fr","13":"tag-france","14":"tag-news","15":"tag-nice","16":"tag-provence-alpes-cote-dazur","17":"tag-republique-francaise"},"share_on_mastodon":{"url":"https:\/\/pubeurope.com\/@fr\/115749771361991096","error":""},"_links":{"self":[{"href":"https:\/\/www.europesays.com\/fr\/wp-json\/wp\/v2\/posts\/610911","targetHints":{"allow":["GET"]}}],"collection":[{"href":"https:\/\/www.europesays.com\/fr\/wp-json\/wp\/v2\/posts"}],"about":[{"href":"https:\/\/www.europesays.com\/fr\/wp-json\/wp\/v2\/types\/post"}],"author":[{"embeddable":true,"href":"https:\/\/www.europesays.com\/fr\/wp-json\/wp\/v2\/users\/2"}],"replies":[{"embeddable":true,"href":"https:\/\/www.europesays.com\/fr\/wp-json\/wp\/v2\/comments?post=610911"}],"version-history":[{"count":0,"href":"https:\/\/www.europesays.com\/fr\/wp-json\/wp\/v2\/posts\/610911\/revisions"}],"wp:featuredmedia":[{"embeddable":true,"href":"https:\/\/www.europesays.com\/fr\/wp-json\/wp\/v2\/media\/610912"}],"wp:attachment":[{"href":"https:\/\/www.europesays.com\/fr\/wp-json\/wp\/v2\/media?parent=610911"}],"wp:term":[{"taxonomy":"category","embeddable":true,"href":"https:\/\/www.europesays.com\/fr\/wp-json\/wp\/v2\/categories?post=610911"},{"taxonomy":"post_tag","embeddable":true,"href":"https:\/\/www.europesays.com\/fr\/wp-json\/wp\/v2\/tags?post=610911"}],"curies":[{"name":"wp","href":"https:\/\/api.w.org\/{rel}","templated":true}]}}