{"id":610919,"date":"2025-12-20T03:31:19","date_gmt":"2025-12-20T03:31:19","guid":{"rendered":"https:\/\/www.europesays.com\/fr\/610919\/"},"modified":"2025-12-20T03:31:19","modified_gmt":"2025-12-20T03:31:19","slug":"girondins-cest-inquietant-lalerte-sur-un-effectif-trop-limite-de-bordeaux","status":"publish","type":"post","link":"https:\/\/www.europesays.com\/fr\/610919\/","title":{"rendered":"Girondins : \u201cC\u2019est inqui\u00e9tant\u201d, l\u2019alerte sur un effectif trop limit\u00e9 de Bordeaux"},"content":{"rendered":"<p><img decoding=\"async\" src=\"https:\/\/www.europesays.com\/fr\/wp-content\/uploads\/2025\/12\/671_fab011ca1358f54f7e70af35c14abaf3.jpg\" alt=\"Girondins : \u201cC\u2019est inqui\u00e9tant\u201d, l\u2019alerte sur un effectif trop limit\u00e9 de Bordeaux\" class=\"img-responsive mt-3\"\/><\/p>\n<p class=\"text-center mb-3\" style=\"font-size: 14px\">\u00a9 Iconsport<\/p>\n<p>      <strong>Effectif des Girondins de Bordeaux : blessures, manque de profondeur et choix contraints<\/strong><\/p>\n<p style=\"text-align: justify;\"><a href=\"https:\/\/www.webgirondins.com\/actualite-girondins-le-puy-bordeaux-quatre-absents-chez-les-girondins-en-coupe-de-france-131550\" target=\"_blank\" rel=\"noopener\">Quatre joueurs sont absents pour le 32e de finale de Coupe de France<\/a> (Openda, Ba Odru et Ciss\u00e9) face au Puy Foot 43.<\/p>\n<p style=\"text-align: justify;\">\u00c9coutez ses propos ou lisez-les :<\/p>\n<p>\u00a0<\/p>\n<p style=\"text-align: justify;\">Jonathan d&rsquo;Agostino dans le <a href=\"https:\/\/www.youtube.com\/watch?v=YIWjXM4U3cQ&amp;t=2316s\" target=\"_blank\" rel=\"noopener\">Talk sur WebGirondins<\/a> : \u00ab\u00a0On arrive en plein hiver, on a quand m\u00eame un gros d\u00e9but de saison. Il a fallu rattraper un peu le retard de la pr\u00e9paration, etc.<\/p>\n<p style=\"text-align: justify;\">Sur l&rsquo;aspect tactique, Irl\u00e8s a un peu le syst\u00e8me. Il reste quand m\u00eame sur un syst\u00e8me de jeu qui demande beaucoup d&rsquo;efforts avec un pressing assez haut. Donc, qu&rsquo;il y ait des coups de mou comme celui de Lud\u00e9ric \u00c9tond\u00e9, on sent tr\u00e8s bien qu&rsquo;il y a un peu de moins bien.<\/p>\n<p style=\"text-align: justify;\">Il y a des bless\u00e9s, je ne suis pas surpris. Par contre, on a de grosses limites dans cet effectif en termes de nombre et de qualit\u00e9.<\/p>\n<p style=\"text-align: justify;\">Trichard \u00e0 gauche, tu n&rsquo;as pas de rempla\u00e7ant. Quand Villette n&rsquo;\u00e9tait pas l\u00e0, Diagouraga le remplace, et ce n&rsquo;est pas un attaquant. Sur la gestion du lat\u00e9ral droit, c&rsquo;est peut-\u00eatre le gros point noir de la gestion du d\u00e9but de la saison. Jousselin est vraiment mis \u00e0 l&rsquo;\u00e9cart, El Hajjam, pour l&rsquo;instant, n&rsquo;est pas au niveau, Irl\u00e8s est oblig\u00e9 de mettre un milieu lat\u00e9ral droit (Diop). Et l\u00e0, tu vas te retrouver sur le prochain match face au Puy en Coupe de France avec Odru et Ba bless\u00e9. Diagouraga est incertain. Donc, au milieu, tu vas te retrouver avec un manque de solution alors que l\u00e0, c&rsquo;est le secteur o\u00f9, pourtant on a le plus de joueurs \u00e0 la base.<\/p>\n<p style=\"text-align: justify;\">\u00c7a montre bien qu&rsquo;il faut des joueurs polyvalents pour pallier aux probl\u00e8mes. C&rsquo;est une bonne id\u00e9e. Mais \u00e7a rappelle aussi qu&rsquo;en termes de quantit\u00e9, on est tr\u00e8s tr\u00e8s tr\u00e8s limite et c&rsquo;est plus \u00e7a qui est un peu inqui\u00e9tant.\u00a0\u00bb<\/p>\n<p>\u00c0 lire &gt;&gt; <strong><a href=\"https:\/\/www.webgirondins.com\/actualite-girondins-girondins-pourquoi-la-montee-en-ligue-3-depend-aussi-du-cheque-de-gerard-lopez-131546\" target=\"_blank\" rel=\"noopener\">Pourquoi la mont\u00e9e en Ligue 3 d\u00e9pend (aussi) du ch\u00e8que de G\u00e9rard Lopez<\/a><\/strong><\/p>\n<p>Notre podcast court \u00e0 \u00e9couter sur l&rsquo;actualit\u00e9 des Girondins :<\/p>\n<p>\u00a0<\/p>\n","protected":false},"excerpt":{"rendered":"\u00a9 Iconsport Effectif des Girondins de Bordeaux : blessures, manque de profondeur et choix contraints Quatre joueurs sont&hellip;\n","protected":false},"author":2,"featured_media":610920,"comment_status":"","ping_status":"","sticky":false,"template":"","format":"standard","meta":{"footnotes":""},"categories":[2817],"tags":[1111,11,898,5648,1997,3477,3235,1777,674,1011,27,1987,25459,7263,23791,12,2219,25,1447,8029],"class_list":{"0":"post-610919","1":"post","2":"type-post","3":"status-publish","4":"format-standard","5":"has-post-thumbnail","7":"category-bordeaux","8":"tag-actu","9":"tag-actualites","10":"tag-alerte","11":"tag-annee","12":"tag-bordeaux","13":"tag-cette","14":"tag-effectif","15":"tag-eu","16":"tag-europe","17":"tag-fr","18":"tag-france","19":"tag-girondins","20":"tag-inquietant","21":"tag-inquiete","22":"tag-limite","23":"tag-news","24":"tag-nouvelle-aquitaine","25":"tag-republique-francaise","26":"tag-situation","27":"tag-trop"},"share_on_mastodon":{"url":"https:\/\/pubeurope.com\/@fr\/115749787109762766","error":""},"_links":{"self":[{"href":"https:\/\/www.europesays.com\/fr\/wp-json\/wp\/v2\/posts\/610919","targetHints":{"allow":["GET"]}}],"collection":[{"href":"https:\/\/www.europesays.com\/fr\/wp-json\/wp\/v2\/posts"}],"about":[{"href":"https:\/\/www.europesays.com\/fr\/wp-json\/wp\/v2\/types\/post"}],"author":[{"embeddable":true,"href":"https:\/\/www.europesays.com\/fr\/wp-json\/wp\/v2\/users\/2"}],"replies":[{"embeddable":true,"href":"https:\/\/www.europesays.com\/fr\/wp-json\/wp\/v2\/comments?post=610919"}],"version-history":[{"count":0,"href":"https:\/\/www.europesays.com\/fr\/wp-json\/wp\/v2\/posts\/610919\/revisions"}],"wp:featuredmedia":[{"embeddable":true,"href":"https:\/\/www.europesays.com\/fr\/wp-json\/wp\/v2\/media\/610920"}],"wp:attachment":[{"href":"https:\/\/www.europesays.com\/fr\/wp-json\/wp\/v2\/media?parent=610919"}],"wp:term":[{"taxonomy":"category","embeddable":true,"href":"https:\/\/www.europesays.com\/fr\/wp-json\/wp\/v2\/categories?post=610919"},{"taxonomy":"post_tag","embeddable":true,"href":"https:\/\/www.europesays.com\/fr\/wp-json\/wp\/v2\/tags?post=610919"}],"curies":[{"name":"wp","href":"https:\/\/api.w.org\/{rel}","templated":true}]}}