{"id":61092,"date":"2025-04-29T06:07:08","date_gmt":"2025-04-29T06:07:08","guid":{"rendered":"https:\/\/www.europesays.com\/fr\/61092\/"},"modified":"2025-04-29T06:07:08","modified_gmt":"2025-04-29T06:07:08","slug":"les-ambassadeurs-stephanois-passent-au-stade-associatif","status":"publish","type":"post","link":"https:\/\/www.europesays.com\/fr\/61092\/","title":{"rendered":"Les Ambassadeurs St\u00e9phanois passent au stade associatif"},"content":{"rendered":"<p class=\"is-style-chapo\">Les statuts ont \u00e9t\u00e9 d\u00e9pos\u00e9s il y a quelques semaines. Jusque-l\u00e0 organis\u00e9s autour d\u2019un groupe sur le r\u00e9seau social LinkedIn \u2013 5\u00a0400 abonn\u00e9s \u2013, les Ambassadeurs St\u00e9phanois sont d\u00e9sormais une association loi 1901. Lanc\u00e9e il y a environ 2 ans, son activit\u00e9 cherche \u00e0 f\u00e9d\u00e9rer en France, voire \u00e0 l\u2019\u00e9tranger, les \u00ab\u00a0expatri\u00e9s\u00a0\u00bb de leur territoire d\u2019origine pour mieux le promouvoir. Entretien avec les deux premiers co-pr\u00e9sidents Marie Duverne Hanachowicz et Camille Brodhag.<\/p>\n<p><img fetchpriority=\"high\" decoding=\"async\" width=\"1024\" height=\"576\" src=\"https:\/\/www.europesays.com\/fr\/wp-content\/uploads\/2025\/04\/m-1024x576.jpg\" alt=\"\" class=\"wp-image-78800\"  \/>Marie Duverne Hanachowicz et Camille Brodhag. \u00a9Les Ambassadeurs St\u00e9phanois<\/p>\n<p>Nous vous imaginons venir de Saint-Etienne, sinon du Sud Loire\u00a0: pouvez-vous respectivement vous pr\u00e9senter\u00a0? \u00a0<\/p>\n<p><strong>Marie Duverne Hanachowicz\u00a0:<\/strong> \u00ab\u00a0Effectivement. Petite, j\u2019ai habit\u00e9 rue Bala\u00ff. Jusqu\u2019\u00e0 mes 17 ans, puis rue Basses-des-Rives. J\u2019ai pass\u00e9 le bac au lyc\u00e9e Saint-Michel \u00e0 Saint-Etienne. J\u2019y ai effectu\u00e9 mes \u00e9tudes de Droit jusqu\u2019\u00e0 la licence avant de poursuivre \u00e0 Lyon jusqu\u2019au DEA puis l\u2019\u00e9cole d\u2019avocats. J\u2019ai 45 ans et je travaille au sein du cabinet Lamy Lexel, sp\u00e9cialis\u00e9 dans le droit des affaires, les contentieux commerciaux, de propri\u00e9t\u00e9 intellectuelle, des cessions, etc. J\u2019en suis associ\u00e9e depuis 2013. Depuis, je suis partie m\u2019installer \u00e0 Paris pour y d\u00e9velopper notre entreprise. J\u2019y r\u00e9side m\u00eame si je suis tr\u00e8s souvent \u00e0 Lyon et aussi r\u00e9guli\u00e8rement en visite chez mes parents, aujourd\u2019hui \u00e0 Sury-le-Comtal.\u00a0\u00bb \u00a0\u00a0\u00a0\u00a0\u00a0<\/p>\n<p><strong>Camille Brodhag\u00a0:<\/strong> \u00ab Moi j\u2019ai grandi dans le quartier de La M\u00e9tare, j\u2019ai \u00e9t\u00e9 scolaris\u00e9 au Portail rouge avant de passer le bac \u00e0 Fauriel. J\u2019ai effectu\u00e9 mes \u00e9tudes sup\u00e9rieures \u00e0 Lyon dans les math\u00e9matiques, la Finance, avant de me sp\u00e9cialiser dans la transmission d\u2019entreprises et la strat\u00e9gie. J\u2019ai 42 ans et je travaille depuis 15 ans dans le conseil aux entreprises. J\u2019ai travaill\u00e9 \u00e0 Lyon et Paris o\u00f9 je suis install\u00e9 aussi. Je suis pass\u00e9 par plusieurs soci\u00e9t\u00e9s comme Visiativ et suis d\u00e9sormais le dirigeant de C Birds que j\u2019ai cr\u00e9\u00e9e et qui accompagne les strat\u00e9gies de croissance externe des PME et ETI.\u00a0\u00bb (Par ailleurs Camille Brodhag est le fils d\u2019une personnalit\u00e9 locale connue\u00a0: Christian Brodhag, ex politique et ing\u00e9nieur civil des Mines, Ndlr)<\/p>\n<p>Racontez-nous la gen\u00e8se des Ambassadeurs st\u00e9phanois<\/p>\n<p><strong>C.B.\u00a0:<\/strong> \u00ab En arrivant \u00e0 Paris il y a 15 ans, j\u2019ai \u00e9t\u00e9 frapp\u00e9 par la solidarit\u00e9 l\u00e0-bas des Bougnats (Auvergnats \u00ab\u00a0immigr\u00e9s\u00a0\u00bb \u00e0 Paris, Nldr), des Corses et des Bretons. Des \u00ab\u00a0diasporas\u00a0\u00bb organis\u00e9es au point de proposer des immeubles entiers pour loger les nouveaux venus\u00a0! Des groupes tr\u00e8s structur\u00e9s sur place  donc mais, aussi, tr\u00e8s b\u00e9n\u00e9fiques \u00e0 leurs territoires d\u2019origine. A Paris, il existait d\u00e9j\u00e0 un \u00e9cosyst\u00e8me st\u00e9phanois avec le Club des St\u00e9phanois \u00e0 Paris fond\u00e9 par Fran\u00e7ois Massardier et \u00c9douard Tissot qui avaient initi\u00e9 un super boulot allant dans ce sens. Mais son activit\u00e9 a eu du mal \u00e0 passer l\u2019apr\u00e8s Covid. C\u2019est plus ou moins dans cet \u00e9cosyst\u00e8me que l\u2019on s\u2019est connu avec Marie et d\u2019autres. Nous avions envie d\u2019aller plus loin, d\u00e9passer la seule sph\u00e8re parisienne, d\u2019en faire plus encore pour les expatri\u00e9s st\u00e9phanois et l\u2019image de leur territoire.\u00a0\u00bb \u00a0<\/p>\n<blockquote class=\"wp-block-quote is-layout-flow wp-block-quote-is-layout-flow\">\n<p>L\u2019image de ce territoire m\u00e9rite infiniment mieux qu\u2019une succession d\u2019actualit\u00e9s malheureuses.\u00a0<\/p>\n<\/blockquote>\n<p><strong>M.D.H.\u00a0:<\/strong> \u00ab\u00a0Cela a commenc\u00e9 il y a un peu plus de 2 ans par un groupe WhatsApp, puis d\u2019autres et de plus en plus d\u2019initiatives, de rencontres dans ce cadre qui attiraient toujours plus. Toutes les personnalit\u00e9s connues st\u00e9phanoises ou venant de la Loire, que nous contactions \u00e0 Paris pour des initiatives ont gentiment jou\u00e9 le jeu, fid\u00e8les \u00e0 notre r\u00e9putation de simplicit\u00e9, au fur et \u00e0 mesure o\u00f9 nous avancions. Avec le journaliste Louis <a href=\"https:\/\/www.if-saint-etienne.fr\/podcasts\/louis-laforge-ses-racines-et-ses-ailes\" target=\"_blank\" rel=\"noreferrer noopener\">Laforge<\/a> par exemple ou Roland Romeyer. Ou encore, chez les chefs Pierre et Fran\u00e7ois <a href=\"https:\/\/www.if-saint-etienne.fr\/videos\/pierre-gagnaire-le-gout-des-autres\" target=\"_blank\" rel=\"noreferrer noopener\">Gagnaire<\/a>, dans l\u2019une des \u00e9piceries du chroniqueur gastronomique de France T\u00e9l\u00e9visions Lo\u00efc Ballet, chez le charcutier Gilles Verot\u2026 \u00c0 Lyon aussi, des \u00e9v\u00e9nements sont organis\u00e9s comme \u2013 ce sera la 3e fois en juin \u2013 une soir\u00e9e aux Puces du canal chez Stephan Blanchet. Nous avons donc rapidement cr\u00e9\u00e9 une communaut\u00e9 digitale via le r\u00e9seau <a href=\"https:\/\/www.linkedin.com\/company\/les-ambassadeurs-st%C3%A9phanois\/posts\/?feedView=all\" target=\"_blank\" rel=\"noreferrer noopener\">LinkedIn<\/a> pour mieux faire vivre tout \u00e7a. Elle compte d\u00e9sormais pr\u00e8s de 5\u00a0400 abonn\u00e9s.\u00a0\u00bb<\/p>\n<p>Les ambitions des Ambassadeurs sont tr\u00e8s loin de se limiter \u00e0 des rencontres conviviales entre Lig\u00e9riens expatri\u00e9s, pouvez-vous les d\u00e9velopper\u00a0?<\/p>\n<p><strong>C.B.\u00a0:<\/strong> \u00ab\u00a0Il y a l\u2019id\u00e9e de cr\u00e9er un appui, une solidarit\u00e9 \u00e0 Paris, \u00e0 Lyon o\u00f9 \u00e9voluent d\u2019ailleurs 2 000 de nos membres ou partout o\u00f9 nous pourrons avoir des antennes, pour les nouveaux venus qu\u2019ils soient l\u00e0 pour leurs \u00e9tudes ou pour raison professionnelle. Souvent, ils se retrouvent trop perdus, trop isol\u00e9s dans leur nouvel environnement. Environ 600 de nos membres sont \u00e0 Paris mais il y en ailleurs dans le pays, en France \u2013 \u00e0 Rennes, \u00e0 Marseille, \u00e0 Avignon o\u00f9 est Richard Fournier, patron du Comptoir de Mathilde \u2013 et m\u00eame \u00e0 l\u2019\u00e9tranger. On esp\u00e8re que Marc Chalamet, le p\u00e8re de Thimoth\u00e9e Chalamet, nous cr\u00e9era une antenne depuis New-York\u00a0(rires) ! Il peut y avoir des actions de solidarit\u00e9<strong>*<\/strong>. Mais en f\u00e9d\u00e9rant, ce que nous souhaitons par-dessus tout, c\u2019est promouvoir l\u2019image de Saint-Etienne, de la Loire, voire Haute-Loire et des St\u00e9phanois qu\u2019ils y soient revenus, rest\u00e9s ou qu\u2019ils en soient partis. L\u2019image de ce territoire m\u00e9rite infiniment mieux que ce que vient de renvoyer une succession d\u2019actualit\u00e9s malheureuses\u00a0: l\u2019affaire \u00e0 la municipalit\u00e9, Casino ou maintenant les probl\u00e8mes de Verney-Carron. Les trains \u00e0 l\u2019heure sont bien plus nombreux mais ne se voient pas assez \u00e0 l\u2019\u00e9chelle nationale. Or, quand on observe tout le positif qu\u2019il y a \u00e0 v\u00e9hiculer\u2026 C\u2019est ce qui nous a fondamentalement motiv\u00e9.\u00a0\u00bb<\/p>\n<blockquote class=\"wp-block-quote is-layout-flow wp-block-quote-is-layout-flow\">\n<p>Le positif attire le positif\u00a0: et oui, il y a beaucoup \u00e0 dire dans ce domaine avec Saint-Etienne et la Loire.<\/p>\n<\/blockquote>\n<p><strong>M.D.H.\u00a0:<\/strong> \u00ab\u00a0Nous avons donn\u00e9 des rendez-vous r\u00e9guliers que nous r\u00e9alisons nous m\u00eames sur notre page LinkedIn\u00a0: outre les posts autour de nos rencontres\u00a0ou saluant une initiative positive de la Loire ou d\u2019une personne qui en est origine : il y a ce lexique gaga et des portraits en 5 questions de personnalit\u00e9s. Nous sommes des entrepreneurs, des gens de r\u00e9seaux, \u00e7a se ressent forc\u00e9ment dans notre mani\u00e8re d\u2019avancer. Mais en partageant, en s\u2019appuyant tous ensemble sur ces valeurs de simplicit\u00e9, d\u2019accessibilit\u00e9, de bienveillance si symptomatiques des St\u00e9phanois\u00a0! Le positif attire le positif\u00a0: et oui, il y a beaucoup \u00e0 dire dans ce domaine avec Saint-Etienne et la Loire. Des c\u00e9l\u00e9brit\u00e9s, des carri\u00e8res remarquables, de tr\u00e8s belles entreprises, une vie \u00e9conomique dynamique comme celle associative ou encore culturelle tr\u00e8s riche. Tout \u00e7a, tr\u00e8s loin des clich\u00e9s incessamment servis.\u00a0\u00bb<\/p>\n<p>Quelle est l\u2019utilit\u00e9 de passer au stade associatif\u00a0?<\/p>\n<p><strong>M.D.H.\u00a0:<\/strong> \u00ab\u00a0Tout cela prend de l\u2019ampleur et il \u00e9tait devenu n\u00e9cessaire \u00e0 plusieurs points de vue de franchir ce point. Nous avons directement port\u00e9 beaucoup de choses avec Camille, comme l\u2019animation de cette communaut\u00e9 digitale, ses interviews. Mais \u00e9tant donn\u00e9 que de plus en plus de bonnes volont\u00e9s proposant leurs comp\u00e9tences respectives nous appuient, se joignent \u00e0 nous,\u00a0c\u2019\u00e9tait le bon moment. Le cadre d\u2019une v\u00e9ritable association responsabilise, garantit de la continuit\u00e9. Mat\u00e9riellement, c\u2019est mieux pour g\u00e9rer des flux d\u2019argent li\u00e9s aux activit\u00e9s, la transparence etc.\u00a0: il nous fallait un compte bancaire.  Globalement, se structurer ainsi donne plus fermement un cap, des r\u00f4les pr\u00e9cis, une r\u00e9gularit\u00e9.\u00a0\u00bb \u00a0<\/p>\n<p><strong>C.B.\u00a0:<\/strong> \u00ab\u00a0Cela d\u00e9personnalise les choses et facilitera la future transmission de cette pr\u00e9sidence que nous avons voulue bic\u00e9phale et mixte dans nos statuts. Nous allons poursuivre cette mise en place avec un syst\u00e8me de cotisations, des nouveaux \u00e9v\u00e9nements etc. A ce sujet d\u2019ailleurs, en septembre, un grand gala sera organis\u00e9 \u00e0 Paris afin de mettre en valeur les St\u00e9phanois et ceux qui font vivre et rayonner la r\u00e9gion st\u00e9phanoise. Il aura lieu au S\u00e9nat gr\u00e2ce, \u00e0 l\u2019origine, \u00e0 notre rapprochement avec Herv\u00e9 Reynaud mais tous les s\u00e9nateurs de la Loire, quelle que soit leur couleur politique, sont associ\u00e9s \u00e0 l\u2019initiative. Nous sommes \u00e9videmment totalement apolitiques et ouverts \u00e0 tous ceux qui aiment Saint-Etienne, qu\u2019ils en viennent ou pas.\u00a0\u00bb<\/p>\n<p><strong>*<\/strong> <strong>A la suite des inondations et crues exceptionnelles du 17 octobre 2024 dans la vall\u00e9e du Gier, Les Ambassadeurs St\u00e9phanois ont pu <a href=\"https:\/\/www.if-saint-etienne.fr\/breves\/inondations-la-mobilisation-solidaire-continue\" target=\"_blank\" rel=\"noreferrer noopener\">r\u00e9unir<\/a> plusieurs milliers d\u2019euros pour aider les familles victimes sinistr\u00e9es.<\/strong><\/p>\n<p>Composition du bureau et du conseil d\u2019administration<\/p>\n<ul class=\"wp-block-list\">\n<li>Co-pr\u00e9sidente\u00a0et co-pr\u00e9sident : Marie Duverne Hanachowicz et Camille Brodhag.<\/li>\n<li>Secr\u00e9taire g\u00e9n\u00e9ral\u00a0: Jean-Alexis Bourgier Celle.<\/li>\n<li>Tr\u00e9sorier\u00a0: Emmanuel Ryz.<\/li>\n<li>Membres du conseil d\u2019administration : Camille Reynaud et Gauthier Lobbedez.<\/li>\n<\/ul>\n<p>Le conseil comme la communaut\u00e9 des membres a vocation \u00e0 grandir pour structurer chaque communaut\u00e9 d\u2019Ambassadeurs investie dans une mission (\u00e9v\u00e8nementiel, contenu digital, annuaire, Gala, entrepreneurs, etc.).<\/p>\n<p><strong>Contact\u00a0: lesambassadeursst\u00e9phnaois\u00a9gmail.com\u00a0; page <a href=\"https:\/\/www.linkedin.com\/company\/les-ambassadeurs-st%C3%A9phanois\/posts\/?feedView=all\" target=\"_blank\" rel=\"noreferrer noopener\">LinkedIn<\/a><\/strong><\/p>\n","protected":false},"excerpt":{"rendered":"Les statuts ont \u00e9t\u00e9 d\u00e9pos\u00e9s il y a quelques semaines. Jusque-l\u00e0 organis\u00e9s autour d\u2019un groupe sur le r\u00e9seau&hellip;\n","protected":false},"author":2,"featured_media":61093,"comment_status":"","ping_status":"","sticky":false,"template":"","format":"standard","meta":{"footnotes":""},"categories":[9653],"tags":[1111,11,4077,2430,15876,7819,1777,674,1011,27,15877,15878,12,25,15879,4001,15880],"class_list":{"0":"post-61092","1":"post","2":"type-post","3":"status-publish","4":"format-standard","5":"has-post-thumbnail","7":"category-saint-etienne","8":"tag-actu","9":"tag-actualites","10":"tag-association","11":"tag-auvergne-rhone-alpes","12":"tag-camille-brodhag","13":"tag-collectif","14":"tag-eu","15":"tag-europe","16":"tag-fr","17":"tag-france","18":"tag-les-ambassadeurs-stephanois","19":"tag-marie-duverne-hanachowicz","20":"tag-news","21":"tag-republique-francaise","22":"tag-reseau-stephanois","23":"tag-saint-etienne","24":"tag-ville-de-saint-etienne"},"share_on_mastodon":{"url":"https:\/\/pubeurope.com\/@fr\/114419757538902087","error":""},"_links":{"self":[{"href":"https:\/\/www.europesays.com\/fr\/wp-json\/wp\/v2\/posts\/61092","targetHints":{"allow":["GET"]}}],"collection":[{"href":"https:\/\/www.europesays.com\/fr\/wp-json\/wp\/v2\/posts"}],"about":[{"href":"https:\/\/www.europesays.com\/fr\/wp-json\/wp\/v2\/types\/post"}],"author":[{"embeddable":true,"href":"https:\/\/www.europesays.com\/fr\/wp-json\/wp\/v2\/users\/2"}],"replies":[{"embeddable":true,"href":"https:\/\/www.europesays.com\/fr\/wp-json\/wp\/v2\/comments?post=61092"}],"version-history":[{"count":0,"href":"https:\/\/www.europesays.com\/fr\/wp-json\/wp\/v2\/posts\/61092\/revisions"}],"wp:featuredmedia":[{"embeddable":true,"href":"https:\/\/www.europesays.com\/fr\/wp-json\/wp\/v2\/media\/61093"}],"wp:attachment":[{"href":"https:\/\/www.europesays.com\/fr\/wp-json\/wp\/v2\/media?parent=61092"}],"wp:term":[{"taxonomy":"category","embeddable":true,"href":"https:\/\/www.europesays.com\/fr\/wp-json\/wp\/v2\/categories?post=61092"},{"taxonomy":"post_tag","embeddable":true,"href":"https:\/\/www.europesays.com\/fr\/wp-json\/wp\/v2\/tags?post=61092"}],"curies":[{"name":"wp","href":"https:\/\/api.w.org\/{rel}","templated":true}]}}