{"id":610921,"date":"2025-12-20T03:32:13","date_gmt":"2025-12-20T03:32:13","guid":{"rendered":"https:\/\/www.europesays.com\/fr\/610921\/"},"modified":"2025-12-20T03:32:13","modified_gmt":"2025-12-20T03:32:13","slug":"le-prefet-de-haute-garonne-met-en-garde-ce-qui-est-interdit-dans-le-departement-pour-les-fetes-de-fin-dannee","status":"publish","type":"post","link":"https:\/\/www.europesays.com\/fr\/610921\/","title":{"rendered":"Le pr\u00e9fet de Haute-Garonne met en garde\u00a0: ce qui est interdit dans le d\u00e9partement pour les f\u00eates de fin d\u2019ann\u00e9e"},"content":{"rendered":"<p>\n                                                                    l&rsquo;essentiel<br \/>\n                                                                Afin d\u2019\u00e9viter les troubles \u00e0 l\u2019ordre public fin 2025, le pr\u00e9fet Pierre-Andr\u00e9 Durand impose des restrictions strictes en Haute-Garonne.\n                            <\/p>\n<p>Le pr\u00e9fet de la Haute-Garonne, Pierre-Andr\u00e9 Durand, encadre fermement les c\u00e9l\u00e9brations de fin d\u2019ann\u00e9e 2025 pour pr\u00e9venir tout d\u00e9bordement s\u00e9curitaire. Ces mesures d\u2019interdiction concernent principalement la distribution de carburant, la vente d\u2019alcool et l\u2019usage d\u2019engins pyrotechniques sur l\u2019ensemble du territoire d\u00e9partemental.<\/p>\n<p>Carburant et produits inflammables<\/p>\n<p>La pr\u00e9fecture interdit l\u2019achat, la vente au d\u00e9tail et le transport de carburant dans des r\u00e9cipients portables tels que des jerricans ou des bidons. Cette restriction s\u2019applique du lundi 22\u00a0d\u00e9cembre au vendredi 26\u00a0d\u00e9cembre 2025, puis du lundi 29\u00a0d\u00e9cembre 2025 au vendredi 2\u00a0janvier 2026. Seuls les produits destin\u00e9s au chauffage individuel \u00e9chappent \u00e0 cette r\u00e8gle.<\/p>\n<p>Consommation et vente d\u2019alcool<\/p>\n<p>Pour le passage \u00e0 la nouvelle ann\u00e9e, les autorit\u00e9s durcissent les r\u00e8gles concernant les boissons alcoolis\u00e9es. Du mercredi 31\u00a0d\u00e9cembre \u00e0 18h00 jusqu\u2019au vendredi 2\u00a0janvier 2026 \u00e0 8h, la vente \u00e0 emporter des alcools des troisi\u00e8me, quatri\u00e8me et cinqui\u00e8me groupes est proscrite. Par ailleurs, la consommation d\u2019alcool devient interdite sur la voie publique et dans les espaces ouverts au public durant cette p\u00e9riode.<\/p>\n<p>Feu d\u2019artifice<\/p>\n<p>L\u2019usage des feux d\u2019artifice fait l\u2019objet d\u2019une surveillance particuli\u00e8re entre le dimanche 21\u00a0d\u00e9cembre 2025 et le dimanche 4\u00a0janvier 2026. La vente, la d\u00e9tention et le transport des cat\u00e9gories F2 et F3 sont bannis sur la voie publique et \u00e0 proximit\u00e9 des habitations. Cette mesure ne concerne pas les professionnels ou particuliers pouvant justifier d\u2019un spectacle pyrotechnique d\u00e9clar\u00e9 ou d\u2019un feu d\u2019artifice autoris\u00e9 par un maire. Ces dispositifs visent \u00e0 garantir la tranquillit\u00e9 des citoyens durant les rassemblements de fin d\u2019ann\u00e9e.<\/p>\n","protected":false},"excerpt":{"rendered":"l&rsquo;essentiel Afin d\u2019\u00e9viter les troubles \u00e0 l\u2019ordre public fin 2025, le pr\u00e9fet Pierre-Andr\u00e9 Durand impose des restrictions strictes&hellip;\n","protected":false},"author":2,"featured_media":610922,"comment_status":"","ping_status":"","sticky":false,"template":"","format":"standard","meta":{"footnotes":""},"categories":[2816],"tags":[1111,11,1777,674,1011,27,329,2722,12,2680,25,7691,2312],"class_list":{"0":"post-610921","1":"post","2":"type-post","3":"status-publish","4":"format-standard","5":"has-post-thumbnail","7":"category-toulouse","8":"tag-actu","9":"tag-actualites","10":"tag-eu","11":"tag-europe","12":"tag-fr","13":"tag-france","14":"tag-france-monde","15":"tag-haute-garonne","16":"tag-news","17":"tag-occitanie","18":"tag-republique-francaise","19":"tag-su00e9curitu00e9","20":"tag-toulouse"},"share_on_mastodon":{"url":"https:\/\/pubeurope.com\/@fr\/115749791625765784","error":""},"_links":{"self":[{"href":"https:\/\/www.europesays.com\/fr\/wp-json\/wp\/v2\/posts\/610921","targetHints":{"allow":["GET"]}}],"collection":[{"href":"https:\/\/www.europesays.com\/fr\/wp-json\/wp\/v2\/posts"}],"about":[{"href":"https:\/\/www.europesays.com\/fr\/wp-json\/wp\/v2\/types\/post"}],"author":[{"embeddable":true,"href":"https:\/\/www.europesays.com\/fr\/wp-json\/wp\/v2\/users\/2"}],"replies":[{"embeddable":true,"href":"https:\/\/www.europesays.com\/fr\/wp-json\/wp\/v2\/comments?post=610921"}],"version-history":[{"count":0,"href":"https:\/\/www.europesays.com\/fr\/wp-json\/wp\/v2\/posts\/610921\/revisions"}],"wp:featuredmedia":[{"embeddable":true,"href":"https:\/\/www.europesays.com\/fr\/wp-json\/wp\/v2\/media\/610922"}],"wp:attachment":[{"href":"https:\/\/www.europesays.com\/fr\/wp-json\/wp\/v2\/media?parent=610921"}],"wp:term":[{"taxonomy":"category","embeddable":true,"href":"https:\/\/www.europesays.com\/fr\/wp-json\/wp\/v2\/categories?post=610921"},{"taxonomy":"post_tag","embeddable":true,"href":"https:\/\/www.europesays.com\/fr\/wp-json\/wp\/v2\/tags?post=610921"}],"curies":[{"name":"wp","href":"https:\/\/api.w.org\/{rel}","templated":true}]}}