{"id":610931,"date":"2025-12-20T03:37:23","date_gmt":"2025-12-20T03:37:23","guid":{"rendered":"https:\/\/www.europesays.com\/fr\/610931\/"},"modified":"2025-12-20T03:37:23","modified_gmt":"2025-12-20T03:37:23","slug":"marseille-repense-son-terminal-passagers","status":"publish","type":"post","link":"https:\/\/www.europesays.com\/fr\/610931\/","title":{"rendered":"Marseille repense son terminal passagers"},"content":{"rendered":"<p>Le Grand Port maritime de Marseille s\u2019appr\u00eate \u00e0 se doter d\u2019une nouvelle gare maritime d\u00e9di\u00e9e aux liaisons avec la Corse, un projet strat\u00e9gique confi\u00e9 \u00e0 R\u00e9my Marciano Architecture \u00e0 l\u2019issue d\u2019un concours restreint sur esquisse.<\/p>\n<p>Situ\u00e9e \u00e0 l\u2019articulation entre les Docks, la Halle J1 et la fa\u00e7ade maritime, la future gare accompagnera la restructuration des terminaux corses et participera pleinement au programme Le Phare, vaste plan de modernisation du port marseillais, port\u00e9 par <a href=\"https:\/\/www.laprovence.com\/article\/economie\/545664009624414\/l-architecte-corinne-vezzoni-et-eiffage-pressentis-pour-l-amenagement-du-phare-siege-du-grand-port-de-marseille\" target=\"_blank\" rel=\"noopener\">Corinne Vezzoni<\/a>.<\/p>\n<p>Le montant des travaux s\u2019\u00e9levant \u00e0 4,2\u00a0millions d\u2019euros (hors taxes) pour une surface de 835\u00a0m\u00b2, la gare sera livr\u00e9e au second semestre\u00a02028. \u00ab\u00a0La d\u00e9construction de l\u2019actuelle gare ouvre une opportunit\u00e9 rare\u00a0: concevoir un \u00e9quipement portuaire \u00e0 la fois performant, \u00e9volutif et durable, capable de r\u00e9pondre aux exigences actuelles tout en anticipant les besoins futurs des compagnies maritimes\u00a0\u00ab\u00a0, pr\u00e9cise R\u00e9my Marciano.<\/p>\n<p>Un projet \u00ab\u00a0tr\u00e8s unitaire, lisible et affirm\u00e9\u00a0\u00bb<\/p>\n<p>Le projet a vocation \u00e0 \u00ab\u00a0s\u2019inscrire dans le temps et \u00e0 participer \u00e0 poursuivre ce travail de fa\u00e7ade maritime, de lien entre la ville et le port\u00a0\u00bb, poursuit-il. L\u2019architecte a rappel\u00e9 que \u00ab\u00a0la barri\u00e8re du port a longtemps \u00e9t\u00e9 per\u00e7ue comme un obstacle pour la ville, mais que des initiatives comme <a href=\"https:\/\/www.laprovence.com\/article\/societe\/377546294460214\/et-si-on-imaginait-la-ville-de-demain-selon-larchitecte-rudy-ricciotti-il-faut-conserver-le-bati-comme-un-patrimoine-a-marseille\" target=\"_blank\" rel=\"noopener\">le Mucem<\/a> ou les Terrasses du Port ont d\u00e9j\u00e0 d\u00e9montr\u00e9 le succ\u00e8s de l\u2019ouverture du port aux Marseillais\u00a0\u00bb. La nouvelle gare s\u2019inscrit \u00ab\u00a0dans cette dynamique, en cr\u00e9ant notamment un parvis en continuit\u00e9 avec la place Verneuil, au nord des docks\u00a0\u00bb.<\/p>\n<p>Implant\u00e9e dans un environnement marqu\u00e9 par des infrastructures imposantes &#8211;\u00a0Docks, silos, halles portuaires, axes routiers\u00a0-, la gare devait, selon l\u2019\u00e9quipe de ma\u00eetrise d\u2019\u0153uvre, \u00eatre un b\u00e2timent capable de \u00ab\u00a0tenir l\u2019\u00e9chelle de ces mastodontes qui sont \u00e0 c\u00f4t\u00e9\u00a0\u00bb. Le cabinet Marciano a ainsi fait le choix d\u2019un projet \u00ab\u00a0tr\u00e8s unitaire, lisible et affirm\u00e9\u00a0\u00bb.<\/p>\n<p><img alt=\"La gare maritime pourra \u00e0 terme accueillir trois compagnies.\" loading=\"lazy\" decoding=\"async\" data-nimg=\"fill\" class=\" TwicCore_img__i9TC1 undefined  undefined\" style=\"position:absolute;height:100%;width:100%;left:0;top:0;right:0;bottom:0;object-fit:cover;color:transparent;background-size:cover;background-position:50% 50%;background-repeat:no-repeat;background-image:url(&quot;data:image\/svg+xml;charset=utf-8,%3Csvg xmlns='http:\/\/www.w3.org\/2000\/svg' %3E%3Cfilter id='b' color-interpolation-filters='sRGB'%3E%3CfeGaussianBlur stdDeviation='20'\/%3E%3CfeColorMatrix values='1 0 0 0 0 0 1 0 0 0 0 0 1 0 0 0 0 0 100 -1' result='s'\/%3E%3CfeFlood x='0' y='0' width='100%25' height='100%25'\/%3E%3CfeComposite operator='out' in='s'\/%3E%3CfeComposite in2='SourceGraphic'\/%3E%3CfeGaussianBlur stdDeviation='20'\/%3E%3C\/filter%3E%3Cimage width='100%25' height='100%25' x='0' y='0' preserveAspectRatio='xMidYMid slice' style='filter: url(%23b);' href='data:image\/png;base64,iVBORw0KGgoAAAANSUhEUgAAArwAAAFnCAYAAABEq5oyAAAQcUlEQVR4Ae3dP3SVZZ7A8eeSBIYZE3dPqkFjqYVQKG4F56zYgescStBzoAMbaXaAhmJctQB2t9DGOLVDSpwZodQCqgEsgMLZQwG4Uu1ZCP4ZEpK79\/cy8UQWSW7uv\/f+\/HzOuedCSN73Xorw5Zfnfd7G5ORkswAAQE7NdQUAABITvAAApCZ4AQBITfACAJCa4AUAIDXBCwBAaoIXAIDUBC8AAKkJXgAAUhO8AACkJngBAEhN8AIAkJrgBQAgNcELAEBqghcAgNQELwAAqQleAABSE7wAAKQmeAEASE3wAgCQmuAFACA1wQsAQGqCFwCA1AQvAACpCV4AAFITvAAApCZ4AQBITfACAJCa4AUAIDXBCwBAaoIXAIDUBC8AAKkJXgAAUhO8AACkJngBAEhN8AIAkJrgBQAgNcELAEBqghcAgNQELwAAqQleAABSE7wAAKQmeAEASE3wAgCQmuAFACA1wQsAQGqCFwCA1AQvAACpCV4AAFITvAAApCZ4AQBITfACAJCa4AUAIDXBCwBAaoIXAIDUBC8AAKkJXgAAUhO8AACkJngBAEhN8AIAkJrgBQAgNcELAEBqghcAgNQELwAAqQleAABSE7wAAKQmeAEASE3wAgCQmuAFACA1wQsAQGqCFwCA1AQvAACpCV4AAFITvAAApCZ4AQBITfACAJCa4AUAIDXBCwBAaoIXAIDUBC8AAKkJXgAAUhO8AACkJngBAEhN8AIAkJrgBQAgNcELAEBqghcAgNQELwAAqQleAABSE7wAAKQmeAEASE3wAgCQmuAFACA1wQsAQGqCFwCA1AQvAACpCV4AAFITvAAApCZ4AQBITfACAJCa4AUAIDXBCwBAaoIXAIDUBC8AAKkJXgAAUhO8AACkJngBAEhN8AIAkJrgBQAgNcELAEBqghcAgNQELwAAqQleAABSE7wAAKQmeAEASE3wAgCQmuAFACA1wQsAQGqCFwCA1AQvAACpCV4AAFITvAAApCZ4AQBITfACAJCa4AUAIDXBCwBAaoIXAIDUBC8AAKkJXgAAUhO8AACkJngBAEhN8AIAkJrgBQAgNcELAEBqghcAgNQELwAAqQleAABSGy0APzONRuORH282mwWAfAQvkNJS1E5MTJRnnnmmbNmypfp1PKamph75NTdv3iyzs7PV840bN8qVK1eqjwthgOEmeIE0InIjZnft2lWef\/75sn379p+M29W4c+dOFb1nz54tZ86cqUJY\/AIMn8bk5KTv3sDQisjdvHlz2blzZ9m7d29HgbuS8+fPl5mZmeohfAGGRlPwAkMpQjcmuQcOHCjbtm1b8fNv375dTWtjqUKIJQ7xWIs4zr59+344FgC1JniB4RKhu2fPnnL48OFqbe5KInSnp6erR6zPXe69994rBw8eLGsRyx12795dLl++XACoNcELDIcI3ZjkRuiuZqIbrl+\/XkVprL19lFj+8MUXX5S1Er0AQ0HwAvX35JNPliNHjrQ9jX3hhRd+MnaXXLt2rTr+WsWyhh07dlTxC0AtNd14Aqi1WLZw+vTptmP3xIkTK8ZueHiZQ7vi9a11WQQA\/SF4gdqKi8o+++yzti8ui2nrqVOnVvW53ViOEGuKAagvwQvUUuzAEJPdtSw3iH1zVzPdDZ1OeENMeXu5HRoAnRG8QO3ERPeDDz5Y89ra1U53Q7e2FlvrFmcA9J7gBWplac3uWmM3ljPEDSJWa7WT4JV0cuEbAL0leIHamJiY6Ch2QzuxG9w8AiA\/wQvUxtGjR1d1M4nHaTd4465p3SCcAepL8AK18Oqrr3Zle692A7bdJRDdOi8A\/SN4gVp45513Sjes5QYQZ86cKZ2IYHbjCYD6ErzAwMU+tp0uZViylknrzMxMuX37dlmr6enpAkB9CV5g4OK2wd2w1nW0MZ09dOhQaTbbu9N6fP7x48c7nhAD0FuCFxiobdu2dW2628kWYxGt+\/fvL9evX18xfOPPYyJ87NixcvLkyQJAvY0WgAGq0215I3rPnTtX3eVt586dVYgv3yItJsFxK+KrV69WN7foxl3aAOi9xuTkZHs\/wwPoomvXrnXtpg0RrPv27SsAsEzTkgZgYGI5QzfvUGanBAAeRfACAxNLBwCg1wQvMDCbN28uANBrghcYGMELQD8IXmAgYu1uN9fvAsBPsS0ZMBDZp7uNR3zs14uNMr5YyrP3W8+t338+1ixfj6x+o5w45njrGL9edoz4\/d11zXKrNb74uvX819EHx+t0+53Gstf83P0Hrzt+HeI88br\/a6RU57bVD1B3ghegTQ\/HbETnE63nCMMnWmG4qfX7eIw3W88L8fzgYw8b33i\/TP9yoax0rq3zjbL1\/rqy495IeW6h8djPjxi9MLZYPtq4UP57pL0UXQrql+daj\/mR8tL8g\/fwOF+2zvFx6338ecOi8AVqS\/ACA9Gtu6v1w1IExkR108K6HwJ2KWZXisK1iCO+dm9d6xHhufrVZ\/G6ftP6mh1zI+XDX94vf\/jFwqrOFe\/l9b+NVOds5\/1EgP\/bN2Pl4HfNcnBivu3IBugHwQuwgpdak9u3vx0r3c\/a\/29povt2KyIfNRVerQjxw9+OVs\/TG386ep9qBevB70eqsO7EU63X+oc768uBibny5ajoBerFRWtAGr2aGn+2frH863hrermutyEX8fnR7Fj5\/ez6jmJ3uTe\/G60mtw+Lo7\/R+vipO2Mdx+6SidZfz0fx2hf68V8DgNUTvEAavdz1IaL3wJPz5ZMNC11fqxp5+Prf47Od5QurFdE7viygl8L6t9UEuLtxGtH79rd+eAjUi+AF0piYmCi9FBeE\/e6J++U\/ftW96J1ohejvvhn9+\/KD3kxGY1nD6\/cefLuPaW6vwnrJ1tax44I3gLrw33BgIO7cuVO6rV8Xwn38i\/vlbqNZ3v6ms2+hccFXxGe3li88zhvfPwjqN77vzvKFx3kwsR4tF8bmC0AdmPACA3Hjxo3SC1NTU6Uf\/rhhoZr4diJ2UliK3eZjHt0QU96l2O31ucLWef+8APVhwgsMRC8mvGHLli3l5s2bpR9iN4JNc51NZ\/8yulgd59ZIs3xT4oYOP\/7zZ2O7sFaoPtWFKXAE+l\/GFqubU8S57raa9O6yw0YUvzz3YCu0Ts8Wx4obVdzq8YV+AKsheIGBiCiN6O32hWb9mvCGWNbQiQjQuBDucS6MlfL5+sXy+y4sfYgL7\/79V\/dX\/JyLY50v1whxI45b6wUvMHh+5gQMTC8msdu2bSvZRBh\/vHHlG0isZHyV7fmnDQvlQmvy3PH5Oj8EQFcIXmBgzp8\/X7otY\/CGiNBOrXYXiGaXzgdQF4IXGJgrV66UboslEhmjN9ba3u1wCcV4G1\/+VwvegEQELzAwZ86cKb2wa9euktHdPm5te9fFZkAighcYmLhorRfLGvbs2dPTu64BMFwELzBQvZjyRuwePny4AEAQvMBAzczM9GRP3jfffLNs3769AIDgBQYqYjeitxfef\/\/9vt1uGID6ErzAwH344YelFyJ2T58+LXoBfuYELzBwcQOKEydOlF6I2L106VI5cuRIaTQa1aMT8fWxRjiOl3XPX4BsBC9QC9PT0+X69eulVyJQL168WC1z2LJlyw\/x+7gAXv458TWxLjgmxteuXauON2VyDDAUbC0O1EKs5T106FD55JNPSq\/EtDcee\/fuLTdu3Kgmy5cvXy6zs7Plq6+++tHnPv3002VqaqoK3Xi2zRnA8BK8QG3EnrzHjx8vR48eLb22FL+dLEuYbUW6b6IA9WdJA1ArJ0+eLKdOnSp1F6+xV3eKA6C7BC9QO2+99VZto7fZbFZT6HiNAAwHP40DaimCMtb1Hjx4sOOdFbrl9u3b1QQ6LrADYHgIXqC2jh07Vl1Y9u677w40emOqGxe37d+\/v3o9AAwXSxqAWotp6osvvljOnTtXhWe\/xVQ3wvuVV14RuwBDSvACtRehuXv37mqZQ+zV24\/wjdCNtboR25YwAAw3wQsMjZmZmbJ169ZqacGnn35ahW834zeOtTx0Y71u7NELwHCzhhcYOrEdWDzihhCxj+7OnTvL5s2bq311l6y05nd5KF+5cqXaA\/js2bPVMwC5CF5gaMVSh5j6xiNMTExUd0aL+I1fRxCHpRCOu6uFmNpevXq1+v3SndYAyEvwAmlEuMaE1pQWgOWs4QUAIDXBCwBAaoIXAIDUBC8AAKkJXgAAUhO8AACkJngBAEhN8AIAkJrgBQAgNcELsEabFhqlE+PNzr6+l8YXO39tdX5\/wM+L4AVYo02LnQZve2HZ6fnaCfQnmqUjcabnFgQvUA+CF6BNkXG\/\/W604wANr82tKysdJf789b+NlE7F6\/2n+caqzvebe53\/8\/DavZHWY+X3B9BrjcnJyQ7\/Hw+Q30QrFp9dKOXluZEqBrv54\/o\/blgon69fLBdHm2V2XfNH5\/znuUbZMb+u7JjrPHiXn+9PrcfFsWZZ\/g9ABPGO1vniPb403715yNet93RhbLE676WHzgnQB03BC7AKl\/5nQ+mHvf8wV74caVbx+ef\/XV96KUL0X\/5xrvr1y61J83\/eHSv98OLkvQLQR83RAsCKpjfeL\/1wt7H03Oz5OWeXDalvjTT78h5NWIBBMOEFACCzpovWAABITfACAJCa4AUAIDXBCwBAaoIXAIDUBC8AAKkJXgAAUhO8AACkJngBAEhN8AIAkJrgBQAgNcELAEBqghcAgNQELwAAqQleAABSE7wAAKQmeAEASE3wAgCQmuAFACA1wQsAQGqCFwCA1AQvAACpCV4AAFITvAAApCZ4AQBITfACAJCa4AUAIDXBCwBAaoIXAIDUBC8AAKkJXgAAUhO8AACkJngBAEhN8AIAkJrgBQAgNcELAEBqghcAgNQELwAAqQleAABSE7wAAKQmeAEASE3wAgCQmuAFACA1wQsAQGqCFwCA1AQvAACpCV4AAFITvAAApCZ4AQBITfACAJCa4AUAIDXBCwBAaoIXAIDUBC8AAKkJXgAAUhO8AACkJngBAEhN8AIAkJrgBQAgNcELAEBqghcAgNQELwAAqQleAABSE7wAAKQmeAEASE3wAgCQmuAFACA1wQsAQGqCFwCA1AQvAACpCV4AAFITvAAApCZ4AQBITfACAJCa4AUAIDXBCwBAaoIXAIDUBC8AAKkJXgAAUhO8AACkJngBAEhN8AIAkJrgBQAgNcELAEBqghcAgNQELwAAqQleAABSE7wAAKQmeAEASE3wAgCQmuAFACA1wQsAQGqCFwCA1AQvAACpCV4AAFITvAAApCZ4AQBITfACAJCa4AUAIDXBCwBAaoIXAIDUBC8AAKkJXgAAUhO8AACkJngBAEhN8AIAkJrgBQAgNcELAEBqghcAgNQELwAAqQleAABSE7wAAKQmeAEASE3wAgCQmuAFACA1wQsAQGqCFwCA1AQvAACpCV4AAFITvAAApCZ4AQBITfACAJCa4AUAIDXBCwBAaoIXAIDUBC8AAKkJXgAAUhO8AACkJngBAEhN8AIAkJrgBQAgNcELAEBqghcAgNQELwAAqQleAABSE7wAAKQmeAEASE3wAgCQmuAFACA1wQsAQGqCFwCA1AQvAACpCV4AAFIbbT2aBQAAcmr+HxOS2LXTZHzQAAAAAElFTkSuQmCC'\/%3E%3C\/svg%3E&quot;)\"   src=\"https:\/\/www.europesays.com\/fr\/wp-content\/uploads\/2025\/12\/la-gare-maritime-pourra-a-termes-accueillir-trois-compagnies-1766160004_10ac73aa3449604ac73aa3449c7a.jpeg\"\/>La gare maritime pourra \u00e0 terme accueillir trois compagnies. \/ PHOTO DR<\/p>\n<p>C\u00f4t\u00e9 ville, la gare pr\u00e9sentera une fa\u00e7ade volontairement \u00ab\u00a0un peu surdimensionn\u00e9e\u00a0\u00bb, rythm\u00e9e par de grands \u00e9l\u00e9ments verticaux en pierre massive formant un portique monumental. \u00ab\u00a0Cette fa\u00e7ade poreuse, inspir\u00e9e du rythme urbain existant, offrira des transparences vers la gare et le port, tout en structurant l\u2019espace public et en prolongeant la promenade urbaine\u00a0\u00bb.<\/p>\n<p>C\u00f4t\u00e9 port, le projet change d\u2019\u00e9chelle. La structure devient plus horizontale, plus souple, majoritairement en bois. Elle \u00e9voque l\u2019horizon maritime, l\u2019attente du d\u00e9part et le rapport direct \u00e0 la mer, tout en assurant une protection solaire efficace \u00e0 l\u2019Ouest, essentielle pour le confort des voyageurs.<\/p>\n<p>Le parcours voyageur, \u00ab\u00a0enti\u00e8rement lin\u00e9aire et intuitif, s\u2019organise autour d\u2019une grande rue int\u00e9rieure en double hauteur, capable d\u2019absorber les pics de fr\u00e9quentation sans rupture de flux. Guichets visibles depuis l\u2019espace public, espaces de contr\u00f4le dimensionn\u00e9s avec pr\u00e9cision, salle d\u2019attente ouverte sur le port\u00a0: l\u2019ensemble vise \u00e0 r\u00e9duire les temps de passage, am\u00e9liorer la s\u00e9curit\u00e9 et optimiser les conditions de travail des personnels\u00a0\u00bb.<\/p>\n<p>Mobilit\u00e9 et accessibilit\u00e9 au c\u0153ur du projet<\/p>\n<p>La question de la mobilit\u00e9 a \u00e9t\u00e9 une r\u00e9flexion structurante d\u00e8s l\u2019amont du projet. La future gare sera facilement accessible \u00e0 pied, en tramway ou en m\u00e9tro, permettant aux passagers d\u2019arriver directement depuis les transports en commun et d\u2019embarquer \u00ab\u00a0sans rupture de parcours\u00a0\u00bb.<\/p>\n<p>Con\u00e7u pour durer, le b\u00e2timent repose sur une structure capable d\u2019\u00e9voluer avec le march\u00e9. Sa trame r\u00e9p\u00e9titive permet d\u2019envisager des extensions futures, pouvant accueillir jusqu\u2019\u00e0 trois compagnies maritimes, sans remettre en cause l\u2019organisation initiale. Cap sur la sobri\u00e9t\u00e9 constructive, avec l\u2019usage combin\u00e9 de la pierre et du bois, l\u2019optimisation bioclimatique et la recherche d\u2019une labellisation environnementale participent enfin \u00e0 la ma\u00eetrise des co\u00fbts d\u2019exploitation, tout en r\u00e9pondant aux exigences contemporaines de durabilit\u00e9.<\/p>\n<p><a target=\"_self\" aria-label=\"Acc\u00e9der au dossier DSP Maritime\/A\u00e9rien\" class=\"w-full h-full flex flex-row rounded-lg\" data-xiti-chapter1=\"dossier\" data-xiti-chapter2=\"tag\" type=\"navigation\" href=\"https:\/\/www.corsematin.com\/dossiers\/125975\/dsp-maritime-aerien\" rel=\"noopener\"><img alt=\"Illustration du dossier DSP Maritime\/A\u00e9rien\" loading=\"lazy\" decoding=\"async\" data-nimg=\"fill\" class=\"rounded-lg\" style=\"position:absolute;height:100%;width:100%;left:0;top:0;right:0;bottom:0;object-fit:cover;color:transparent\"   src=\"https:\/\/www.europesays.com\/fr\/wp-content\/uploads\/2025\/12\/Nos dossiers.jpg\"\/><\/a><\/p>\n","protected":false},"excerpt":{"rendered":"Le Grand Port maritime de Marseille s\u2019appr\u00eate \u00e0 se doter d\u2019une nouvelle gare maritime d\u00e9di\u00e9e aux liaisons avec&hellip;\n","protected":false},"author":2,"featured_media":610932,"comment_status":"","ping_status":"","sticky":false,"template":"","format":"standard","meta":{"footnotes":""},"categories":[2814],"tags":[17,1111,11,1777,674,1011,27,27448,9773,884,12,13642,882,35047,25,3711,7729,800],"class_list":{"0":"post-610931","1":"post","2":"type-post","3":"status-publish","4":"format-standard","5":"has-post-thumbnail","7":"category-marseille","8":"tag-17","9":"tag-actu","10":"tag-actualites","11":"tag-eu","12":"tag-europe","13":"tag-fr","14":"tag-france","15":"tag-liaisons","16":"tag-maritimes","17":"tag-marseille","18":"tag-news","19":"tag-passagers","20":"tag-provence-alpes-cote-dazur","21":"tag-repense","22":"tag-republique-francaise","23":"tag-son","24":"tag-terminal","25":"tag-transports"},"share_on_mastodon":{"url":"https:\/\/pubeurope.com\/@fr\/115749810957471219","error":""},"_links":{"self":[{"href":"https:\/\/www.europesays.com\/fr\/wp-json\/wp\/v2\/posts\/610931","targetHints":{"allow":["GET"]}}],"collection":[{"href":"https:\/\/www.europesays.com\/fr\/wp-json\/wp\/v2\/posts"}],"about":[{"href":"https:\/\/www.europesays.com\/fr\/wp-json\/wp\/v2\/types\/post"}],"author":[{"embeddable":true,"href":"https:\/\/www.europesays.com\/fr\/wp-json\/wp\/v2\/users\/2"}],"replies":[{"embeddable":true,"href":"https:\/\/www.europesays.com\/fr\/wp-json\/wp\/v2\/comments?post=610931"}],"version-history":[{"count":0,"href":"https:\/\/www.europesays.com\/fr\/wp-json\/wp\/v2\/posts\/610931\/revisions"}],"wp:featuredmedia":[{"embeddable":true,"href":"https:\/\/www.europesays.com\/fr\/wp-json\/wp\/v2\/media\/610932"}],"wp:attachment":[{"href":"https:\/\/www.europesays.com\/fr\/wp-json\/wp\/v2\/media?parent=610931"}],"wp:term":[{"taxonomy":"category","embeddable":true,"href":"https:\/\/www.europesays.com\/fr\/wp-json\/wp\/v2\/categories?post=610931"},{"taxonomy":"post_tag","embeddable":true,"href":"https:\/\/www.europesays.com\/fr\/wp-json\/wp\/v2\/tags?post=610931"}],"curies":[{"name":"wp","href":"https:\/\/api.w.org\/{rel}","templated":true}]}}