{"id":610933,"date":"2025-12-20T03:38:15","date_gmt":"2025-12-20T03:38:15","guid":{"rendered":"https:\/\/www.europesays.com\/fr\/610933\/"},"modified":"2025-12-20T03:38:15","modified_gmt":"2025-12-20T03:38:15","slug":"gaz-hilarant-face-aux-derives-la-prefecture-du-rhone-bannit-le-protoxyde-dazote","status":"publish","type":"post","link":"https:\/\/www.europesays.com\/fr\/610933\/","title":{"rendered":"Gaz hilarant :\u00a0face aux d\u00e9rives,\u00a0la pr\u00e9fecture du Rh\u00f4ne bannit le protoxyde d\u2019azote"},"content":{"rendered":"<p>La pr\u00e9f\u00e8te du Rh\u00f4ne, Fabienne Buccio, a sign\u00e9 ce vendredi 19 d\u00e9cembre un arr\u00eat\u00e9 visant \u00e0 encadrer strictement l\u2019usage du protoxyde d\u2019azote, plus connu sous le nom de\u00a0\u00ab\u00a0gaz hilarant.\u00a0\u00bb <\/p>\n<p>Le texte interdit\u00a0\u00ab\u00a0la d\u00e9tention, le port, le transport, l&rsquo;utilisation et la consommation de protoxyde d&rsquo;azote, sous quelque forme que ce soit [\u2026] \u00e0 des fins r\u00e9cr\u00e9atives d\u00e9tourn\u00e9es\u00a0\u00bb\u00a0sur \u00ab\u00a0l&rsquo;ensemble des voies et espaces publics du d\u00e9partement du Rh\u00f4ne.\u00a0\u00bb<\/p>\n<p>L\u2019interdiction est effective \u00ab\u00a0\u00e0 compter du 19 d\u00e9cembre 2025 jusqu&rsquo;au 19 juin 2026 inclus\u00a0\u00bb, pr\u00e9cise l\u2019arr\u00eat\u00e9 pr\u00e9fectoral. Les usages professionnels ou m\u00e9dicaux \u00ab\u00a0d\u00fbment justifi\u00e9s\u00a0\u00bb ne sont en revanche pas concern\u00e9s.<\/p>\n<p>Dans son arr\u00eat\u00e9, la pr\u00e9fecture rappelle que le protoxyde d\u2019azote est \u00ab\u00a0depuis quelque temps d\u00e9tourn\u00e9 de [ses] usages l\u00e9gaux et initiaux pour ses propri\u00e9t\u00e9s euphorisantes\u00a0\u00bb, un ph\u00e9nom\u00e8ne \u00ab\u00a0identifi\u00e9 depuis de nombreuses ann\u00e9es\u00a0\u00bb et qui conna\u00eet \u00ab\u00a0depuis 2019 une recrudescence inqui\u00e9tante chez les jeunes.\u00a0\u00bb<\/p>\n<p>Les autorit\u00e9s sanitaires alertent sur \u00ab\u00a0des risques imm\u00e9diats\u00a0\u00bb comme \u00ab\u00a0l\u2019asphyxie par manque d\u2019oxyg\u00e8ne, la perte de connaissance, [ou] les br\u00fblures par le froid du gaz expuls\u00e9,\u00a0\u00bb mais aussi sur des cons\u00e9quences plus graves en cas d\u2019usage r\u00e9p\u00e9t\u00e9, notamment \u00ab\u00a0l\u2019atteinte de la moelle \u00e9pini\u00e8re, la carence en vitamine B12, [ou] les AVC.\u00a0\u00bb<\/p>\n<p>Quatre accidents mortels<\/p>\n<p>L\u2019arr\u00eat\u00e9 souligne \u00e9galement les impacts sur l\u2019ordre public. La pratique \u00ab\u00a0se d\u00e9veloppe massivement et r\u00e9guli\u00e8rement en divers lieux de l&rsquo;espace public\u00a0\u00bb, g\u00e9n\u00e9rant \u00ab\u00a0des troubles \u00e0 la s\u00e9curit\u00e9, \u00e0 la tranquillit\u00e9 et \u00e0 la salubrit\u00e9 publiques\u00a0\u00bb, avec des\u00a0\u00bbnuisances sonores, des attroupements et des rixes.\u00a0\u00bb<\/p>\n<p>Les forces de l\u2019ordre font aussi \u00e9tat de faits de violences, de d\u00e9gradations et d\u2019infractions routi\u00e8res \u00ab\u00a0dans lesquels la consommation de protoxyde d\u2019azote a \u00e9t\u00e9 en jeu.\u00a0\u00bb Le texte mentionne notamment \u00ab\u00a0quatre accidents de la route mortels survenus dans le d\u00e9partement du Rh\u00f4ne\u00a0\u00bb entre 2021 et 2025, avec la pr\u00e9sence de ballons ou de bonbonnes dans les v\u00e9hicules.<\/p>\n<p>Sur le plan environnemental, la pr\u00e9fecture \u00e9voque une \u00ab\u00a0pollution environnementale r\u00e9currente, visible et incitative\u00a0\u00bb, li\u00e9e \u00e0 \u00ab\u00a0l\u2019abandon sauvage de contenants\u00a0\u00bb dans les parcs, jardins et \u00ab\u00a0aux abords des \u00e9tablissements scolaires.\u00a0\u00bb En 2023, \u00ab\u00a025 tonnes de bonbonnes de gaz hilarant ont \u00e9t\u00e9 collect\u00e9es sur la M\u00e9tropole de Lyon\u00a0\u00bb, et \u00ab\u00a0plus de 7 tonnes\u00a0\u00bb en 2024.<\/p>\n<p>L\u2019arr\u00eat\u00e9 rappelle par ailleurs l\u2019interdiction de vendre ou d\u2019offrir du protoxyde d\u2019azote \u00e0 un mineur, \u00ab\u00a0quel qu\u2019en soit le conditionnement \u00a0\u00bb ainsi que l\u2019obligation pour le vendeur \u00ab\u00a0d\u2019exiger la preuve de la majorit\u00e9 du cessionnaire.\u00a0\u00bb Le d\u00e9p\u00f4t ou l\u2019abandon de cartouches et bonbonnes sur la voie publique est \u00e9galement prohib\u00e9.<\/p>\n<p>En cas d\u2019infraction, \u00ab\u00a0les forces de l\u2019ordre sont autoris\u00e9es \u00e0 proc\u00e9der \u00e0 la saisie des contenants de protoxyde d\u2019azote.\u00a0\u00bb Les contrevenants s\u2019exposent \u00e0 des poursuites \u00ab\u00a0conform\u00e9ment aux lois et r\u00e8glements en vigueur.\u00a0\u00bb<\/p>\n","protected":false},"excerpt":{"rendered":"La pr\u00e9f\u00e8te du Rh\u00f4ne, Fabienne Buccio, a sign\u00e9 ce vendredi 19 d\u00e9cembre un arr\u00eat\u00e9 visant \u00e0 encadrer strictement&hellip;\n","protected":false},"author":2,"featured_media":610934,"comment_status":"","ping_status":"","sticky":false,"template":"","format":"standard","meta":{"footnotes":""},"categories":[1889],"tags":[1111,11,2813,2190,2430,1109,251,1112,2811,1777,674,118,1011,27,1922,1110,1114,2428,2810,12,241,316,25,2812,517,800],"class_list":{"0":"post-610933","1":"post","2":"type-post","3":"status-publish","4":"format-standard","5":"has-post-thumbnail","7":"category-lyon","8":"tag-actu","9":"tag-actualites","10":"tag-article","11":"tag-asvel","12":"tag-auvergne-rhone-alpes","13":"tag-breves","14":"tag-culture","15":"tag-depeches","16":"tag-economique","17":"tag-eu","18":"tag-europe","19":"tag-faits-divers","20":"tag-fr","21":"tag-france","22":"tag-info","23":"tag-informations","24":"tag-infos","25":"tag-lyon","26":"tag-lyonmag","27":"tag-news","28":"tag-ol","29":"tag-politique","30":"tag-republique-francaise","31":"tag-sociale","32":"tag-sport","33":"tag-transports"},"share_on_mastodon":{"url":"https:\/\/pubeurope.com\/@fr\/115749814732760731","error":""},"_links":{"self":[{"href":"https:\/\/www.europesays.com\/fr\/wp-json\/wp\/v2\/posts\/610933","targetHints":{"allow":["GET"]}}],"collection":[{"href":"https:\/\/www.europesays.com\/fr\/wp-json\/wp\/v2\/posts"}],"about":[{"href":"https:\/\/www.europesays.com\/fr\/wp-json\/wp\/v2\/types\/post"}],"author":[{"embeddable":true,"href":"https:\/\/www.europesays.com\/fr\/wp-json\/wp\/v2\/users\/2"}],"replies":[{"embeddable":true,"href":"https:\/\/www.europesays.com\/fr\/wp-json\/wp\/v2\/comments?post=610933"}],"version-history":[{"count":0,"href":"https:\/\/www.europesays.com\/fr\/wp-json\/wp\/v2\/posts\/610933\/revisions"}],"wp:featuredmedia":[{"embeddable":true,"href":"https:\/\/www.europesays.com\/fr\/wp-json\/wp\/v2\/media\/610934"}],"wp:attachment":[{"href":"https:\/\/www.europesays.com\/fr\/wp-json\/wp\/v2\/media?parent=610933"}],"wp:term":[{"taxonomy":"category","embeddable":true,"href":"https:\/\/www.europesays.com\/fr\/wp-json\/wp\/v2\/categories?post=610933"},{"taxonomy":"post_tag","embeddable":true,"href":"https:\/\/www.europesays.com\/fr\/wp-json\/wp\/v2\/tags?post=610933"}],"curies":[{"name":"wp","href":"https:\/\/api.w.org\/{rel}","templated":true}]}}