{"id":610939,"date":"2025-12-20T03:42:19","date_gmt":"2025-12-20T03:42:19","guid":{"rendered":"https:\/\/www.europesays.com\/fr\/610939\/"},"modified":"2025-12-20T03:42:19","modified_gmt":"2025-12-20T03:42:19","slug":"un-avion-milan-paris-deroute-durgence-a-lyon-air-france-reagit-ce-quil-sest-passe","status":"publish","type":"post","link":"https:\/\/www.europesays.com\/fr\/610939\/","title":{"rendered":"Un avion Milan-Paris d\u00e9rout\u00e9 d&rsquo;urgence \u00e0 Lyon, Air France r\u00e9agit : ce qu&rsquo;il s&rsquo;est pass\u00e9"},"content":{"rendered":"<p>                    Par<br \/>\n        <strong><br \/>\n            <a href=\"https:\/\/actu.fr\/auteur\/nicolas-zaugra\" title=\"Consulter tous les articles de Nicolas Zaugra\" target=\"_blank\" rel=\"noopener\">Nicolas Zaugra<\/a><br \/>\n                    <\/strong><\/p>\n<p>        Publi\u00e9 le<\/p>\n<p>            19 d\u00e9c. 2025 \u00e0 10h13<br \/>\n        ; mis \u00e0 jour le 19 d\u00e9c. 2025 \u00e0 12h45    <\/p>\n<p>Frayeur en vol <strong>entre Milan et Paris<\/strong> jeudi 18 d\u00e9cembre 2025. Un avion de la compagnie Air France, le vol AF1313, qui reliait l\u2019a\u00e9roport de Milan \u00e0 Roissy Charles-de-Gaulle en \u00cele-de-France a d\u00fb \u00eatre d\u00e9rout\u00e9 en urgence vers celui de <a href=\"https:\/\/actu.fr\/auvergne-rhone-alpes\/colombier-saugnieu_69299\/aeroport-de-lyon-cette-nouveaute-unique-au-monde-deployee-pour-faciliter-la-vie-des-passagers_63376328.html\" target=\"_blank\" rel=\"noopener\">Lyon Saint-Exup\u00e9ry<\/a> en raison d\u2019un incident \u00e0 bord.\u00a0<\/p>\n<p>Des fum\u00e9es dans le cockpit<\/p>\n<p class=\" wall-content\">Les sapeurs-pompiers du Rh\u00f4ne indiquent \u00e0 la r\u00e9daction d\u2019actu Lyon avoir \u00e9t\u00e9 alert\u00e9s de la situation. Il s\u2019agissait de fum\u00e9es qui s\u2019\u00e9chappaient du cockpit.\u00a0<\/p>\n<p class=\" wall-content\">Selon le <a href=\"https:\/\/www.leprogres.fr\/faits-divers-justice\/2025\/12\/18\/de-la-fumee-se-degage-du-cockpit-un-vol-milan-paris-deroute-a-lyon-saint-exupery\" target=\"_blank\" rel=\"noopener\">Progr\u00e8s<\/a>, plusieurs engins ont \u00e9t\u00e9 mobilis\u00e9s pour accueillir l\u2019avion qui s\u2019est pos\u00e9 aux alentours de 21h30, soit une heure apr\u00e8s son d\u00e9collage de l\u2019a\u00e9roport de Milan Linate.\u00a0<\/p>\n<p class=\" wall-content\">Les passagers ont \u00e9t\u00e9 d\u00e9barqu\u00e9s pour proc\u00e9der aux v\u00e9rifications. Cependant, l\u2019origine des fum\u00e9es n\u2019a pas \u00e9t\u00e9 trouv\u00e9e.<\/p>\n<p>Air France r\u00e9agit<\/p>\n<p class=\" wall-content\">Sollicit\u00e9e par actu Lyon \u00e0 la suite de cet incident, la compagnie Air France \u00ab\u00a0confirme que l\u2019\u00e9quipage du vol AF1313 du 18 d\u00e9cembre 2025, effectuant la liaison Milan-Linate \u2013 Paris-Charles de Gaulle en Airbus A318, a d\u00e9cid\u00e9 de se d\u00e9router vers l\u2019a\u00e9roport de Lyon en raison d\u2019une odeur de chaud ressentie en cabine\u00a0\u00bb.\u00a0<\/p>\n<p class=\" wall-content\">Cette d\u00e9cision a \u00e9t\u00e9 prise conform\u00e9ment aux proc\u00e9dures du constructeur, aux consignes de la compagnie et en application du principe de pr\u00e9caution.\u00a0<\/p>\n<p class=\" wall-content\">\u00ab\u00a0L\u2019avion a atterri normalement \u00e0 Lyon \u00e0 21h28 (heure locale)\u00a0\u00bb, pr\u00e9cise Air France. \u00ab\u00a0Les clients ont \u00e9t\u00e9 pris en charge par les \u00e9quipes d\u2019Air France \u00e0 l\u2019a\u00e9roport et achemin\u00e9s \u00e0 Paris-Charles de Gaulle par bus.\u00a0\u00bb<\/p>\n<p>Votre r\u00e9gion, votre actu !<\/p>\n<p>Recevez chaque jour les infos qui comptent pour vous.<\/p>\n<p>\t<a href=\"https:\/\/actu.fr\/newsletter\" class=\"ac-btn ac-btn--corner ac-btn--medium ac-btn--blue800\" target=\"_blank\" rel=\"noopener\">S&rsquo;incrire<\/a><\/p>\n<p class=\" wall-content\">Air France \u00ab\u00a0regrette les d\u00e9sagr\u00e9ments li\u00e9s \u00e0 cette situation et rappelle que la s\u00e9curit\u00e9 de ses clients et de ses membres d\u2019\u00e9quipage est son imp\u00e9ratif absolu\u00a0\u00bb.<\/p>\n<p class=\" wall-content\">Personnalisez votre actualit\u00e9 en ajoutant vos villes et m\u00e9dias en favori avec <a href=\"https:\/\/moncompte.actu.fr\" title=\"D\u00e9couvez Mon Actu\" rel=\"nofollow noopener\" data-trk=\"{&quot;cta&quot;:{&quot;action&quot;:&quot;https:\\\/\\\/moncompte.actu.fr&quot;,&quot;category&quot;:&quot;mon compte&quot;,&quot;from&quot;:&quot;article footer&quot;,&quot;name&quot;:&quot;Mon actu&quot;,&quot;type&quot;:&quot;cta&quot;}}\" target=\"_blank\">Mon Actu<\/a>.<\/p>\n","protected":false},"excerpt":{"rendered":"Par Nicolas Zaugra Publi\u00e9 le 19 d\u00e9c. 2025 \u00e0 10h13 ; mis \u00e0 jour le 19 d\u00e9c. 2025&hellip;\n","protected":false},"author":2,"featured_media":610940,"comment_status":"","ping_status":"","sticky":false,"template":"","format":"standard","meta":{"footnotes":""},"categories":[1888],"tags":[1111,1928,11,1927,12526,10045,1816,1777,674,1011,27,12,1926,626,1925,25,104],"class_list":{"0":"post-610939","1":"post","2":"type-post","3":"status-publish","4":"format-standard","5":"has-post-thumbnail","7":"category-paris","8":"tag-actu","9":"tag-actu-paris","10":"tag-actualites","11":"tag-actualites-paris","12":"tag-aeroport-lyon-saint-exupery","13":"tag-aeroport-roissy-charles-de-gaulle","14":"tag-air-france","15":"tag-eu","16":"tag-europe","17":"tag-fr","18":"tag-france","19":"tag-news","20":"tag-news-paris","21":"tag-paris","22":"tag-paris-news","23":"tag-republique-francaise","24":"tag-societe"},"share_on_mastodon":{"url":"https:\/\/pubeurope.com\/@fr\/115749830197617605","error":""},"_links":{"self":[{"href":"https:\/\/www.europesays.com\/fr\/wp-json\/wp\/v2\/posts\/610939","targetHints":{"allow":["GET"]}}],"collection":[{"href":"https:\/\/www.europesays.com\/fr\/wp-json\/wp\/v2\/posts"}],"about":[{"href":"https:\/\/www.europesays.com\/fr\/wp-json\/wp\/v2\/types\/post"}],"author":[{"embeddable":true,"href":"https:\/\/www.europesays.com\/fr\/wp-json\/wp\/v2\/users\/2"}],"replies":[{"embeddable":true,"href":"https:\/\/www.europesays.com\/fr\/wp-json\/wp\/v2\/comments?post=610939"}],"version-history":[{"count":0,"href":"https:\/\/www.europesays.com\/fr\/wp-json\/wp\/v2\/posts\/610939\/revisions"}],"wp:featuredmedia":[{"embeddable":true,"href":"https:\/\/www.europesays.com\/fr\/wp-json\/wp\/v2\/media\/610940"}],"wp:attachment":[{"href":"https:\/\/www.europesays.com\/fr\/wp-json\/wp\/v2\/media?parent=610939"}],"wp:term":[{"taxonomy":"category","embeddable":true,"href":"https:\/\/www.europesays.com\/fr\/wp-json\/wp\/v2\/categories?post=610939"},{"taxonomy":"post_tag","embeddable":true,"href":"https:\/\/www.europesays.com\/fr\/wp-json\/wp\/v2\/tags?post=610939"}],"curies":[{"name":"wp","href":"https:\/\/api.w.org\/{rel}","templated":true}]}}