{"id":610945,"date":"2025-12-20T03:46:16","date_gmt":"2025-12-20T03:46:16","guid":{"rendered":"https:\/\/www.europesays.com\/fr\/610945\/"},"modified":"2025-12-20T03:46:16","modified_gmt":"2025-12-20T03:46:16","slug":"lex-entraineur-dune-medaillee-de-voile-aux-jo-de-paris-2024-condamne-pour-agressions-sexuelles","status":"publish","type":"post","link":"https:\/\/www.europesays.com\/fr\/610945\/","title":{"rendered":"L&rsquo;ex-entra\u00eeneur d&rsquo;une m\u00e9daill\u00e9e de voile aux JO de Paris 2024 condamn\u00e9 pour agressions sexuelles"},"content":{"rendered":"<p>\n    Ce vendredi, l\u2019ancien entra\u00eeneur de Eugenia Bosco, m\u00e9daill\u00e9e olympique de voile aux Jeux Olympiques de Paris, a \u00e9t\u00e9 condamn\u00e9 \u00e0 six ans et demi de prison pour agressions sexuelles.<\/p>\n<p class=\"fig-paragraph\">L&rsquo;ancien entra\u00eeneur de la m\u00e9daill\u00e9e olympique argentine de voile aux JO 2024, Eugenia Bosco, a \u00e9t\u00e9 condamn\u00e9 vendredi \u00e0 six ans et demi de prison apr\u00e8s plusieurs plaintes de femmes pour agressions sexuelles durant leur adolescence.<\/p>\n<p class=\"fig-paragraph\">La justice argentine n&rsquo;a pas retenu les cas concernant Eugenia Bosco et une autre plaignante, consid\u00e9r\u00e9s comme prescrits, et a condamn\u00e9 Leandro Tulia pour trois agressions distinctes d\u00e9nonc\u00e9es par deux victimes, survenues entre 2012 et 2015. M. Tulia a travaill\u00e9 plus de deux d\u00e9cennies pour le Yacht club Olivos, au nord de Buenos Aires, o\u00f9 Eugenia Bosco et d&rsquo;autres enfants de 6 \u00e0 15 ans ont appris \u00e0 naviguer. Il est rest\u00e9 en poste jusqu&rsquo;en f\u00e9vrier dernier, quand il a \u00e9t\u00e9 arr\u00eat\u00e9 et plac\u00e9 en d\u00e9tention provisoire \u00e0 l&rsquo;\u00e2ge de 53 ans.<\/p>\n<p>                                            <a class=\"fig-a11y-skip\" href=\"#fig-a11y-skip-main-inarticle\" data-module=\"a11y-skip\" data-context=\"was @visible\"><br \/>\n    Passer la publicit\u00e9<br \/>\n<\/a>            <\/p>\n<p>                                            \u00abJe l\u2019ai mis de c\u00f4t\u00e9 dans ma vie jusqu\u2019\u00e0 ce que je r\u00e9alise\u00bb<\/p>\n<p class=\"fig-paragraph\">Eugenia Bosco, 27 ans, a obtenu l&rsquo;argent \u00e0 Paris-2024 en cat\u00e9gorie Nacra 17 mixte, l&rsquo;une des trois m\u00e9dailles argentines aux Jeux. En janvier, elle avait racont\u00e9 les agressions pr\u00e9sum\u00e9es dans une interview au quotidien La Nacion. Elle avait en fait d\u00e9pos\u00e9 une plainte auparavant, en octobre, deux mois apr\u00e8s sa m\u00e9daille olympique. \u00abJe ne sais pas comment l&rsquo;expliquer, mais c&rsquo;est quelque chose qui s&rsquo;est pass\u00e9, que je ne contr\u00f4lais pas. J&rsquo;avais 11 ou 12 ans et je l&rsquo;ai mis de c\u00f4t\u00e9 dans ma vie jusqu&rsquo;\u00e0 ce que je r\u00e9alise, il y a quelques ann\u00e9es\u00bb, d\u00e9clarait-elle.<\/p>\n<p class=\"fig-paragraph\">Elle n&rsquo;avait pas donn\u00e9 de d\u00e9tails, mais signal\u00e9 que les faits se passaient lors de d\u00e9placements en comp\u00e9titions, ou quand elle restait dormir au Yacht Club, elle qui venait d&rsquo;une ville \u00e0 150 km de Buenos Aires. \u00abDes choses se sont pass\u00e9es dans un petit cercle que nous ne contr\u00f4lions pas, mais sur lequel cette personne avait un grand contr\u00f4le\u00bb, expliquait-elle.<\/p>\n<p class=\"fig-paragraph\">L&rsquo;interview, m\u00e9diatis\u00e9e, avait servi de catalyseur et au moins six femmes, mineures \u00e0 l&rsquo;\u00e9poque des faits pr\u00e9sum\u00e9s, s&rsquo;\u00e9taient rapproch\u00e9es de la justice, avait indiqu\u00e9 \u00e0 l&rsquo;AFP la procureure Lida Osores Soler.<\/p>\n","protected":false},"excerpt":{"rendered":"Ce vendredi, l\u2019ancien entra\u00eeneur de Eugenia Bosco, m\u00e9daill\u00e9e olympique de voile aux Jeux Olympiques de Paris, a \u00e9t\u00e9&hellip;\n","protected":false},"author":2,"featured_media":610946,"comment_status":"","ping_status":"","sticky":false,"template":"","format":"standard","meta":{"footnotes":""},"categories":[1888],"tags":[11,1777,674,1011,27,12,626,5856,25],"class_list":{"0":"post-610945","1":"post","2":"type-post","3":"status-publish","4":"format-standard","5":"has-post-thumbnail","7":"category-paris","8":"tag-actualites","9":"tag-eu","10":"tag-europe","11":"tag-fr","12":"tag-france","13":"tag-news","14":"tag-paris","15":"tag-paris-2024","16":"tag-republique-francaise"},"share_on_mastodon":{"url":"https:\/\/pubeurope.com\/@fr\/115749845942051169","error":""},"_links":{"self":[{"href":"https:\/\/www.europesays.com\/fr\/wp-json\/wp\/v2\/posts\/610945","targetHints":{"allow":["GET"]}}],"collection":[{"href":"https:\/\/www.europesays.com\/fr\/wp-json\/wp\/v2\/posts"}],"about":[{"href":"https:\/\/www.europesays.com\/fr\/wp-json\/wp\/v2\/types\/post"}],"author":[{"embeddable":true,"href":"https:\/\/www.europesays.com\/fr\/wp-json\/wp\/v2\/users\/2"}],"replies":[{"embeddable":true,"href":"https:\/\/www.europesays.com\/fr\/wp-json\/wp\/v2\/comments?post=610945"}],"version-history":[{"count":0,"href":"https:\/\/www.europesays.com\/fr\/wp-json\/wp\/v2\/posts\/610945\/revisions"}],"wp:featuredmedia":[{"embeddable":true,"href":"https:\/\/www.europesays.com\/fr\/wp-json\/wp\/v2\/media\/610946"}],"wp:attachment":[{"href":"https:\/\/www.europesays.com\/fr\/wp-json\/wp\/v2\/media?parent=610945"}],"wp:term":[{"taxonomy":"category","embeddable":true,"href":"https:\/\/www.europesays.com\/fr\/wp-json\/wp\/v2\/categories?post=610945"},{"taxonomy":"post_tag","embeddable":true,"href":"https:\/\/www.europesays.com\/fr\/wp-json\/wp\/v2\/tags?post=610945"}],"curies":[{"name":"wp","href":"https:\/\/api.w.org\/{rel}","templated":true}]}}