{"id":610947,"date":"2025-12-20T03:47:22","date_gmt":"2025-12-20T03:47:22","guid":{"rendered":"https:\/\/www.europesays.com\/fr\/610947\/"},"modified":"2025-12-20T03:47:22","modified_gmt":"2025-12-20T03:47:22","slug":"mauvaises-nouvelles-pour-la-russie-nawrocki-sur-la-visite-de-zelensky-en-pologne","status":"publish","type":"post","link":"https:\/\/www.europesays.com\/fr\/610947\/","title":{"rendered":"\u00ab\u00a0Mauvaises nouvelles pour la Russie\u00a0\u00bb : Nawrocki sur la visite de Zelensky en Pologne"},"content":{"rendered":"<p>Le pr\u00e9sident ukrainien Volodymyr Zelenski s&rsquo;est rendu en visite officielle en Pologne vendredi, o\u00f9 il a rencontr\u00e9 le pr\u00e9sident Karol Nawrocki pour la premi\u00e8re fois depuis son entr\u00e9e en fonction.<\/p>\n<p>Les entretiens ont port\u00e9 sur trois domaines cl\u00e9s des relations bilat\u00e9rales : la s\u00e9curit\u00e9, l&rsquo;\u00e9conomie et les questions historiques.<\/p>\n<p>La s\u00e9curit\u00e9, fondement du partenariat<\/p>\n<p>Le pr\u00e9sident Nawrocki a soulign\u00e9 que la visite de Volodymyr Zelensky avait une importance qui d\u00e9passait la dimension bilat\u00e9rale.<\/p>\n<p>Il a attir\u00e9 l&rsquo;attention sur le contexte r\u00e9gional et le signal clair qu&rsquo;elle envoie \u00e0 la Russie.<\/p>\n<p><strong>\u00ab\u00a0La visite d&rsquo;aujourd&rsquo;hui est une bonne nouvelle pour la Pologne, pour Kyiv et pour toute notre r\u00e9gion, et une mauvaise nouvelle pour Moscou et la Russie\u00a0\u00bb<\/strong>, a-t-il d\u00e9clar\u00e9**.** <\/p>\n<p>Il a soulign\u00e9 l&rsquo;unit\u00e9 des pays d&rsquo;Europe centrale et orientale face \u00e0 l&rsquo;agression russe.<\/p>\n<p>Volodymyr Zelensky a soulign\u00e9 la n\u00e9cessit\u00e9 d&rsquo;une coop\u00e9ration militaire et politique \u00e9troite, de la coordination dans la d\u00e9fense de l&rsquo;Europe et la s\u00e9curit\u00e9 des nations de la r\u00e9gion.<\/p>\n<p>\u00ab\u00a0Il est tr\u00e8s important pour nous de coop\u00e9rer et de nous soutenir mutuellement et de coordonner nos efforts pour d\u00e9fendre l&rsquo;Europe et nos nations. Ce sont nos objectifs les plus importants\u00a0\u00bb, a-t-il soulign\u00e9.<\/p>\n<p>La coop\u00e9ration technologique a constitu\u00e9 un \u00e9l\u00e9ment important des discussions. Celle-ci porte notamment sur les syst\u00e8mes de drones et les syst\u00e8mes anti-drones, ainsi que sur le programme SAFE. <\/p>\n<p>Selon Zelensky, l&rsquo;Ukraine \u00e9tait pr\u00eate \u00e0 mettre en \u0153uvre des projets communs et a invit\u00e9 les entreprises polonaises \u00e0 participer \u00e0 la reconstruction du pays.<\/p>\n<p>Le pr\u00e9sident ukrainien a \u00e9galement \u00e9voqu\u00e9 la d\u00e9cision de l&rsquo;Union europ\u00e9enne de mobiliser un soutien financier en faveur de Kyiv. Comme il l&rsquo;a soulign\u00e9, l&rsquo;enveloppe de 90 milliards d&rsquo;euros vise \u00e0 garantir la stabilit\u00e9 financi\u00e8re du pays dans le contexte de la guerre en cours.<\/p>\n<p>\u00ab\u00a0Il est clair que la Russie doit payer pour la guerre qu&rsquo;elle a d\u00e9clench\u00e9e\u00a0\u00bb, a-t-il d\u00e9clar\u00e9, ajoutant que les fonds pourraient \u00eatre utilis\u00e9s pour la d\u00e9fense si l&rsquo;agression se poursuivait.<\/p>\n<p>MiG-29 et tensions entre le pr\u00e9sident et le gouvernement<\/p>\n<p>La conf\u00e9rence de presse a \u00e9galement abord\u00e9 la question d&rsquo;un \u00e9ventuel transfert de chasseurs MiG-29 \u00e0 l&rsquo;Ukraine en \u00e9change de drones et de syst\u00e8mes anti-drones ukrainiens. Le pr\u00e9sident Nawrocki a soulign\u00e9 que de nombreux malentendus s&rsquo;\u00e9taient d\u00e9velopp\u00e9s autour de cette question.<\/p>\n<p>\u00ab\u00a0Nous sommes apr\u00e8s une temp\u00eate tout \u00e0 fait inutile. Le public a \u00e9t\u00e9 quelque peu mal inform\u00e9. Les d\u00e9cisions concernant les MiG ne rel\u00e8vent pas de ma comp\u00e9tence\u00a0\u00bb, a-t-il d\u00e9clar\u00e9, soulignant que la question relevait du gouvernement et que son r\u00f4le \u00e9tait de veiller \u00e0 la s\u00e9curit\u00e9 des soldats polonais.<\/p>\n<p>Dans le m\u00eame temps, il a soulign\u00e9 que l&rsquo;\u00e9change \u00e9ventuel d&rsquo;\u00e9quipements militaires s&rsquo;inscrivait dans la logique du partenariat strat\u00e9gique entre la Pologne et l&rsquo;Ukraine.<\/p>\n<p>Volodymyr Zelensky a attir\u00e9 l&rsquo;attention sur la dimension pratique d&rsquo;une telle solution. Il a soulign\u00e9 l&rsquo;exp\u00e9rience des pilotes ukrainiens dans l&rsquo;utilisation des MiG-29 et le fait qu&rsquo;il faudrait beaucoup plus de temps pour les former au pilotage des F-16.<\/p>\n<p>\u00ab\u00a0Ces appareils sont tr\u00e8s performants et nous pouvons d\u00e9j\u00e0 les utiliser pour d\u00e9fendre notre ciel. Si cette question peut \u00eatre r\u00e9solue, je vous remercie\u00a0\u00bb, a-t-il d\u00e9clar\u00e9.<\/p>\n<p>La question des MiG a r\u00e9cemment r\u00e9v\u00e9l\u00e9 les tensions entre le pr\u00e9sident et le gouvernement. Karol Nawrocki a d\u00e9clar\u00e9 qu&rsquo;il n&rsquo;avait pas \u00e9t\u00e9 inform\u00e9 des projets en la mati\u00e8re. La version oppos\u00e9e a \u00e9t\u00e9 pr\u00e9sent\u00e9e par le chef du minist\u00e8re de la D\u00e9fense, W\u0142adys\u0142aw Kosiniak-Kamysz.<\/p>\n<p>Les \u00c9tats-Unis, cl\u00e9 de la paix<\/p>\n<p>Dans un contexte plus large, le pr\u00e9sident Nawrocki a soulign\u00e9 le r\u00f4le des \u00c9tats-Unis dans le processus de paix. Selon lui, seul Washington est en mesure d&rsquo;exercer une pression efficace sur Moscou.<\/p>\n<p>\u00ab\u00a0Donald Trump est le seul dirigeant au monde qui soit pr\u00eat \u00e0 forcer Vladimir Poutine \u00e0 signer la paix\u00a0\u00bb, a d\u00e9clar\u00e9 le dirigeant polonais, notant que sans l&rsquo;implication des \u00c9tats-Unis, il sera difficile de parvenir \u00e0 un accord durable tout en maintenant la s\u00e9curit\u00e9 de la r\u00e9gion.<\/p>\n<p>\u00c0 un moment de la conf\u00e9rence de presse, le pr\u00e9sident polonais a \u00e9galement fait r\u00e9f\u00e9rence \u00e0 l&rsquo;humeur du public.<\/p>\n<p>Il a not\u00e9 que \u00ab\u00a0les Polonais ont l&rsquo;impression que nos efforts ou notre assistance multiforme \u00e0 l&rsquo;Ukraine n&rsquo;ont pas \u00e9t\u00e9 compris et appr\u00e9ci\u00e9s \u00e0 leur juste valeur\u00a0\u00bb.<\/p>\n<p>Zelensky a r\u00e9pondu de mani\u00e8re diplomatique en assurant la Pologne de la gratitude du peuple ukrainien et en rappelant l&rsquo;importance de l&rsquo;aide polonaise au d\u00e9but de la guerre.<\/p>\n<p>\u00ab\u00a0Merci beaucoup \u00e0 la Pologne pour le soutien tr\u00e8s concret apport\u00e9 \u00e0 l&rsquo;Ukraine et aux Ukrainiens depuis le d\u00e9but de l&rsquo;invasion\u00a0\u00bb, a-t-il d\u00e9clar\u00e9.<\/p>\n<p>\u00c9nergie et GNL : la Pologne, plaque tournante r\u00e9gionale<\/p>\n<p>Le deuxi\u00e8me pilier des discussions \u00e9tait la coop\u00e9ration \u00e9conomique, avec un accent particulier sur l&rsquo;\u00e9nergie. Karol Nawrocki a soulign\u00e9 le r\u00f4le croissant de la Pologne en tant que plaque tournante de l&rsquo;\u00e9nergie et de la logistique pour l&rsquo;Ukraine.<\/p>\n<p>\u00ab\u00a0En ce qui concerne les questions \u00e9conomiques, nous avons abord\u00e9 la question du terminal GNL (&#8230;) la volont\u00e9 de la Pologne et de l&rsquo;Ukraine de faire de la Pologne une plaque tournante \u00e9nerg\u00e9tique pour l&rsquo;ensemble de l&rsquo;Europe centrale et orientale\u00a0\u00bb, a d\u00e9clar\u00e9 le pr\u00e9sident\u00a0\u00bb, a d\u00e9clar\u00e9 le pr\u00e9sident.<\/p>\n<p>Comme il l&rsquo;a rappel\u00e9, environ 15 % de l&rsquo;\u00e9nergie achemin\u00e9e par le terminal GNL de Swinoujscie est actuellement destin\u00e9e \u00e0 l&rsquo;Ukraine.<\/p>\n<p>Un partenariat malgr\u00e9 des sujets difficiles<\/p>\n<p>Le sujet le plus sensible des discussions est rest\u00e9 les questions historiques, en particulier l&rsquo;exhumation des victimes du massacre de Volhynie.<\/p>\n<p>Karol Nawrocki a soulign\u00e9 la n\u00e9cessit\u00e9 de passer des d\u00e9clarations \u00e0 des actions concr\u00e8tes : <\/p>\n<p>\u00ab\u00a0Je pense qu&rsquo;il est dans notre int\u00e9r\u00eat commun d&rsquo;enterrer les victimes du g\u00e9nocide volhynien, de les honorer. Cela d\u00e9coule de l&rsquo;essence des valeurs chr\u00e9tiennes, qui unissent \u00e9galement la Pologne et l&rsquo;Ukraine\u00a0\u00bb.<\/p>\n<p>Volodymyr Zelensky a assur\u00e9 que le processus avait d\u00e9j\u00e0 commenc\u00e9. Il a insist\u00e9 sur l&rsquo;implication des repr\u00e9sentants des deux instituts de la m\u00e9moire nationale et sur la pr\u00e9paration d&rsquo;un calendrier d\u00e9taill\u00e9 des activit\u00e9s.<\/p>\n<p>\u00ab\u00a0La partie polonaise souhaite acc\u00e9l\u00e9rer le processus. La partie ukrainienne est pr\u00eate \u00e0 y r\u00e9pondre\u00a0\u00bb, a-t-il d\u00e9clar\u00e9.<\/p>\n<p>Le pr\u00e9sident Nawrocki a soulign\u00e9 que les discussions ont port\u00e9 sur 26 propositions soumises par la partie polonaise. Il s&rsquo;est dit convaincu que les barri\u00e8res formelles et administratives seraient lev\u00e9es du c\u00f4t\u00e9 ukrainien.<\/p>\n<p>Selon lui, la r\u00e9solution de la question de Volhynie rev\u00eat \u00e9galement une importance g\u00e9opolitique.<\/p>\n<p>Il a soulign\u00e9 que la Russie utilise l&rsquo;histoire pour diviser ses voisins et qu&rsquo;une action conjointe de Varsovie et de Kyiv pourrait priver le Kremlin de cet outil.<\/p>\n<p>\u00ab\u00a0C&rsquo;est la question la plus sensible aujourd&rsquo;hui entre nos deux pays. Je pense que notre rencontre d&rsquo;aujourd&rsquo;hui permettra de la r\u00e9soudre simplement\u00a0\u00bb, a-t-il conclu.<\/p>\n<p>La premi\u00e8re visite de Volodymyr Zelensky au pr\u00e9sident Karol Navrocki a montr\u00e9 que malgr\u00e9 les sujets difficiles, les deux pays s&rsquo;efforcent d&rsquo;approfondir leur partenariat, a \u00e9crit le dirigeant polonais dans un message sur X.<\/p>\n<p>Pendant son s\u00e9jour en Pologne, le pr\u00e9sident ukrainien s&rsquo;est \u00e9galement rendu \u00e0 la Di\u00e8te et au S\u00e9nat. Il a \u00e9galement rencontr\u00e9 le Premier ministre Donald Tusk.<\/p>\n<p>\u00ab\u00a0Aujourd&rsquo;hui, l&rsquo;Ukraine se bat pour d\u00e9fendre son ind\u00e9pendance, et notre ind\u00e9pendance serait menac\u00e9e si l&rsquo;Ukraine tombait. Nous sommes des alli\u00e9s. L&rsquo;Ukraine se bat sur la ligne de front, nous la soutenons de toutes nos forces\u00a0\u00bb, a d\u00e9clar\u00e9 le chef du gouvernement polonais lors de sa rencontre avec Zelensky au bureau du Premier ministre \u00e0 Varsovie.<\/p>\n<p>Tout comme le pr\u00e9sident Nawrocki, Tusk a \u00e9galement \u00e9voqu\u00e9 l&rsquo;\u00e9tat d&rsquo;esprit de l&rsquo;opinion publique polonaise.<\/p>\n<p>\u00ab\u00a0Les Ukrainiens ont parfois l&rsquo;impression qu&rsquo;avec nous, l&rsquo;humeur est devenue moins pro-ukrainienne. Oui, c&rsquo;est vrai. Nous avons beaucoup d&rsquo;explications \u00e0 donner, mais nous devons faire preuve de beaucoup de patience et r\u00e9fl\u00e9chir sagement \u00e0 un avenir commun fond\u00e9 sur l&rsquo;amiti\u00e9 et le respect\u00a0\u00bb, a d\u00e9clar\u00e9 Donald Tusk. <\/p>\n","protected":false},"excerpt":{"rendered":"Le pr\u00e9sident ukrainien Volodymyr Zelenski s&rsquo;est rendu en visite officielle en Pologne vendredi, o\u00f9 il a rencontr\u00e9 le&hellip;\n","protected":false},"author":2,"featured_media":610948,"comment_status":"","ping_status":"","sticky":false,"template":"","format":"standard","meta":{"footnotes":""},"categories":[1591],"tags":[11,1887,21596,12,2437,1885,1886,132,220,134],"class_list":{"0":"post-610947","1":"post","2":"type-post","3":"status-publish","4":"format-standard","5":"has-post-thumbnail","7":"category-russie","8":"tag-actualites","9":"tag-federation-de-russie","10":"tag-karol-nawrocki","11":"tag-news","12":"tag-pologne","13":"tag-russia","14":"tag-russian-federation","15":"tag-russie","16":"tag-ukraine","17":"tag-volodymyr-zelensky"},"share_on_mastodon":{"url":"https:\/\/pubeurope.com\/@fr\/115749849913094831","error":""},"_links":{"self":[{"href":"https:\/\/www.europesays.com\/fr\/wp-json\/wp\/v2\/posts\/610947","targetHints":{"allow":["GET"]}}],"collection":[{"href":"https:\/\/www.europesays.com\/fr\/wp-json\/wp\/v2\/posts"}],"about":[{"href":"https:\/\/www.europesays.com\/fr\/wp-json\/wp\/v2\/types\/post"}],"author":[{"embeddable":true,"href":"https:\/\/www.europesays.com\/fr\/wp-json\/wp\/v2\/users\/2"}],"replies":[{"embeddable":true,"href":"https:\/\/www.europesays.com\/fr\/wp-json\/wp\/v2\/comments?post=610947"}],"version-history":[{"count":0,"href":"https:\/\/www.europesays.com\/fr\/wp-json\/wp\/v2\/posts\/610947\/revisions"}],"wp:featuredmedia":[{"embeddable":true,"href":"https:\/\/www.europesays.com\/fr\/wp-json\/wp\/v2\/media\/610948"}],"wp:attachment":[{"href":"https:\/\/www.europesays.com\/fr\/wp-json\/wp\/v2\/media?parent=610947"}],"wp:term":[{"taxonomy":"category","embeddable":true,"href":"https:\/\/www.europesays.com\/fr\/wp-json\/wp\/v2\/categories?post=610947"},{"taxonomy":"post_tag","embeddable":true,"href":"https:\/\/www.europesays.com\/fr\/wp-json\/wp\/v2\/tags?post=610947"}],"curies":[{"name":"wp","href":"https:\/\/api.w.org\/{rel}","templated":true}]}}