{"id":610951,"date":"2025-12-20T03:49:12","date_gmt":"2025-12-20T03:49:12","guid":{"rendered":"https:\/\/www.europesays.com\/fr\/610951\/"},"modified":"2025-12-20T03:49:12","modified_gmt":"2025-12-20T03:49:12","slug":"les-etats-unis-menent-des-frappes-en-represailles-contre-lei-en-syrie","status":"publish","type":"post","link":"https:\/\/www.europesays.com\/fr\/610951\/","title":{"rendered":"Les Etats-Unis m\u00e8nent des frappes \u00ab\u00a0en repr\u00e9sailles\u00a0\u00bb contre l&rsquo;EI en Syrie"},"content":{"rendered":"<p>Donald Trump a d\u00e9clar\u00e9 vendredi que le groupe Etat islamique \u00e9tait vis\u00e9 par de \u00ab\u00a0tr\u00e8s lourdes repr\u00e9sailles\u00a0\u00bb en Syrie, apr\u00e8s une attaque qui a co\u00fbt\u00e9 la vie il y a pr\u00e8s d&rsquo;une semaine \u00e0 deux militaires am\u00e9ricains et un interpr\u00e8te.<\/p>\n<p>\u00ab\u00a0Nous frappons tr\u00e8s fort contre des bastions de l&rsquo;EI\u00a0\u00bb, a \u00e9crit le pr\u00e9sident am\u00e9ricain sur Truth Social, peu apr\u00e8s que le Pentagone eut annonc\u00e9 le d\u00e9but d&rsquo;une op\u00e9ration \u00ab\u00a0massive\u00a0\u00bb.<\/p>\n<p>L&rsquo;arm\u00e9e am\u00e9ricaine a d\u00e9but\u00e9 une op\u00e9ration en Syrie pour \u00ab\u00a0\u00e9liminer des combattants du groupe Etat islamique, des infrastructures et des sites d&rsquo;armement\u00a0\u00bb, a fait savoir le chef du Pentagone Pete Hegseth sur X.<\/p>\n<p>Il s&rsquo;agit d&rsquo;une \u00ab\u00a0r\u00e9ponse directe\u00a0\u00bb et d&rsquo;une \u00ab\u00a0d\u00e9claration de vengeance\u00a0\u00bb apr\u00e8s l&rsquo;attaque qui a co\u00fbt\u00e9 samedi la vie \u00e0 deux militaires am\u00e9ricains et un traducteur en Syrie, a-t-il ajout\u00e9, en affirmant: \u00ab\u00a0Aujourd&rsquo;hui nous avons traqu\u00e9 et tu\u00e9 des ennemis. Beaucoup d&rsquo;ennemis. Et nous allons continuer.\u00a0\u00bb<\/p>\n<p><strong class=\"inline-title\">&gt;&gt; Lire \u00e0 ce sujet\u00a0: <\/strong><a href=\"https:\/\/www.rts.ch\/info\/monde\/2025\/article\/attaque-en-syrie-3-americains-tues-l-ei-soupconne-trump-promet-riposte-29090020.html\" data-item-id=\"richtext_link\" target=\"_blank\" rel=\"noopener\">Trois Am\u00e9ricains, dont deux soldats, tu\u00e9s en Syrie dans une attaque attribu\u00e9e \u00e0 l&rsquo;EI<\/a><\/p>\n<p>\u00ab\u00a0Plus de 70 cibles\u00a0\u00bb<\/p>\n<p>Des avions de chasse, des h\u00e9licopt\u00e8res et de l&rsquo;artillerie ont frapp\u00e9 \u00ab\u00a0plus de 70 cibles \u00e0 de multiples endroits dans le centre de la Syrie\u00a0\u00bb, a pr\u00e9cis\u00e9 le commandement militaire am\u00e9ricain pour le Moyen-Orient, le Centcom.<\/p>\n<p>Il a pr\u00e9cis\u00e9 que l&rsquo;op\u00e9ration avait d\u00e9but\u00e9 \u00e0 16h00 heure de Washington (22h00 en Suisse) et que \u00ab\u00a0plus de 100 munitions de pr\u00e9cision\u00a0\u00bb avaient \u00e9t\u00e9 employ\u00e9es contre des positions du groupe Etat islamique.<\/p>\n<p>Les frappes ont \u00e9t\u00e9 men\u00e9es dans le d\u00e9sert pr\u00e8s de la ville de Homs et dans des zones rurales pr\u00e8s de Deir ez-Zor et Raqqa, a affirm\u00e9 une source s\u00e9curitaire syrienne.<\/p>\n<p>Zones sous contr\u00f4le gouvernemental<\/p>\n<p>Aux explosions ont succ\u00e9d\u00e9 \u00ab\u00a0des \u00e9clats de tirs de calibre moyen dans le d\u00e9sert\u00a0\u00bb au sud-ouest de Raqqa, a d\u00e9clar\u00e9 un responsable de la province, ajoutant qu&rsquo;il s&rsquo;agit de zones sous le contr\u00f4le du gouvernement syrien.<\/p>\n<p>Ce dernier \u00ab\u00a0r\u00e9it\u00e8re son solide engagement \u00e0 combattre l&rsquo;EI et \u00e0 s&rsquo;assurer qu&rsquo;il ne b\u00e9n\u00e9ficie d&rsquo;aucun refuge sur le territoire syrien,\u00a0\u00bb a affirm\u00e9 le minist\u00e8re syrien des Affaires \u00e9trang\u00e8res dans une d\u00e9claration publi\u00e9e sur X peu apr\u00e8s les frappes am\u00e9ricaines, sans toutefois les mentionner directement.<\/p>\n<p>Le Centcom affirme que depuis l&rsquo;attaque de samedi contre ses troupes, \u00ab\u00a0les Etats-Unis et leurs forces alli\u00e9es ont men\u00e9 10 op\u00e9rations en Syrie et en Iraq, aboutissant \u00e0 la mort ou au placement en d\u00e9tention de 23 terroristes.\u00a0\u00bb<\/p>\n<p class=\"sources\">ats\/asch<\/p>\n","protected":false},"excerpt":{"rendered":"Donald Trump a d\u00e9clar\u00e9 vendredi que le groupe Etat islamique \u00e9tait vis\u00e9 par de \u00ab\u00a0tr\u00e8s lourdes repr\u00e9sailles\u00a0\u00bb en&hellip;\n","protected":false},"author":2,"featured_media":610952,"comment_status":"","ping_status":"","sticky":false,"template":"","format":"standard","meta":{"footnotes":""},"categories":[1589],"tags":[11,834,2120,3576,2951,75,8616,23398,73,1866,3577,3579,74,12,316,32,1254,1864,1865,1863,308],"class_list":{"0":"post-610951","1":"post","2":"type-post","3":"status-publish","4":"format-standard","5":"has-post-thumbnail","7":"category-etats-unis","8":"tag-actualites","9":"tag-attaque","10":"tag-conflit","11":"tag-conflit-arme","12":"tag-criminalite","13":"tag-donald-trump","14":"tag-droit-et-justice","15":"tag-etat-islamique","16":"tag-etats-unis","17":"tag-etats-unis-damerique","18":"tag-guerre-et-paix","19":"tag-militaire","20":"tag-monde","21":"tag-news","22":"tag-politique","23":"tag-syrie","24":"tag-terrorisme","25":"tag-united-states","26":"tag-united-states-of-america","27":"tag-us","28":"tag-usa"},"share_on_mastodon":{"url":"https:\/\/pubeurope.com\/@fr\/115749857750946889","error":""},"_links":{"self":[{"href":"https:\/\/www.europesays.com\/fr\/wp-json\/wp\/v2\/posts\/610951","targetHints":{"allow":["GET"]}}],"collection":[{"href":"https:\/\/www.europesays.com\/fr\/wp-json\/wp\/v2\/posts"}],"about":[{"href":"https:\/\/www.europesays.com\/fr\/wp-json\/wp\/v2\/types\/post"}],"author":[{"embeddable":true,"href":"https:\/\/www.europesays.com\/fr\/wp-json\/wp\/v2\/users\/2"}],"replies":[{"embeddable":true,"href":"https:\/\/www.europesays.com\/fr\/wp-json\/wp\/v2\/comments?post=610951"}],"version-history":[{"count":0,"href":"https:\/\/www.europesays.com\/fr\/wp-json\/wp\/v2\/posts\/610951\/revisions"}],"wp:featuredmedia":[{"embeddable":true,"href":"https:\/\/www.europesays.com\/fr\/wp-json\/wp\/v2\/media\/610952"}],"wp:attachment":[{"href":"https:\/\/www.europesays.com\/fr\/wp-json\/wp\/v2\/media?parent=610951"}],"wp:term":[{"taxonomy":"category","embeddable":true,"href":"https:\/\/www.europesays.com\/fr\/wp-json\/wp\/v2\/categories?post=610951"},{"taxonomy":"post_tag","embeddable":true,"href":"https:\/\/www.europesays.com\/fr\/wp-json\/wp\/v2\/tags?post=610951"}],"curies":[{"name":"wp","href":"https:\/\/api.w.org\/{rel}","templated":true}]}}