{"id":610955,"date":"2025-12-20T03:51:29","date_gmt":"2025-12-20T03:51:29","guid":{"rendered":"https:\/\/www.europesays.com\/fr\/610955\/"},"modified":"2025-12-20T03:51:29","modified_gmt":"2025-12-20T03:51:29","slug":"accord-de-libre-echange-eu-mercosur-lallemagne-estime-que-la-signature-du-traite-est-desormais-acquise-19-12-2025-a-1502","status":"publish","type":"post","link":"https:\/\/www.europesays.com\/fr\/610955\/","title":{"rendered":"Accord de libre-\u00e9change EU-Mercosur : l&rsquo;Allemagne estime que la signature du trait\u00e9 est d\u00e9sormais acquise &#8211; 19\/12\/2025 \u00e0 15:02"},"content":{"rendered":"<p> \u00ab\u00a0On ne demande plus si\u00a0\u00bb l&rsquo;accord sera sign\u00e9 mais quand \u00ab\u00a0il le sera\u00a0\u00bb, s&rsquo;est f\u00e9licit\u00e9 le gouvernement allemand.<\/p>\n<p>        <img decoding=\"async\" src=\"https:\/\/www.europesays.com\/fr\/wp-content\/uploads\/2025\/12\/7ea516368862ce7d4dd62235fb90ab89-760x516.jpg\" alt=\"Friedrich Merz \u00e0 Bruxelles, en Belgique, le 19 d\u00e9cembre 2025. ( AFP \/ JOHN THYS )\" loading=\"eager\" fetchpriority=\"high\" width=\"760\" height=\"516\" style=\"max-width: 100%!important; height: auto;\"\/><\/p>\n<p class=\"c-image-news__legend\">Friedrich Merz \u00e0 Bruxelles, en Belgique, le 19 d\u00e9cembre 2025. ( AFP \/ JOHN THYS )<\/p>\n<p>\n Apr\u00e8s le report au mois de janvier de la signature de l&rsquo;accord de libre-\u00e9change entre l&rsquo;UE et le Mercosur -notamment du fait de l&rsquo;opposition fran\u00e7aise-, le gouvernement allemand a estim\u00e9 que cette signature \u00e9tait d\u00e9sormais acquise \u00e0 la nouvelle date pr\u00e9vue.\n<\/p>\n<p>\n \u00ab\u00a0Le chancelier (Friedrich Merz) est tr\u00e8s satisfait, car , a d\u00e9clar\u00e9 le porte-parole adjoint du gouvernement, Sebastian Hille, lors d&rsquo;un point presse r\u00e9gulier.\n<\/p>\n<p>\n <strong><br \/>\n  \u00ab\u00a0Cela devrait se faire dans deux ou trois semaines<br \/>\n <\/strong><br \/>\n , lorsque l&rsquo;UE pourra signer cet accord avec les \u00c9tats membres concern\u00e9s\u00a0\u00bb, a-t-il ajout\u00e9.\n<\/p>\n<p>\n La ministre fran\u00e7aise de l&rsquo;Agriculture Annie Genevard a salu\u00e9 vendredi ce report, qui repr\u00e9sente \u00ab\u00a0une avanc\u00e9e mais pas une victoire\u00a0\u00bb, estimant que c&rsquo;\u00e9tait \u00ab\u00a0la seule d\u00e9cision raisonnable\u00a0\u00bb.\n<\/p>\n<p>\n <strong><br \/>\n  \u00ab\u00a0C&rsquo;\u00e9tait la seule d\u00e9cision raisonnable, car il est en l&rsquo;\u00e9tat inacceptable\u00a0\u00bb<br \/>\n <\/strong><br \/>\n , a estim\u00e9 sur X la ministre, qui a r\u00e9guli\u00e8rement affich\u00e9 son hostilit\u00e9 \u00e0 l&rsquo;accord, en raison des craintes de r\u00e9percussions n\u00e9gatives pour l&rsquo;agriculture fran\u00e7aise.\n<\/p>\n<p> La France reste prudente<\/p>\n<p>\n N\u00e9goci\u00e9 depuis plus de 25 ans, ce trait\u00e9 de libre-\u00e9change devait \u00eatre paraph\u00e9 samedi, mais l&rsquo;\u00e9ch\u00e9ance a \u00e9t\u00e9 repouss\u00e9e \u00e0 l&rsquo;issue d&rsquo;un sommet europ\u00e9en jeudi, la Commission europ\u00e9enne n&rsquo;ayant pas eu l&rsquo;aval de plusieurs pays, dont la France et l&rsquo;Italie.\n<\/p>\n<p>\n \u00c0 l&rsquo;issue du sommet, Emmanuel Macron a demand\u00e9 que le texte \u00ab\u00a0change de nature\u00a0\u00bb, avec davantage de garanties pour les agriculteurs. Il a r\u00e9clam\u00e9 en parall\u00e8le<br \/>\n <strong><br \/>\n  \u00ab\u00a0le maintien des revenus de nos agriculteurs dans la future\u00a0\u00bb<br \/>\n <\/strong><br \/>\n politique agricole commune (PAC). Le pr\u00e9sident fran\u00e7ais n&rsquo;exclut pas d&rsquo;accepter l&rsquo;accord en janvier, mais il est \u00ab\u00a0trop t\u00f4t pour le dire\u00a0\u00bb.\n<\/p>\n<p>\n <strong><br \/>\n  \u00ab\u00a0C&rsquo;est une avanc\u00e9e mais pas une victoire<br \/>\n <\/strong><br \/>\n : la France restera pleinement mobilis\u00e9e pour d\u00e9fendre ses agriculteurs et ses fili\u00e8res. Notamment, nous travaillons sur des mesures concr\u00e8tes: la clause de sauvegarde, les mesures miroirs et le renforcement des contr\u00f4les. Je le r\u00e9p\u00e8te: ces mesures sont indispensables et ce travail doit \u00eatre finalis\u00e9\u00a0\u00bb, a ajout\u00e9 pour sa part Annie Genevard sur X.<\/p>\n","protected":false},"excerpt":{"rendered":"\u00ab\u00a0On ne demande plus si\u00a0\u00bb l&rsquo;accord sera sign\u00e9 mais quand \u00ab\u00a0il le sera\u00a0\u00bb, s&rsquo;est f\u00e9licit\u00e9 le gouvernement allemand.&hellip;\n","protected":false},"author":2,"featured_media":610956,"comment_status":"","ping_status":"","sticky":false,"template":"","format":"standard","meta":{"footnotes":""},"categories":[1587],"tags":[400,11,672,398,408,1804,405,1805,1803,1777,674,1801,403,402,399,404,12,1802,401,406,407],"class_list":{"0":"post-610955","1":"post","2":"type-post","3":"status-publish","4":"format-standard","5":"has-post-thumbnail","7":"category-allemagne","8":"tag-action-cac-40","9":"tag-actualites","10":"tag-allemagne","11":"tag-bourse-de-paris","12":"tag-boursorama","13":"tag-bundesrepublik-deutschland","14":"tag-cotations","15":"tag-de","16":"tag-deutschland","17":"tag-eu","18":"tag-europe","19":"tag-germany","20":"tag-indices-devises","21":"tag-investir","22":"tag-investissement","23":"tag-marche-boursier","24":"tag-news","25":"tag-republique-federale-dallemagne","26":"tag-sicav","27":"tag-trackers","28":"tag-warrants"},"share_on_mastodon":{"url":"https:\/\/pubeurope.com\/@fr\/115749866341647314","error":""},"_links":{"self":[{"href":"https:\/\/www.europesays.com\/fr\/wp-json\/wp\/v2\/posts\/610955","targetHints":{"allow":["GET"]}}],"collection":[{"href":"https:\/\/www.europesays.com\/fr\/wp-json\/wp\/v2\/posts"}],"about":[{"href":"https:\/\/www.europesays.com\/fr\/wp-json\/wp\/v2\/types\/post"}],"author":[{"embeddable":true,"href":"https:\/\/www.europesays.com\/fr\/wp-json\/wp\/v2\/users\/2"}],"replies":[{"embeddable":true,"href":"https:\/\/www.europesays.com\/fr\/wp-json\/wp\/v2\/comments?post=610955"}],"version-history":[{"count":0,"href":"https:\/\/www.europesays.com\/fr\/wp-json\/wp\/v2\/posts\/610955\/revisions"}],"wp:featuredmedia":[{"embeddable":true,"href":"https:\/\/www.europesays.com\/fr\/wp-json\/wp\/v2\/media\/610956"}],"wp:attachment":[{"href":"https:\/\/www.europesays.com\/fr\/wp-json\/wp\/v2\/media?parent=610955"}],"wp:term":[{"taxonomy":"category","embeddable":true,"href":"https:\/\/www.europesays.com\/fr\/wp-json\/wp\/v2\/categories?post=610955"},{"taxonomy":"post_tag","embeddable":true,"href":"https:\/\/www.europesays.com\/fr\/wp-json\/wp\/v2\/tags?post=610955"}],"curies":[{"name":"wp","href":"https:\/\/api.w.org\/{rel}","templated":true}]}}