{"id":610959,"date":"2025-12-20T03:53:20","date_gmt":"2025-12-20T03:53:20","guid":{"rendered":"https:\/\/www.europesays.com\/fr\/610959\/"},"modified":"2025-12-20T03:53:20","modified_gmt":"2025-12-20T03:53:20","slug":"que-contient-vraiment-le-texte-de-laccord-ue-mercosur","status":"publish","type":"post","link":"https:\/\/www.europesays.com\/fr\/610959\/","title":{"rendered":"que contient vraiment le texte de l\u2019accord UE-Mercosur ?"},"content":{"rendered":"<p>\n    <strong>D\u00c9CRYPTAGE &#8211; <\/strong>En discussion depuis un quart de si\u00e8cle, le projet de trait\u00e9 ouvre la perspective d\u2019un puissant relais de croissance pour l\u2019Europe, mais bute sur la menace qu\u2019il fait peser sur son agriculture. Ce que dit le texte, point par point.<\/p>\n<p class=\"fig-paragraph\">D\u2019un c\u00f4t\u00e9 de l\u2019Atlantique, le Br\u00e9sil, l\u2019Argentine, l\u2019Uruguay et le Paraguay, 300 millions d\u2019hectares de terres agricoles, le<a href=\"http:\/\/www.lefigaro.fr\/conjoncture\/un-steak-de-boeuf-par-europeen-tous-les-quatre-ans-seulement-l-australie-rassure-l-europe-sur-le-projet-d-accord-commercial-20250606\" data-fig-type=\"Article\" data-gtm-custom-categorie=\"navigation\" data-gtm-custom-action=\"crossclick\" data-gtm-custom-label=\"Contextuel\" data-gtm-event=\"customEventSPE\" data-fig-domain=\"LEFIGARO\" target=\"_blank\" rel=\"noopener\">\u00a0premier exportateur mondial de b\u0153uf<\/a>, de volailles, de soja et de sucre, mais aussi une industrie \u00e9mergente et 270 millions de consommateurs au pouvoir d\u2019achat grandissant. De l\u2019autre, l\u2019Union europ\u00e9enne,\u00a0<a href=\"http:\/\/www.lefigaro.fr\/societes\/credit-agricole-accelere-dans-l-epargne-et-le-digital-en-europe-20251118\" data-fig-type=\"NewsFlash\" data-gtm-custom-categorie=\"navigation\" data-gtm-custom-action=\"crossclick\" data-gtm-custom-label=\"Contextuel\" data-gtm-event=\"customEventSPE\" data-fig-domain=\"LEFIGARO\" target=\"_blank\" rel=\"noopener\">premier exportateur mondial<\/a>\u00a0de biens agricoles, forte de 450 millions de consommateurs, dont l\u2019industrie, d\u00e9velopp\u00e9e et diversifi\u00e9e, est aujourd\u2019hui en qu\u00eate de relais de croissance. L\u2019accord commercial entre l\u2019Union europ\u00e9enne et le Mercosur est l\u2019un des trait\u00e9s les plus ambitieux jamais n\u00e9goci\u00e9s.<\/p>\n<p class=\"fig-paragraph\">Initi\u00e9 en 1999, au point mort depuis la signature d\u2019un premier accord en 2019, relanc\u00e9 en d\u00e9cembre 2024 puis valid\u00e9 par la Commission europ\u00e9enne en septembre 2025, ce nouveau trait\u00e9 transatlantique est \u00e0 nouveau en suspens, depuis que son \u00e9ventuelle\u00a0<a href=\"http:\/\/www.lefigaro.fr\/vox\/societe\/ferghane-azihari-mercosur-dermatose-nodulaire-requiem-pour-les-paysans-20251219\" data-fig-type=\"Article\" data-gtm-custom-categorie=\"navigation\" data-gtm-custom-action=\"crossclick\" data-gtm-custom-label=\"Contextuel\" data-gtm-event=\"customEventSPE\" data-fig-domain=\"LEFIGARO\" target=\"_blank\" rel=\"noopener\">ratification par les Vingt-Sept<\/a>\u00a0a \u00e9t\u00e9 report\u00e9e, ce jeudi 18 d\u00e9cembre, au mois de janvier 2026. Rarement un dossier aura oppos\u00e9 aussi frontalement les pays du Vieux Continent\u00a0: d\u2019un c\u00f4t\u00e9, un camp\u00a0<a href=\"http:\/\/www.lefigaro.fr\/international\/mercosur-le-jeu-tactique-de-giorgia-meloni-alliee-d-emmanuel-macron-pour-repousser-la-signature-de-l-accord-20251218\" data-fig-type=\"Article\" data-gtm-custom-categorie=\"navigation\" data-gtm-custom-action=\"crossclick\" data-gtm-custom-label=\"Contextuel\" data-gtm-event=\"customEventSPE\" data-fig-domain=\"LEFIGARO\" target=\"_blank\" rel=\"noopener\">men\u00e9 par la France et l\u2019Italie<\/a>, exigeant davantage de garanties pour les agriculteurs ; de l\u2019autre, les partisans d\u2019une ratification imm\u00e9diate, Allemagne et Espagne en t\u00eate. Mais que contient concr\u00e8tement cet accord\u00a0? Quels sont, fili\u00e8re par fili\u00e8re, les volets majeurs de ce texte et les sujets qui f\u00e2chent\u00a0? Le Figaro fait le point.<\/p>\n<p class=\"fig-premium-paywall__infos\">\n        Cet article est r\u00e9serv\u00e9 aux abonn\u00e9s.        Il vous reste 81% \u00e0 d\u00e9couvrir.\n    <\/p>\n<p>                <img  data- alt=\"Le Figaro\" class=\"fig-img--complete fig-img\"\/><\/p>\n<p class=\"fig-premium-paywall__title\">Vous avez envie de lire la suite ?<\/p>\n<p class=\"fig-premium-paywall__subtitle\">D\u00e9bloquez tous les articles imm\u00e9diatement.<\/p>\n<p class=\"fig-premium-paywall__connect\">\n                D\u00e9j\u00e0 abonn\u00e9\u00a0?                <a class=\"fig-premium-paywall__connect-link\" href=\"https:\/\/connect.lefigaro.fr\/login?client=horizon_web&amp;type=main&amp;redirect_uri=https%3A%2F%2Fwww.lefigaro.fr%2Fconjoncture%2Faccord-ue-mercosur-mais-au-fait-que-contient-vraiment-le-texte-20251219\" data-js-gtm=\"{&quot;customCategorie&quot;: &quot;conversion&quot;, &quot;customAction&quot;: &quot;before_Landing_Connexion_paywall_manuel&quot;, &quot;customLabel&quot;: &quot;bGVmaWdhcm8uZnJfXzFmMGRjZTE4LTQ0NmYtNjc4Yy04M2Y0LTE5YjBmZDc1YmYwOV9fQXJ0aWNsZQ==_Droits de douane, agriculture, climat\u00a0: que contient vraiment le texte de l\u2019accord UE-Mercosur\u00a0?_1486&quot;, &quot;customIDSPE&quot;: &quot;bGVmaWdhcm8uZnJfXzFmMGRjZTE4LTQ0NmYtNjc4Yy04M2Y0LTE5YjBmZDc1YmYwOV9fQXJ0aWNsZQ==&quot;, &quot;event&quot;: &quot;customEventSPE&quot;}\" target=\"_blank\" rel=\"noopener\"><br \/>\n                    Connectez-vous<br \/>\n                <\/a>\n            <\/p>\n","protected":false},"excerpt":{"rendered":"D\u00c9CRYPTAGE &#8211; En discussion depuis un quart de si\u00e8cle, le projet de trait\u00e9 ouvre la perspective d\u2019un puissant&hellip;\n","protected":false},"author":2,"featured_media":610960,"comment_status":"","ping_status":"","sticky":false,"template":"","format":"standard","meta":{"footnotes":""},"categories":[1586],"tags":[11,1777,674,1779,1011,27,21426,12,25,1778,364],"class_list":{"0":"post-610959","1":"post","2":"type-post","3":"status-publish","4":"format-standard","5":"has-post-thumbnail","7":"category-europe","8":"tag-actualites","9":"tag-eu","10":"tag-europe","11":"tag-european-union","12":"tag-fr","13":"tag-france","14":"tag-mercosur","15":"tag-news","16":"tag-republique-francaise","17":"tag-ue","18":"tag-union-europeenne"},"share_on_mastodon":{"url":"https:\/\/pubeurope.com\/@fr\/115749873597435246","error":""},"_links":{"self":[{"href":"https:\/\/www.europesays.com\/fr\/wp-json\/wp\/v2\/posts\/610959","targetHints":{"allow":["GET"]}}],"collection":[{"href":"https:\/\/www.europesays.com\/fr\/wp-json\/wp\/v2\/posts"}],"about":[{"href":"https:\/\/www.europesays.com\/fr\/wp-json\/wp\/v2\/types\/post"}],"author":[{"embeddable":true,"href":"https:\/\/www.europesays.com\/fr\/wp-json\/wp\/v2\/users\/2"}],"replies":[{"embeddable":true,"href":"https:\/\/www.europesays.com\/fr\/wp-json\/wp\/v2\/comments?post=610959"}],"version-history":[{"count":0,"href":"https:\/\/www.europesays.com\/fr\/wp-json\/wp\/v2\/posts\/610959\/revisions"}],"wp:featuredmedia":[{"embeddable":true,"href":"https:\/\/www.europesays.com\/fr\/wp-json\/wp\/v2\/media\/610960"}],"wp:attachment":[{"href":"https:\/\/www.europesays.com\/fr\/wp-json\/wp\/v2\/media?parent=610959"}],"wp:term":[{"taxonomy":"category","embeddable":true,"href":"https:\/\/www.europesays.com\/fr\/wp-json\/wp\/v2\/categories?post=610959"},{"taxonomy":"post_tag","embeddable":true,"href":"https:\/\/www.europesays.com\/fr\/wp-json\/wp\/v2\/tags?post=610959"}],"curies":[{"name":"wp","href":"https:\/\/api.w.org\/{rel}","templated":true}]}}