{"id":61096,"date":"2025-04-29T06:09:47","date_gmt":"2025-04-29T06:09:47","guid":{"rendered":"https:\/\/www.europesays.com\/fr\/61096\/"},"modified":"2025-04-29T06:09:47","modified_gmt":"2025-04-29T06:09:47","slug":"20-chateaux-du-grand-est-les-plus-emblematiques-a-voir-cet-hiver","status":"publish","type":"post","link":"https:\/\/www.europesays.com\/fr\/61096\/","title":{"rendered":"20 ch\u00e2teaux du Grand Est les plus embl\u00e9matiques \u00e0 voir cet hiver"},"content":{"rendered":"<p>La r\u00e9gion du Grand Est fait partie des belles r\u00e9gions de France. Mais, elle est aussi connue comme l&rsquo;une des r\u00e9gions les plus froides de France. Les hivers dans ses communes sont de v\u00e9ritables gel\u00e9s. Pourtant, la r\u00e9gion poss\u00e8de les plus beaux sites historiques et les ch\u00e2teaux sont \u00e0 couper le souffle.<\/p>\n<p><strong>Strasbourg, Metz, Reims, Nancy, Colmar, Troyes, Mulhouse,<\/strong> pour ne citer que ces derni\u00e8res sont des villes de la r\u00e9gion du Grand Est. <strong>Ferrette, Saint-Dizier, Saint-Louis, Haguenau, \u00c9pernay, Montigny-l\u00e8s-Metz, Vand\u0153uvre-l\u00e8s-Nancy, \u00c9pinal<\/strong>, sont \u00e9galement des villes du Grand Est qui se distinguent par leur architecture hors du commun et leur paysage s\u00e9duisant. Et lorsque vous d\u00e9couvrirez l&rsquo;histoire de cette grande r\u00e9gion de France, vous tomberez sous le charme des ch\u00e2teaux qui perlent sa carte. Voici les 20 ch\u00e2teaux les plus c\u00e9l\u00e8bres du Grand Est \u00e0 voir absolument cet hiver !<\/p>\n<p>Les 10 plus grandes villes de la r\u00e9gion du Grand Est : combien de villes compte la r\u00e9gion ?<\/p>\n<p>La r\u00e9gion du Grand Est compte plus de 5000 communes r\u00e9parties sur 10 grands d\u00e9partements qui sont notamment : <strong>l&rsquo;Ardenne (08), l&rsquo;Aube (10), la Marne (51), la Haute-Marne (52), la Meurthe-et-Moselle (54), la Meuse (55), la Moselle (57), le Bas-Rhin (67), le Haut-Rhin (68), les Vosges (88)<\/strong>. Et dans chaque d\u00e9partement, une grande ville. Voici les 10 grandes villes de cette r\u00e9gion du Grand Est :<\/p>\n<ol>\n<li><strong>Strasbourg<\/strong> (Bas-Rhin) \u2013 291 313 habitants<\/li>\n<li><strong>Reims<\/strong> (Marne) \u2013 179 380 habitants<\/li>\n<li><strong>Metz<\/strong> (Moselle) \u2013 120 874 habitants<\/li>\n<li><strong>Mulhouse<\/strong> (Haut-Rhin) \u2013 106 341 habitants<\/li>\n<li><strong>Nancy<\/strong> (Meurthe-et-Moselle) \u2013 104 260 habitants<\/li>\n<li><strong>Colmar<\/strong> (Haut-Rhin) \u2013 67 730 habitants<\/li>\n<li><strong>Troyes<\/strong> (Aube) \u2013 62 782 habitants<\/li>\n<li><strong>Charleville-M\u00e9zi\u00e8res<\/strong> (Ardennes) \u2013 46 398 habitants<\/li>\n<li><strong>Ch\u00e2lons-en-Champagne<\/strong> (Marne) \u2013 43 877 habitants<\/li>\n<li><strong>Thionville<\/strong> (Moselle) \u2013 42 163 habitants<\/li>\n<\/ol>\n<p>Voici les 20 ch\u00e2teaux les plus c\u00e9l\u00e8bres \u00e0 voir cet hiver dans le Grand Est<\/p>\n<p>Le Grand Est est connu pour ses belles architectures en raison des diff\u00e9rentes <a href=\"https:\/\/www.caminteresse.fr\/histoire\/leurope-des-nations-quand-les-traites-de-westphalie-scellent-la-creation-des-etats-et-des-identites-europeennes-11198036\/\" rel=\"nofollow noopener\" target=\"_blank\">civilisations europ\u00e9ennes<\/a> qui ont travers\u00e9 la r\u00e9gion. Autrefois connue sous le nom de <strong>C\u0153ur d&rsquo;Europe, Austrasie, Euror\u00e9gion Est, Lotharingie, Est Europe, Grand Est Europe<\/strong>, elle portera le nom d\u00e9finitif du Grand Est gr\u00e2ce \u00e0 la fusion initi\u00e9e par le d\u00e9cret en Conseil d&rsquo;\u00c9tat le 28 septembre 2016. Aujourd&rsquo;hui le Grand Est compte plus d&rsquo;une cinquantaine de ch\u00e2teaux. Voici les 20 ch\u00e2teaux les plus embl\u00e9matiques de la r\u00e9gion, y compris ceux en ruines.<\/p>\n<p>Ch\u00e2teau du Haut-Koenigsbourg<\/p>\n<p>Situ\u00e9 \u00e0 Orschwiller, dans le d\u00e9partement du Bas-Rhin, le Ch\u00e2teau du Haut-Koenigsbourg a \u00e9t\u00e9 initialement construit au XII\u1d49 si\u00e8cle. <strong>Il a appartenu successivement aux Hohenstaufen, aux ducs de Lorraine et aux Habsbourg<\/strong>. Abandonn\u00e9 apr\u00e8s la guerre de Trente Ans, il a \u00e9t\u00e9 restaur\u00e9 au d\u00e9but du XX\u1d49 si\u00e8cle sous l&rsquo;impulsion de l&#8217;empereur allemand Guillaume II.<\/p>\n<p>\t\t\t\t\tCh\u00e2teau de Sedan<\/p>\n<p>Situ\u00e9 \u00e0 Sedan, dans les Ardennes, ce ch\u00e2teau fort a \u00e9t\u00e9 \u00e9difi\u00e9 en 1424 par \u00c9vrard de La Marck. Il est consid\u00e9r\u00e9 comme la plus grande forteresse m\u00e9di\u00e9vale d&rsquo;Europe, <strong>couvrant plus de 35 000 m\u00b2<\/strong>. Le ch\u00e2teau a \u00e9t\u00e9 le si\u00e8ge de la puissante famille de La Marck, qui a jou\u00e9 un r\u00f4le significatif dans l&rsquo;histoire r\u00e9gionale.<\/p>\n<p>Ch\u00e2teau de Malbrouck<\/p>\n<p>\u00c9rig\u00e9 au XV\u1d49 si\u00e8cle \u00e0 Manderen, en Moselle, le ch\u00e2teau de Malbrouck a \u00e9t\u00e9 construit par Arnold VI de Sierck. Il a servi de r\u00e9sidence \u00e0 plusieurs familles nobles avant de tomber en ruine. <strong>Restaur\u00e9 dans les ann\u00e9es 1990<\/strong>, <strong>il accueille aujourd&rsquo;hui des expositions et des \u00e9v\u00e9nements culturels<\/strong>.<\/p>\n<p>Ch\u00e2teau de Lun\u00e9ville<\/p>\n<p>Surnomm\u00e9 le \u00ab\u00a0<strong>Versailles lorrain<\/strong>\u00ab\u00a0, le Ch\u00e2teau de Lun\u00e9ville, situ\u00e9 en Meurthe-et-Moselle, a \u00e9t\u00e9 construit au XVIII\u1d49 si\u00e8cle pour le duc L\u00e9opold Ier de Lorraine. Il a servi de r\u00e9sidence aux ducs de Lorraine, notamment Stanislas Leszczynski, ancien roi de Pologne.<\/p>\n<p>Ch\u00e2teau de Fleckenstein<\/p>\n<p>Perch\u00e9 sur un \u00e9peron rocheux \u00e0 Lembach, dans le Bas-Rhin, le Ch\u00e2teau de Fleckenstein date du XII\u1d49 si\u00e8cle. <strong>Il a \u00e9t\u00e9 la demeure de la famille Fleckenstein jusqu&rsquo;\u00e0 sa destruction en 1689 par les troupes fran\u00e7aises<\/strong>. Les ruines offrent aujourd&rsquo;hui un panorama impressionnant sur <a href=\"https:\/\/www.caminteresse.fr\/environnement\/comment-les-forets-urbaines-permettent-elles-de-reduire-la-temperature-dans-les-villes-11197627\/\" rel=\"nofollow noopener\" target=\"_blank\">la for\u00eat<\/a> environnante.<\/p>\n<p>\t\t\t\t\tCh\u00e2teau de La Mothe<\/p>\n<p>Situ\u00e9 \u00e0 Outrem\u00e9court, en Haute-Marne, le ch\u00e2teau de La Mothe a \u00e9t\u00e9 construit au XIII\u1d49 si\u00e8cle. <strong>Il a appartenu \u00e0 la famille de Joinville avant d&rsquo;\u00eatre d\u00e9mantel\u00e9 sur ordre de Louis XIII au XVII\u1d49 si\u00e8cle<\/strong>. Les vestiges et autres ruines t\u00e9moignent de son importance pass\u00e9e.<\/p>\n<p>Ch\u00e2teau de Harou\u00e9<\/p>\n<p>\u00c9difi\u00e9 au XVIII\u1d49 si\u00e8cle \u00e0 Harou\u00e9, en Meurthe-et-Moselle, le ch\u00e2teau a \u00e9t\u00e9 con\u00e7u par l&rsquo;architecte Germain Boffrand pour le prince Marc de Beauvau-Craon. <strong>Il est toujours habit\u00e9 par les descendants de la famille Beauvau-Craon<\/strong>.<\/p>\n<p>Ch\u00e2teau de Montcornet<\/p>\n<p>Situ\u00e9 \u00e0 Montcornet, dans les Ardennes, ce ch\u00e2teau fort a \u00e9t\u00e9 construit au XI\u1d49 si\u00e8cle. Il a appartenu \u00e0 plusieurs seigneurs, dont la famille de Montcornet, avant d&rsquo;\u00eatre d\u00e9truit partiellement au XVII\u1d49 si\u00e8cle. <strong>Les ruines imposantes sont ouvertes \u00e0 la visite.<\/strong><\/p>\n<p>Ch\u00e2teau de Commercy<\/p>\n<p>Situ\u00e9 \u00e0 Commercy, dans la Meuse, <a href=\"https:\/\/www.caminteresse.fr\/culture\/a-quoi-servaient-les-douves-des-chateaux-forts-et-comment-etaient-elles-construites-11197976\/\" rel=\"nofollow noopener\" target=\"_blank\">le ch\u00e2teau<\/a> actuel a \u00e9t\u00e9 reconstruit au XVIII\u1d49 si\u00e8cle sur les vestiges d&rsquo;une forteresse m\u00e9di\u00e9vale. <strong>Il a \u00e9t\u00e9 la r\u00e9sidence de Charles Henri de Lorraine<\/strong>, prince de Vaud\u00e9mont, et est c\u00e9l\u00e8bre pour avoir accueilli Stanislas Leszczynski.<\/p>\n<p>\t\t\t\t\tCh\u00e2teau de Hombourg-Budange<\/p>\n<p>Situ\u00e9 \u00e0 Hombourg-Budange, en Moselle, ce ch\u00e2teau a \u00e9t\u00e9 construit au XVI\u1d49 si\u00e8cle par la famille de Raville. <strong>Il a ensuite appartenu aux familles de Custine et de Wendel. Restaur\u00e9 au XIX\u1d49 si\u00e8cle, il est entour\u00e9 d&rsquo;un parc \u00e0 l&rsquo;anglaise<\/strong>.<\/p>\n<p>Ch\u00e2teau de Guebwiller<\/p>\n<p>Situ\u00e9 \u00e0 Guebwiller, dans le Haut-Rhin, le ch\u00e2teau a \u00e9t\u00e9 construit au XVIII\u1d49 si\u00e8cle pour le prince-abb\u00e9 de Murbach. Il a servi de r\u00e9sidence aux abb\u00e9s jusqu&rsquo;\u00e0 la R\u00e9volution fran\u00e7aise. <strong>Aujourd&rsquo;hui, il abrite des institutions culturelles<\/strong>.<\/p>\n<p>Ch\u00e2teau de La Petite-Pierre<\/p>\n<p>Perch\u00e9 sur un promontoire \u00e0 La Petite-Pierre, dans <a href=\"https:\/\/www.caminteresse.fr\/insolite\/pourquoi-le-bas-rhin-est-il-en-haut-et-le-haut-rhin-est-en-bas-11193279\/\" rel=\"nofollow noopener\" target=\"_blank\">le Bas-Rhin<\/a>, ce ch\u00e2teau a \u00e9t\u00e9 construit au XII\u1d49 si\u00e8cle par les comtes de Lutzelstein. <strong>Il a \u00e9t\u00e9 remani\u00e9 par Vauban au XVII\u1d49 si\u00e8cle<\/strong>. Il abrite aujourd&rsquo;hui le si\u00e8ge du Parc naturel r\u00e9gional des Vosges du Nord.<\/p>\n<p>Ch\u00e2teau de Sierck-les-Bains<\/p>\n<p>Dominant la Moselle \u00e0 Sierck-les-Bains, en Moselle, ce ch\u00e2teau fort a \u00e9t\u00e9 construit au XI\u1d49 si\u00e8cle par les ducs de Lorraine. <strong>Il a \u00e9t\u00e9 le th\u00e9\u00e2tre de nombreux si\u00e8ges<\/strong> et a appartenu \u00e0 la famille des Habsbourg au XVI\u1d49 si\u00e8cle.<\/p>\n<p>\t\t\t\t\tCh\u00e2teau de Joinville<\/p>\n<p>Situ\u00e9 \u00e0 Joinville, en Haute-Marne, <a href=\"https:\/\/www.caminteresse.fr\/histoire\/quelle-etait-la-fonction-des-chateaux-forts-au-moyen-age-11198141\/\" rel=\"nofollow noopener\" target=\"_blank\">le ch\u00e2teau<\/a> a \u00e9t\u00e9 construit au XVI\u1d49 si\u00e8cle par Claude de Lorraine, premier duc de Guise. <strong>Il a \u00e9t\u00e9 un centre culturel important \u00e0 la Renaissance avant d&rsquo;\u00eatre d\u00e9truit \u00e0 la R\u00e9volution<\/strong>. Les jardins en terrasses sont encore visibles.<\/p>\n<p>Ch\u00e2teau de F\u00e9n\u00e9trange<\/p>\n<p>Situ\u00e9 \u00e0 F\u00e9n\u00e9trange, en Moselle, ce ch\u00e2teau a \u00e9t\u00e9 construit au XIII\u1d49 si\u00e8cle et remani\u00e9 aux XVI\u1d49 et XVII\u1d49 si\u00e8cles. Il a appartenu \u00e0 <strong>la famille de F\u00e9n\u00e9trange puis aux comtes de Sarrebruck.<\/strong> Il est connu pour sa cour int\u00e9rieure Renaissance.<\/p>\n<p>Ch\u00e2teau de Saint-Ulrich<\/p>\n<p>Situ\u00e9 \u00e0 Ribeauvill\u00e9, dans le Haut-Rhin, ce ch\u00e2teau a \u00e9t\u00e9 \u00e9difi\u00e9 au XII\u1d49 si\u00e8cle par les seigneurs de Ribeaupierre. C&rsquo;est l&rsquo;un des trois ch\u00e2teaux qui dominent Ribeauvill\u00e9. Saint-Ulrich a servi de r\u00e9sidence principale \u00e0 la famille avant de tomber en ruine apr\u00e8s la guerre de Trente Ans. Perch\u00e9 \u00e0 flanc de montagne, <strong>il offre un panorama spectaculaire sur la plaine d&rsquo;Alsace<\/strong>.<\/p>\n<p>Ch\u00e2teau de Landskron<\/p>\n<p>\u00c0 Leymen, dans le Haut-Rhin, le Ch\u00e2teau de Landskron date du XIII\u1d49 si\u00e8cle. Il fut un temps sous le contr\u00f4le des Habsbourg et connut plusieurs batailles <strong>avant d&rsquo;\u00eatre d\u00e9mantel\u00e9 au XVII\u1d49 si\u00e8cle par les troupes fran\u00e7aises.<\/strong> Ses vestiges imposants t\u00e9moignent de son r\u00f4le d\u00e9fensif et strat\u00e9gique au fil des si\u00e8cles.<\/p>\n<p>\t\t\t\t\tCh\u00e2teau des Rohan \u00e0 Saverne<\/p>\n<p>Le Ch\u00e2teau des Rohan, \u00e0 Saverne, dans le Bas-Rhin, a \u00e9t\u00e9 construit au XVIII\u1d49 si\u00e8cle par le cardinal <strong>Louis-Ren\u00e9-\u00c9douard de Rohan<\/strong>, membre de la c\u00e9l\u00e8bre famille des Rohan. Connu comme le \u00ab\u00a0<strong>Petit Versailles alsacien<\/strong>\u00ab\u00a0, il est aujourd&rsquo;hui un centre culturel et un lieu d&rsquo;expositions, tout en refl\u00e9tant l&rsquo;\u00e9l\u00e9gance de l&rsquo;architecture classique fran\u00e7aise.<\/p>\n<p>Ch\u00e2teau de Spesbourg<\/p>\n<p>\u00c0 Andlau, dans le Bas-Rhin, ce ch\u00e2teau fort du XIII\u1d49 si\u00e8cle fut construit par Alexandre de Stahleck. Il \u00e9tait destin\u00e9 \u00e0 surveiller la route entre Andlau et <a href=\"https:\/\/www.caminteresse.fr\/insolite\/qui-etait-la-femme-a-barbe-des-vosges-11103236\/\" rel=\"nofollow noopener\" target=\"_blank\">les Vosges<\/a>. <strong>Il fut partiellement d\u00e9truit au XVII\u1d49 si\u00e8cle, mais ses vestiges impressionnants attirent les randonneurs et les amateurs d&rsquo;histoire m\u00e9di\u00e9vale<\/strong>.<\/p>\n<p>Ch\u00e2teau de Lichtenberg<\/p>\n<p>Perch\u00e9 sur un \u00e9peron rocheux \u00e0 Lichtenberg, dans le Bas-Rhin, ce ch\u00e2teau a \u00e9t\u00e9 construit au XIII\u1d49 si\u00e8cle par la famille des Lichtenberg. <strong>Il a \u00e9t\u00e9 remani\u00e9 par Vauban au XVII\u1d49 si\u00e8cle<\/strong> pour renforcer ses d\u00e9fenses. Restaur\u00e9 au XX\u1d49 si\u00e8cle, <strong>il abrite aujourd&rsquo;hui un espace culturel d\u00e9di\u00e9 \u00e0 l\u2019histoire r\u00e9gionale et aux arts<\/strong>.<\/p>\n<p><strong>\u00c7a peut aussi vous int\u00e9resser<\/strong> :<\/p>\n<p><a href=\"https:\/\/www.caminteresse.fr\/culture\/quelle-etait-la-premiere-langue-parlee-en-alsace-11193601\/\" rel=\"nofollow noopener\" target=\"_blank\">Quelle \u00e9tait la premi\u00e8re langue parl\u00e9e en Alsace ?<\/a><\/p>\n<p><a href=\"https:\/\/www.caminteresse.fr\/sciences\/des-abeilles-produisent-du-miel-bleu-et-vert-en-alsace-comment-est-ce-possible-1151613\/\" rel=\"nofollow noopener\" target=\"_blank\">Des abeilles produisent du miel bleu et vert en Alsace. Comment est-ce possible ?<\/a><\/p>\n<p><a href=\"https:\/\/www.caminteresse.fr\/culture\/cette-etrange-ville-fantome-de-turquie-ne-compte-que-des-chateaux-11196597\/\" rel=\"nofollow noopener\" target=\"_blank\">Cette \u00e9trange ville fant\u00f4me de Turquie ne compte que des ch\u00e2teaux<\/a><\/p>\n<p><a href=\"https:\/\/www.caminteresse.fr\/culture\/tourisme-insolite-7-chateaux-meconnus-a-visiter-pendant-les-vacances-11196199\/\" rel=\"nofollow noopener\" target=\"_blank\">Tourisme insolite : 7 ch\u00e2teaux m\u00e9connus \u00e0 visiter pendant les vacances<\/a><\/p>\n<p><a href=\"https:\/\/www.caminteresse.fr\/histoire\/ces-anecdotes-meconnues-sur-le-chateau-de-versailles-vont-vous-surprendre-11189403\/\" rel=\"nofollow noopener\" target=\"_blank\">Ces anecdotes m\u00e9connues sur le Ch\u00e2teau de Versailles vont vous surprendre !<\/a><\/p>\n<p><a href=\"https:\/\/www.caminteresse.fr\/culture\/a-la-decouverte-du-chateau-de-montmirail-du-film-les-visiteurs-11193227\/\" rel=\"nofollow noopener\" target=\"_blank\">\u00c0 la d\u00e9couverte du ch\u00e2teau de Montmirail du film Les Visiteurs<\/a><\/p>\n<p><a href=\"https:\/\/www.caminteresse.fr\/societe\/quels-sont-les-chateaux-a-une-heure-de-paris-a-voir-absolument-ce-printemps-11193946\/\" rel=\"nofollow noopener\" target=\"_blank\">Quels sont les ch\u00e2teaux \u00e0 une heure de Paris \u00e0 voir absolument ce printemps ?<\/a><\/p>\n","protected":false},"excerpt":{"rendered":"La r\u00e9gion du Grand Est fait partie des belles r\u00e9gions de France. Mais, elle est aussi connue comme&hellip;\n","protected":false},"author":2,"featured_media":61097,"comment_status":"","ping_status":"","sticky":false,"template":"","format":"standard","meta":{"footnotes":""},"categories":[9635],"tags":[1111,11,15881,1777,674,1011,27,775,15882,1702,12,25,602,2528],"class_list":{"0":"post-61096","1":"post","2":"type-post","3":"status-publish","4":"format-standard","5":"has-post-thumbnail","7":"category-nancy","8":"tag-actu","9":"tag-actualites","10":"tag-chu00e2teau","11":"tag-eu","12":"tag-europe","13":"tag-fr","14":"tag-france","15":"tag-grand-est","16":"tag-mu00e9tu00e9o","17":"tag-nancy","18":"tag-news","19":"tag-republique-francaise","20":"tag-tourisme","21":"tag-vacances"},"share_on_mastodon":{"url":"https:\/\/pubeurope.com\/@fr\/114419769212521760","error":""},"_links":{"self":[{"href":"https:\/\/www.europesays.com\/fr\/wp-json\/wp\/v2\/posts\/61096","targetHints":{"allow":["GET"]}}],"collection":[{"href":"https:\/\/www.europesays.com\/fr\/wp-json\/wp\/v2\/posts"}],"about":[{"href":"https:\/\/www.europesays.com\/fr\/wp-json\/wp\/v2\/types\/post"}],"author":[{"embeddable":true,"href":"https:\/\/www.europesays.com\/fr\/wp-json\/wp\/v2\/users\/2"}],"replies":[{"embeddable":true,"href":"https:\/\/www.europesays.com\/fr\/wp-json\/wp\/v2\/comments?post=61096"}],"version-history":[{"count":0,"href":"https:\/\/www.europesays.com\/fr\/wp-json\/wp\/v2\/posts\/61096\/revisions"}],"wp:featuredmedia":[{"embeddable":true,"href":"https:\/\/www.europesays.com\/fr\/wp-json\/wp\/v2\/media\/61097"}],"wp:attachment":[{"href":"https:\/\/www.europesays.com\/fr\/wp-json\/wp\/v2\/media?parent=61096"}],"wp:term":[{"taxonomy":"category","embeddable":true,"href":"https:\/\/www.europesays.com\/fr\/wp-json\/wp\/v2\/categories?post=61096"},{"taxonomy":"post_tag","embeddable":true,"href":"https:\/\/www.europesays.com\/fr\/wp-json\/wp\/v2\/tags?post=61096"}],"curies":[{"name":"wp","href":"https:\/\/api.w.org\/{rel}","templated":true}]}}