{"id":610973,"date":"2025-12-20T04:06:13","date_gmt":"2025-12-20T04:06:13","guid":{"rendered":"https:\/\/www.europesays.com\/fr\/610973\/"},"modified":"2025-12-20T04:06:13","modified_gmt":"2025-12-20T04:06:13","slug":"karine-le-marchand-au-bout-du-rouleau-ce-choix-radical-loin-des-cameras-qui-inquiete-les-fans-de-lamour-est-dans-le-pre","status":"publish","type":"post","link":"https:\/\/www.europesays.com\/fr\/610973\/","title":{"rendered":"Karine Le Marchand au bout du rouleau : ce choix radical loin des cam\u00e9ras qui inqui\u00e8te les fans de L&rsquo;amour est dans le pr\u00e9"},"content":{"rendered":"<p>\u00c9puis\u00e9e par une ann\u00e9e 2025 marathon,<br \/>\nKarine Le Marchand l\u00e2che enfin prise et s&rsquo;\u00e9loigne des plateaux. Que<br \/>\ncache vraiment cette pause loin du tumulte t\u00e9l\u00e9 ?<\/p>\n<p>En 2025, M6 a c\u00e9l\u00e9br\u00e9 en fanfare les 20 ans de L&rsquo;amour est<br \/>\ndans le pr\u00e9. En premi\u00e8re ligne, Karine Le Marchand a encha\u00een\u00e9<br \/>\ntournages et primes sp\u00e9ciaux jusqu&rsquo;\u00e0 fr\u00f4ler la saturation.<\/p>\n<p>La star de M6 affiche toujours un large sourire, mais la fin<br \/>\nd&rsquo;ann\u00e9e l&rsquo;a trouv\u00e9e \u00e9puis\u00e9e. \u00c0 l&rsquo;approche des f\u00eates, elle a choisi<br \/>\nInstagram pour annoncer une vraie pause, loin des objectifs. Une<br \/>\nparenth\u00e8se assum\u00e9e.<\/p>\n<p><strong>Karine Le Marchand \u00e9puis\u00e9e<\/strong>, une ann\u00e9e<br \/>\n\u00e9prouvante<\/p>\n<p>Pour les 20 ans de L&rsquo;amour est dans le pr\u00e9, elle a<br \/>\nencha\u00een\u00e9 20e saison et primes sp\u00e9ciaux, avec le retour de nombreux<br \/>\nagriculteurs, dont Jean-Fran\u00e7ois, \u00e9leveur de brebis qui y a fait<br \/>\nson coming out. Cet \u00e9t\u00e9, la maman d&rsquo;Alya a pass\u00e9 des analyses qui<br \/>\nl&rsquo;ont pouss\u00e9e \u00e0 changer d&rsquo;alimentation et \u00e0 suivre un traitement.<br \/>\n\u00ab\u00a0Comme tout le monde, vous avez eu votre lot de malheurs et de<br \/>\nbonheurs, c\u2019\u00e9tait une ann\u00e9e tr\u00e8s intense\u00a0\u00bb, a r\u00e9sum\u00e9 l&rsquo;animatrice<br \/>\ndans son message de fin d&rsquo;ann\u00e9e. \u00ab\u00a0Je suis extr\u00eamement contente<br \/>\nd\u2019enterrer cette ann\u00e9e\u00a0\u00bb, a-t-elle confi\u00e9.<\/p>\n<p>Vacances au soleil pour Karine Le Marchand<\/p>\n<p>Dans une story tourn\u00e9e face cam\u00e9ra, sans fard, l&rsquo;animatrice a<br \/>\nmis des mots tr\u00e8s crus sur son \u00e9tat : \u00ab\u00a0L\u00e0 je crois que je suis au<br \/>\nbout du bout du bout du bout de ce que cette ann\u00e9e m\u2019a donn\u00e9e\u00a0\u00bb,<br \/>\na-t-elle l\u00e2ch\u00e9 sur Instagram, selon Voici. Elle a annonc\u00e9 qu&rsquo;elle<br \/>\ns&rsquo;appr\u00eatait \u00e0 s&rsquo;envoler \u00ab\u00a0loin, au soleil\u00a0\u00bb, son \u00e9quipe assurant la<br \/>\ncontinuit\u00e9 au bureau.<\/p>\n<p>Loin d&rsquo;un simple break, Karine Le Marchand veut aussi rompre<br \/>\navec la surconnexion. \u00ab\u00a0Je ne sais m\u00eame pas s\u2019il y aura du wifi, si<br \/>\nje vais pouvoir poster\u00a0\u00bb, a-t-elle expliqu\u00e9, presque soulag\u00e9e. Elle<br \/>\na gliss\u00e9 dans sa valise un programme minimaliste : \u00ab\u00a0J\u2019ai pris trois<br \/>\nbouquins dans la valise, je suis tr\u00e8s ambitieuse. Et je suis trop<br \/>\ncontente, sinc\u00e8rement.\u00a0\u00bb, a souri la marieuse pr\u00e9f\u00e9r\u00e9e des<br \/>\nagriculteurs.<\/p>\n<p>Drames et fous rires dans<br \/>\nL&rsquo;amour est dans le pr\u00e9<\/p>\n<p>La mort de G\u00e9rard Kadoche a marqu\u00e9 sa fin d&rsquo;ann\u00e9e. Elle lui a<br \/>\n\u00e9crit sur Instagram : \u00ab\u00a0Ma V\u00e9ronika Loubry, je t&rsquo;aime ma guerri\u00e8re.<br \/>\nIl y a une semaine, ma s\u0153ur du Sud, un gouffre s&rsquo;est ouvert sous<br \/>\ntes pieds, et nous avec toi, nous avons tous chancel\u00e9\u00a0\u00bb. Puis elle a<br \/>\nracont\u00e9 : \u00ab\u00a0Spontan\u00e9ment, je me souviens d&rsquo;un agriculteur qui<br \/>\nn&rsquo;avait pas beaucoup de dents, \u00e7a arrive parfois, mais il n&rsquo;avait<br \/>\npas beaucoup de dents devant, et il m&rsquo;avait dit qu&rsquo;il avait un<br \/>\ndentier. Et je lui dis &lsquo;\u00e9coute, essaye quand m\u00eame de mettre ton<br \/>\ndentier pour l&rsquo;apr\u00e8s-midi, parce que pour l&rsquo;interview love et tout<br \/>\n\u00e7a, \u00e7a serait quand m\u00eame plus sympa\u00a0\u00bb, a-t-elle confi\u00e9 au journal<br \/>\nOuest-France, cit\u00e9 par Purem\u00e9dias. \u00ab\u00a0Et donc, \u00e0 l&rsquo;heure du d\u00e9jeuner,<br \/>\nil part chercher son dentier. Il n&rsquo;avait pas enlev\u00e9 son micro et<br \/>\nl&rsquo;ing\u00e9nieur du son me donne le casque et me dit &lsquo;il se passe un<br \/>\ntruc bizarre&rsquo;. On ne dit rien, je ne sais pas ce qu&rsquo;il se passe et<br \/>\ntout \u00e7a. Et il revient sans son dentier. Et je lui dis &lsquo;bah,<br \/>\npourquoi tu n&rsquo;as pas mis ton dentier ?&rsquo;. Il me r\u00e9pond : &lsquo;Je n&rsquo;ai<br \/>\npas r\u00e9ussi \u00e0 mettre la main dessus, j&rsquo;ai essay\u00e9 celui de ma m\u00e8re<br \/>\nmorte, mais \u00e7a ne passait pas\u00a0\u00bb. \u00ab\u00a0Et l\u00e0, je prends sur moi, et je<br \/>\ncommence \u00e0 discuter avec lui de l&rsquo;interview. Mais je n&rsquo;y arrive<br \/>\npas, j&rsquo;ai l&rsquo;image en t\u00eate, et je trouve \u00e7a tellement horrible et en<br \/>\nm\u00eame temps tellement dr\u00f4le. On a d\u00fb faire une pause d&rsquo;au moins<br \/>\ntrois quarts d&rsquo;heure, parce que toute l&rsquo;\u00e9quipe pleurait, mais on<br \/>\npleurait de rire\u00a0\u00bb, puis : \u00ab\u00a0C&rsquo;est quelqu&rsquo;un qui a trouv\u00e9 une femme.<br \/>\nMoralit\u00e9 : le physique n&rsquo;a pas d&rsquo;importance\u00a0\u00bb.<\/p>\n","protected":false},"excerpt":{"rendered":"\u00c9puis\u00e9e par une ann\u00e9e 2025 marathon, Karine Le Marchand l\u00e2che enfin prise et s&rsquo;\u00e9loigne des plateaux. Que cache&hellip;\n","protected":false},"author":2,"featured_media":610974,"comment_status":"","ping_status":"","sticky":false,"template":"","format":"standard","meta":{"footnotes":""},"categories":[1359],"tags":[47,72196,1000,58,59,1011,27,1393,973,252],"class_list":{"0":"post-610973","1":"post","2":"type-post","3":"status-publish","4":"format-standard","5":"has-post-thumbnail","7":"category-people","8":"tag-actualite","9":"tag-animatrice-tele","10":"tag-celebrites","11":"tag-divertissement","12":"tag-entertainment","13":"tag-fr","14":"tag-france","15":"tag-loisirs","16":"tag-people","17":"tag-television"},"share_on_mastodon":{"url":"https:\/\/pubeurope.com\/@fr\/115749924872919968","error":""},"_links":{"self":[{"href":"https:\/\/www.europesays.com\/fr\/wp-json\/wp\/v2\/posts\/610973","targetHints":{"allow":["GET"]}}],"collection":[{"href":"https:\/\/www.europesays.com\/fr\/wp-json\/wp\/v2\/posts"}],"about":[{"href":"https:\/\/www.europesays.com\/fr\/wp-json\/wp\/v2\/types\/post"}],"author":[{"embeddable":true,"href":"https:\/\/www.europesays.com\/fr\/wp-json\/wp\/v2\/users\/2"}],"replies":[{"embeddable":true,"href":"https:\/\/www.europesays.com\/fr\/wp-json\/wp\/v2\/comments?post=610973"}],"version-history":[{"count":0,"href":"https:\/\/www.europesays.com\/fr\/wp-json\/wp\/v2\/posts\/610973\/revisions"}],"wp:featuredmedia":[{"embeddable":true,"href":"https:\/\/www.europesays.com\/fr\/wp-json\/wp\/v2\/media\/610974"}],"wp:attachment":[{"href":"https:\/\/www.europesays.com\/fr\/wp-json\/wp\/v2\/media?parent=610973"}],"wp:term":[{"taxonomy":"category","embeddable":true,"href":"https:\/\/www.europesays.com\/fr\/wp-json\/wp\/v2\/categories?post=610973"},{"taxonomy":"post_tag","embeddable":true,"href":"https:\/\/www.europesays.com\/fr\/wp-json\/wp\/v2\/tags?post=610973"}],"curies":[{"name":"wp","href":"https:\/\/api.w.org\/{rel}","templated":true}]}}