{"id":610979,"date":"2025-12-20T04:12:32","date_gmt":"2025-12-20T04:12:32","guid":{"rendered":"https:\/\/www.europesays.com\/fr\/610979\/"},"modified":"2025-12-20T04:12:32","modified_gmt":"2025-12-20T04:12:32","slug":"radio-intensite-depart-en-vacances-et-manifestations-les-previsions-de-bison-fute","status":"publish","type":"post","link":"https:\/\/www.europesays.com\/fr\/610979\/","title":{"rendered":"RADIO INTENSITE | D\u00e9part en vacances et manifestations, les pr\u00e9visions de Bison Fut\u00e9"},"content":{"rendered":"\n<p align=\"JUSTIFY\">Les vacances scolaires commencent ce vendredi soir et \u00e0 l&rsquo;occasion des f\u00eates de fin d&rsquo;ann\u00e9e qui approchent, la circulation s&rsquo;annonce charg\u00e9e pour les d\u00e9parts. Selon Bison Fut\u00e9, la journ\u00e9e est class\u00e9e \u00ab orange \u00bb au niveau national et \u00ab rouge \u00bb en Auvergne-Rh\u00f4ne-Alpes. Pour les retours, c&rsquo;est vert au niveau national et orange dans le Nord, le Grand-Ouest et en Auvergne-Rh\u00f4ne-Alpes.<\/p>\n<p align=\"JUSTIFY\">Au niveau du p\u00e9age de Saint-Arnoult-en-Yvelines, sur l&rsquo;autoroute A10, le gros du trafic est attendu entre 15h00 et 21h00.<\/p>\n<p align=\"JUSTIFY\">\u00a0<\/p>\n<p align=\"JUSTIFY\">Bison Fut\u00e9 rappelle \u00e9galement que des points de manifestations persistent ce vendredi matin dans la r\u00e9gion :<\/p>\n<p align=\"JUSTIFY\">Dans le Loir-et-Cher, la nationale 10 reste perturb\u00e9e \u00e0 hauteur de Pezou, entre Vend\u00f4me et Ch\u00e2teaudun avec une coupure axe dans les deux sens, autour de l&rsquo;autoroute A10, les \u00e9changeurs Tours nord, Ch\u00e2teau-Renault, Blois et Mer sont ferm\u00e9s \u00e0 la circulation dans les deux sens.<\/p>\n<p><strong><a href=\"https:\/\/www.bison-fute.gouv.fr\/\" rel=\"noopener\" target=\"_blank\">www.bison-fute.gouv.fr<\/a><\/strong><\/p>\n","protected":false},"excerpt":{"rendered":"Les vacances scolaires commencent ce vendredi soir et \u00e0 l&rsquo;occasion des f\u00eates de fin d&rsquo;ann\u00e9e qui approchent, la&hellip;\n","protected":false},"author":2,"featured_media":610980,"comment_status":"","ping_status":"","sticky":false,"template":"","format":"standard","meta":{"footnotes":""},"categories":[1355],"tags":[47,6955,6427,16162,58,59,1939,1011,27,4368,1272,1361,873,72197,35435,18718,1097],"class_list":{"0":"post-610979","1":"post","2":"type-post","3":"status-publish","4":"format-standard","5":"has-post-thumbnail","7":"category-musique","8":"tag-actualite","9":"tag-autoroute","10":"tag-bison-fute","11":"tag-departs","12":"tag-divertissement","13":"tag-entertainment","14":"tag-eure-et-loir","15":"tag-fr","16":"tag-france","17":"tag-loir-et-cher","18":"tag-manifestations","19":"tag-music","20":"tag-musique","21":"tag-previsisons","22":"tag-radio-intensite","23":"tag-retours","24":"tag-trafic"},"share_on_mastodon":{"url":"https:\/\/pubeurope.com\/@fr\/115749948179209874","error":""},"_links":{"self":[{"href":"https:\/\/www.europesays.com\/fr\/wp-json\/wp\/v2\/posts\/610979","targetHints":{"allow":["GET"]}}],"collection":[{"href":"https:\/\/www.europesays.com\/fr\/wp-json\/wp\/v2\/posts"}],"about":[{"href":"https:\/\/www.europesays.com\/fr\/wp-json\/wp\/v2\/types\/post"}],"author":[{"embeddable":true,"href":"https:\/\/www.europesays.com\/fr\/wp-json\/wp\/v2\/users\/2"}],"replies":[{"embeddable":true,"href":"https:\/\/www.europesays.com\/fr\/wp-json\/wp\/v2\/comments?post=610979"}],"version-history":[{"count":0,"href":"https:\/\/www.europesays.com\/fr\/wp-json\/wp\/v2\/posts\/610979\/revisions"}],"wp:featuredmedia":[{"embeddable":true,"href":"https:\/\/www.europesays.com\/fr\/wp-json\/wp\/v2\/media\/610980"}],"wp:attachment":[{"href":"https:\/\/www.europesays.com\/fr\/wp-json\/wp\/v2\/media?parent=610979"}],"wp:term":[{"taxonomy":"category","embeddable":true,"href":"https:\/\/www.europesays.com\/fr\/wp-json\/wp\/v2\/categories?post=610979"},{"taxonomy":"post_tag","embeddable":true,"href":"https:\/\/www.europesays.com\/fr\/wp-json\/wp\/v2\/tags?post=610979"}],"curies":[{"name":"wp","href":"https:\/\/api.w.org\/{rel}","templated":true}]}}