{"id":610983,"date":"2025-12-20T04:16:23","date_gmt":"2025-12-20T04:16:23","guid":{"rendered":"https:\/\/www.europesays.com\/fr\/610983\/"},"modified":"2025-12-20T04:16:23","modified_gmt":"2025-12-20T04:16:23","slug":"une-cellule-du-cerveau-meconnue-pourrait-tout-changer","status":"publish","type":"post","link":"https:\/\/www.europesays.com\/fr\/610983\/","title":{"rendered":"une cellule du cerveau m\u00e9connue pourrait tout changer"},"content":{"rendered":"<p>La <a href=\"https:\/\/www.futura-sciences.com\/sante\/actualites\/maladie-alzheimer-maladie-alzheimer-75-facteurs-risques-genetiques-ont-ete-identifies-97749\/\" title=\"Maladie d\u2019Alzheimer : 75 facteurs de risques g\u00e9n\u00e9tiques ont \u00e9t\u00e9 identifi\u00e9s\" target=\"_blank\" rel=\"noopener\">maladie d&rsquo;Alzheimer<\/a>, fl\u00e9au du XXIe si\u00e8cle, continue de d\u00e9fier la communaut\u00e9 scientifique. En revanche, une lueur d&rsquo;espoir \u00e9merge gr\u00e2ce \u00e0 une \u00e9tude r\u00e9cente publi\u00e9e dans <a href=\"https:\/\/www.nature.com\/articles\/s43587-023-00424-y\" title=\"La microglie humaine pr\u00e9sente des changements transcriptionnels uniques dans la maladie d&#039;Alzheimer\" target=\"_blank\" rel=\"noopener\">Nature Aging<\/a>,\u00a0men\u00e9e par l&rsquo;Universit\u00e9 de Washington. Les chercheurs ont mis en <a href=\"https:\/\/www.futura-sciences.com\/sciences\/definitions\/physique-lumiere-326\/\" target=\"_blank\" rel=\"noopener\">lumi\u00e8re<\/a> le r\u00f4le crucial des <a href=\"https:\/\/www.futura-sciences.com\/sante\/actualites\/cancer-decouverte-majeure-scientifiques-identifient-cellules-immunitaires-origine-cancers-115568\/\" title=\"Une d\u00e9couverte majeure : des scientifiques identifient des cellules immunitaires \u00e0 l\u2019origine de cancers\" target=\"_blank\" rel=\"noopener\">cellules immunitaires<\/a> du cerveau dans le d\u00e9veloppement de cette pathologie d\u00e9vastatrice. Cette d\u00e9couverte pourrait bouleverser notre compr\u00e9hension de la maladie et ouvrir de nouvelles pistes th\u00e9rapeutiques.<\/p>\n<p>Les microgliocytes : sentinelles du cerveau sous un nouveau jour<\/p>\n<p>Au c\u0153ur de cette avanc\u00e9e se trouvent les microgliocytes, ces cellules immunitaires essentielles au bon fonctionnement c\u00e9r\u00e9bral. Leur r\u00f4le principal est de maintenir un environnement sain dans <a href=\"https:\/\/www.futura-sciences.com\/sante\/actualites\/cerveau-nouveau-type-cellule-ete-decouvert-cerveau-107838\/\" title=\"Un nouveau type de cellule a \u00e9t\u00e9 d\u00e9couvert dans le cerveau !\" target=\"_blank\" rel=\"noopener\">le cerveau<\/a> en \u00e9liminant les <a href=\"https:\/\/www.futura-sciences.com\/planete\/definitions\/developpement-durable-dechet-5725\/\" target=\"_blank\" rel=\"noopener\">d\u00e9chets<\/a> et en pr\u00e9servant les fonctions neuronales normales. Ces cellules passionnantes ont la capacit\u00e9 de changer de forme pour s&rsquo;adapter \u00e0 leur mission :<\/p>\n<ul dir=\"ltr\">\n<li role=\"presentation\">\u00e9limination des cellules mortes ;<\/li>\n<li role=\"presentation\">lutte contre les infections ;<\/li>\n<li role=\"presentation\">\u00ab \u00e9lagage \u00bb\u00a0des synapses pendant le d\u00e9veloppement c\u00e9r\u00e9bral.<\/li>\n<\/ul>\n<p>Toutefois, l&rsquo;\u00e9tude r\u00e9v\u00e8le que chez les personnes atteintes de la <a href=\"https:\/\/www.futura-sciences.com\/sante\/actualites\/maladie-alzheimer-alzheimer-ces-signes-votre-facon-parler-pourraient-etre-premiers-symptomes-120543\/\" title=\"Alzheimer : et si l&#039;immunoth\u00e9rapie pouvait ralentir le d\u00e9clin cognitif ?\" target=\"_blank\" rel=\"noopener\">maladie d&rsquo;Alzheimer<\/a>, ces gardiens du cerveau adoptent un comportement diff\u00e9rent. Les chercheurs ont identifi\u00e9 dix groupes distincts de microgliocytes, dont trois n&rsquo;avaient jamais \u00e9t\u00e9 observ\u00e9s auparavant. L&rsquo;un de ces nouveaux groupes s&rsquo;est av\u00e9r\u00e9 plus fr\u00e9quent chez les patients Alzheimer.<\/p>\n<p class=\"fs-media\">\n<p><img decoding=\"async\" data-imgid=\"full\" src=\"https:\/\/www.europesays.com\/fr\/wp-content\/uploads\/2025\/12\/microgliocytes-alzheimer.png\" width=\"1080\" height=\"720\" alt=\"\" loading=\"lazy\"\/><br \/>\nCe d\u00e9tail, d\u00e9couvert r\u00e9cemment, pourrait changer le traitement d\u2019Alzheimer : l&rsquo;\u00e9tat pr\u00e9-inflammatoire des microgliocytes dans les cerveaux atteints\u00a0serait-il\u00a0la cause ou la cons\u00e9quence de\u00a0la maladie ? \u00a9 Koto_Feja, iStock<\/p>\n<p>Un \u00e9tat pr\u00e9-inflammatoire : le talon d&rsquo;Achille des cerveaux atteints<\/p>\n<p>L&rsquo;analyse approfondie des \u00e9chantillons de tissus c\u00e9r\u00e9braux a mis en \u00e9vidence une caract\u00e9ristique frappante : les microgliocytes dans les cerveaux atteints d&rsquo;Alzheimer se trouvent plus souvent dans un \u00e9tat pr\u00e9-inflammatoire. Cette d\u00e9couverte est cruciale, car elle sugg\u00e8re que ces cellules sont pr\u00e9dispos\u00e9es \u00e0 d\u00e9clencher une r\u00e9ponse inflammatoire excessive.<\/p>\n<p>Ce ph\u00e9nom\u00e8ne pourrait expliquer l&rsquo;\u00e9chec des essais cliniques ant\u00e9rieurs utilisant des m\u00e9dicaments anti-inflammatoires. De mani\u00e8re similaire, ces traitements ciblaient probablement le mauvais stade du processus inflammatoire. Katherine Prater, neuroscientifique \u00e0 l&rsquo;Universit\u00e9 de Washington, souligne : \u00ab Nous ne pouvons pas encore affirmer si les microgliocytes sont la cause de la pathologie ou si la pathologie provoque ces changements de comportement chez les microgliocytes \u00bb.<\/p>\n<p>Cette incertitude ouvre la voie \u00e0 de nouvelles recherches pour d\u00e9terminer la s\u00e9quence exacte des \u00e9v\u00e9nements menant \u00e0 la d\u00e9g\u00e9n\u00e9rescence neuronale caract\u00e9ristique d&rsquo;<a href=\"https:\/\/www.futura-sciences.com\/sante\/actualites\/maladie-alzheimer-maladie-alzheimer-75-facteurs-risques-genetiques-ont-ete-identifies-97749\/\" title=\"Maladie d\u2019Alzheimer : 75 facteurs de risques g\u00e9n\u00e9tiques ont \u00e9t\u00e9 identifi\u00e9s\" target=\"_blank\" rel=\"noopener\">Alzheimer<\/a>.<\/p>\n<p>Vers de nouvelles strat\u00e9gies th\u00e9rapeutiques<\/p>\n<p>La d\u00e9couverte de ces diff\u00e9rents groupes de microgliocytes et de leur comportement sp\u00e9cifique dans la <a href=\"https:\/\/www.futura-sciences.com\/sante\/definitions\/medecine-maladie-alzheimer-3606\/\" target=\"_blank\" rel=\"noopener\">maladie d&rsquo;Alzheimer<\/a> offre de nouvelles perspectives th\u00e9rapeutiques. Les chercheurs envisagent d\u00e9sormais de d\u00e9velopper des traitements ciblant ces <a href=\"https:\/\/www.futura-sciences.com\/sante\/actualites\/cerveau-deux-nouveaux-types-cellule-decouvertes-cerveau-souris-88093\/\" title=\"Deux nouveaux types de cellule d\u00e9couvertes dans le cerveau des souris\" target=\"_blank\" rel=\"noopener\">cellules<\/a> particuli\u00e8res pour pr\u00e9venir ou ralentir la progression de la maladie.<\/p>\n<p>Voici un aper\u00e7u des pistes th\u00e9rapeutiques potentielles :<\/p>\n<tr>\n<td>\n<p>Approche<\/p>\n<\/td>\n<td>\n<p>Objectif<\/p>\n<\/td>\n<\/tr>\n<tr>\n<td>\n<p><a href=\"https:\/\/www.futura-sciences.com\/tech\/definitions\/tech-modulation-1254\/\" target=\"_blank\" rel=\"noopener\">Modulation<\/a> de l&rsquo;\u00e9tat pr\u00e9-inflammatoire<\/p>\n<\/td>\n<td>\n<p>Emp\u00eacher le d\u00e9clenchement de l&rsquo;<a href=\"https:\/\/www.futura-sciences.com\/sante\/definitions\/biologie-inflammation-15288\/\" target=\"_blank\" rel=\"noopener\">inflammation<\/a> excessive<\/p>\n<\/td>\n<\/tr>\n<tr>\n<td>\n<p><a href=\"https:\/\/www.futura-sciences.com\/sante\/definitions\/biologie-stimulation-829\/\" target=\"_blank\" rel=\"noopener\">Stimulation<\/a> des microgliocytes protecteurs<\/p>\n<\/td>\n<td>\n<p>Favoriser l&rsquo;\u00e9limination des d\u00e9chets et la protection neuronale<\/p>\n<\/td>\n<\/tr>\n<tr>\n<td>\n<p>Ciblage des groupes sp\u00e9cifiques de microgliocytes<\/p>\n<\/td>\n<td>\n<p>R\u00e9duire l&rsquo;activit\u00e9 des cellules potentiellement nocives<\/p>\n<\/td>\n<\/tr>\n<p>Cette avanc\u00e9e scientifique offre un nouvel espoir aux millions de personnes touch\u00e9es par la <a href=\"https:\/\/www.futura-sciences.com\/sante\/actualites\/maladie-alzheimer-buveurs-cafe-mieux-proteges-maladie-alzheimer-114483\/\" title=\"Les buveurs de caf\u00e9 mieux prot\u00e9g\u00e9s contre la maladie d\u2019Alzheimer ?\" target=\"_blank\" rel=\"noopener\">maladie d&rsquo;Alzheimer<\/a> dans le monde. En comprenant mieux le r\u00f4le des microgliocytes, les chercheurs ouvrent la voie \u00e0 des traitements plus cibl\u00e9s et potentiellement plus efficaces. La route vers un traitement <a href=\"https:\/\/www.futura-sciences.com\/sante\/definitions\/medecine-curatif-2653\/\" target=\"_blank\" rel=\"noopener\">curatif<\/a> reste longue, mais chaque d\u00e9couverte nous rapproche un peu plus de cet objectif crucial.<\/p>\n","protected":false},"excerpt":{"rendered":"La maladie d&rsquo;Alzheimer, fl\u00e9au du XXIe si\u00e8cle, continue de d\u00e9fier la communaut\u00e9 scientifique. En revanche, une lueur d&rsquo;espoir&hellip;\n","protected":false},"author":2,"featured_media":610984,"comment_status":"","ping_status":"","sticky":false,"template":"","format":"standard","meta":{"footnotes":""},"categories":[10],"tags":[72202,231,72200,72201,1011,27,72,278,70049,12966,63789,71,72199,22598],"class_list":{"0":"post-610983","1":"post","2":"type-post","3":"status-publish","4":"format-standard","5":"has-post-thumbnail","7":"category-sante","8":"tag-cellules-immunitaires","9":"tag-cerveau","10":"tag-degenerescence","11":"tag-degenerescence-neuronale","12":"tag-fr","13":"tag-france","14":"tag-health","15":"tag-les-tendances","16":"tag-maladie-d039alzheimer","17":"tag-maladies-neurodegeneratives","18":"tag-microglie","19":"tag-sante","20":"tag-synapse","21":"tag-systeme-immunitaire"},"share_on_mastodon":{"url":"https:\/\/pubeurope.com\/@fr\/115749966020538070","error":""},"_links":{"self":[{"href":"https:\/\/www.europesays.com\/fr\/wp-json\/wp\/v2\/posts\/610983","targetHints":{"allow":["GET"]}}],"collection":[{"href":"https:\/\/www.europesays.com\/fr\/wp-json\/wp\/v2\/posts"}],"about":[{"href":"https:\/\/www.europesays.com\/fr\/wp-json\/wp\/v2\/types\/post"}],"author":[{"embeddable":true,"href":"https:\/\/www.europesays.com\/fr\/wp-json\/wp\/v2\/users\/2"}],"replies":[{"embeddable":true,"href":"https:\/\/www.europesays.com\/fr\/wp-json\/wp\/v2\/comments?post=610983"}],"version-history":[{"count":0,"href":"https:\/\/www.europesays.com\/fr\/wp-json\/wp\/v2\/posts\/610983\/revisions"}],"wp:featuredmedia":[{"embeddable":true,"href":"https:\/\/www.europesays.com\/fr\/wp-json\/wp\/v2\/media\/610984"}],"wp:attachment":[{"href":"https:\/\/www.europesays.com\/fr\/wp-json\/wp\/v2\/media?parent=610983"}],"wp:term":[{"taxonomy":"category","embeddable":true,"href":"https:\/\/www.europesays.com\/fr\/wp-json\/wp\/v2\/categories?post=610983"},{"taxonomy":"post_tag","embeddable":true,"href":"https:\/\/www.europesays.com\/fr\/wp-json\/wp\/v2\/tags?post=610983"}],"curies":[{"name":"wp","href":"https:\/\/api.w.org\/{rel}","templated":true}]}}