{"id":610993,"date":"2025-12-20T04:27:18","date_gmt":"2025-12-20T04:27:18","guid":{"rendered":"https:\/\/www.europesays.com\/fr\/610993\/"},"modified":"2025-12-20T04:27:18","modified_gmt":"2025-12-20T04:27:18","slug":"la-publication-partielle-de-documents-par-ladministration-trump-suscite-frustration-et-critiques","status":"publish","type":"post","link":"https:\/\/www.europesays.com\/fr\/610993\/","title":{"rendered":"la publication partielle de documents par l\u2019administration Trump suscite frustration et critiques"},"content":{"rendered":"<p>                      <img loading=\"lazy\" decoding=\"async\" src=\"https:\/\/www.europesays.com\/fr\/wp-content\/uploads\/2025\/12\/7f38c5e_ftp-1-wv8atoearays-f671a32b51c2492ab3b0aa29242cb97c-0-063b11a932a847caa68dd4fc646198be.jpg\" alt=\"Exemple de documents rendus publics par le minist\u00e8re de la justice am\u00e9ricain dans l\u2019affaire Epstein, le 19\u00a0d\u00e9cembre\u00a02025.\"   width=\"664\" height=\"443\"\/>    Exemple de documents rendus publics par le minist\u00e8re de la justice am\u00e9ricain dans l\u2019affaire Epstein, le 19\u00a0d\u00e9cembre\u00a02025.  JON ELSWICK \/ AP                          <\/p>\n<p class=\"article__paragraph  \">Quelque 3\u00a0965 fichiers issus de l\u2019enqu\u00eate sur le criminel sexuel Jeffrey Epstein ont \u00e9t\u00e9 mis en ligne, vendredi 19\u00a0d\u00e9cembre, sur le site du minist\u00e8re de la justice am\u00e9ricain. Ces documents \u00e9taient cens\u00e9s aider \u00e0 faire la lumi\u00e8re sur les liens de l\u2019influent financier mort en prison en\u00a02019 avec des personnalit\u00e9s du monde des affaires, du spectacle ou de la politique, y compris Donald Trump.<\/p>\n<p class=\"article__paragraph  \">Mais, alors qu\u2019une loi adopt\u00e9e par le Congr\u00e8s en novembre imposait au gouvernement am\u00e9ricain de publier l\u2019int\u00e9gralit\u00e9 des documents non classifi\u00e9s en sa possession d\u2019ici ce vendredi, \u00e7a n\u2019est qu\u2019une partie des pi\u00e8ces qui a \u00e9t\u00e9 r\u00e9v\u00e9l\u00e9e. Le processus se fera finalement sur plusieurs semaines, a fait savoir Todd Blanche, le num\u00e9ro deux du minist\u00e8re de la justice.<\/p>\n<p class=\"article__paragraph  \">Par ailleurs, de larges passages sont cach\u00e9s, dont une liste de 254 \u00ab\u00a0masseuses\u00a0\u00bb aux noms caviard\u00e9s \u00ab\u00a0pour prot\u00e9ger la victime\u00a0\u00bb, ou les 119 pages d\u2019un document judiciaire \u00e9manant d\u2019un tribunal de New York, biff\u00e9es sans explication.<\/p>\n<p>                                       Lire aussi |  Article r\u00e9serv\u00e9 \u00e0 nos abonn\u00e9s  <a href=\"https:\/\/www.lemonde.fr\/international\/article\/2025\/11\/18\/face-aux-eclats-de-l-affaire-epstein-donald-trump-change-de-strategie-et-cherche-un-contre-feu_6653813_3210.html\" class=\"js-article-read-also catcher--favoris__link\" data-premium=\"1\" id=\"article-title-3447021\" target=\"_blank\" rel=\"noopener\">Face aux suites de l\u2019affaire Epstein, Donald Trump change de strat\u00e9gie et cherche un contre-feu<\/a>    <\/p>\n<p>   Lire plus tard  <\/p>\n<p>                          \u00ab\u00a0Une op\u00e9ration de camouflage pour prot\u00e9ger Donald Trump\u00a0\u00bb                    <\/p>\n<p class=\"article__paragraph  \">A l\u2019origine de la loi contraignant l\u2019administration Trump \u00e0 divulguer l\u2019int\u00e9gralit\u00e9 de ces documents, les \u00e9lus d\u00e9mocrate Ro Khanna et r\u00e9publicain Thomas Massie ont regrett\u00e9 que le minist\u00e8re de la justice n\u2019ait \u00ab\u00a0pas respect\u00e9\u00a0\u00bb ce qui lui \u00e9tait demand\u00e9. Dans une vid\u00e9o sur X, Ro Khanna remarque aussi l\u2019absence du projet d\u2019acte d\u2019accusation apr\u00e8s l\u2019arrestation de M. Epstein en\u00a02019, qui, selon lui, met en cause \u00ab\u00a0d\u2019autres hommes riches et puissants\u00a0\u00bb.<\/p>\n<p class=\"article__paragraph  \">\u00ab\u00a0Ce n\u2019est rien d\u2019autre qu\u2019une op\u00e9ration de camouflage pour prot\u00e9ger Donald Trump de son pass\u00e9 peu reluisant\u00a0\u00bb, a pour sa part tonn\u00e9 le chef des s\u00e9nateurs d\u00e9mocrates Chuck Schumer, accusant le gouvernement de \u00ab\u00a0tout faire pour cacher la v\u00e9rit\u00e9\u00a0\u00bb. Interrog\u00e9 par la presse vendredi soir, le pr\u00e9sident am\u00e9ricain n\u2019a, lui, pas fait de commentaire.<\/p>\n<p>                                             <img loading=\"lazy\" decoding=\"async\" src=\"https:\/\/www.europesays.com\/fr\/wp-content\/uploads\/2025\/12\/28b26e2_upload-1-splx7qtomsp6-eptsein.jpeg\" width=\"86\" height=\"86\"\/>      \u00c9couter aussi   <a href=\"https:\/\/www.lemonde.fr\/podcasts\/article\/2025\/12\/19\/affaire-epstein-l-epine-dans-le-pied-de-donald-trump_6655502_5463016.html\" target=\"_blank\" rel=\"noopener\"> Affaire Epstein\u00a0: l\u2019\u00e9pine dans le pied de Donald Trump <\/a>                           <\/p>\n<p class=\"article__paragraph  \">Parmi les mat\u00e9riaux publi\u00e9s, des photos montrent Jeffrey Epstein en compagnie de c\u00e9l\u00e9brit\u00e9s comme les chanteurs Michael Jackson et Mick Jagger. Y figurent aussi des dizaines d\u2019images censur\u00e9es de personnes nues ou largement d\u00e9v\u00eatues et des clich\u00e9s du financier et d\u2019autres individus le visage masqu\u00e9, avec des armes \u00e0 feu.<\/p>\n<p class=\"article__paragraph  \">Une note manuscrite portant sur des \u00ab\u00a0adresses e-mail importantes\u00a0\u00bb fait aussi r\u00e9f\u00e9rence \u00e0 Jean-Luc Brunel comme \u00ab\u00a0scout\u00a0\u00bb pour jeunes femmes. Cet agent fran\u00e7ais de mannequins avait \u00e9t\u00e9 accus\u00e9 de violences sexuelles par Virginia Giuffre, l\u2019une des victimes du financier.<a href=\"https:\/\/www.lemonde.fr\/societe\/article\/2022\/02\/20\/la-mort-de-l-ancien-agent-de-mannequins-jean-luc-brunel-eteint-le-volet-francais-de-l-affaire-epstein_6114522_3224.html?search-type=classic&amp;ise_click_rank=2\" target=\"_blank\" rel=\"noopener\"> Il avait lui aussi \u00e9t\u00e9 retrouv\u00e9 mort<\/a> dans sa cellule en\u00a02022, avant son proc\u00e8s.<\/p>\n<p>                                       Lire aussi |  Article r\u00e9serv\u00e9 \u00e0 nos abonn\u00e9s  <a href=\"https:\/\/www.lemonde.fr\/series-d-ete\/article\/2022\/08\/28\/jean-luc-brunel-l-agent-soupconne-d-avoir-mis-des-mannequins-a-disposition-de-jeffrey-epstein_6139258_3451060.html\" class=\"js-article-read-also catcher--favoris__link\" data-premium=\"1\" id=\"article-title-3274610\" target=\"_blank\" rel=\"noopener\">Jean-Luc Brunel, l\u2019agent soup\u00e7onn\u00e9 d\u2019avoir mis des mannequins \u00e0 disposition de Jeffrey Epstein<\/a>    <\/p>\n<p>   Lire plus tard  <\/p>\n<p>                          Des photos de Bill Clinton                    <\/p>\n<p class=\"article__paragraph  \">La proximit\u00e9 de Jeffrey Epstein avec nombre de personnalit\u00e9s mondaines \u00e9tait d\u00e9j\u00e0 connue, notamment avec l\u2019ancien pr\u00e9sident d\u00e9mocrate Bill Clinton, qui appara\u00eet sur plusieurs clich\u00e9s. On le voit notamment dans ce qui semble \u00eatre un jacuzzi, une partie de l\u2019image \u00e9tant masqu\u00e9e par un rectangle noir.<\/p>\n<p> Le Monde M\u00e9morable  <\/p>\n<p> <a href=\"https:\/\/www.lemonde.fr\/memorable\/?rfextension=inread\" class=\"inread__link js-services-inread-link\" target=\"_blank\" rel=\"noopener\">  <\/p>\n<p>Testez votre culture g\u00e9n\u00e9rale avec la r\u00e9daction du \u00ab Monde \u00bb<\/p>\n<p>Testez votre culture g\u00e9n\u00e9rale avec la r\u00e9daction du \u00ab Monde \u00bb<\/p>\n<p>D\u00e9couvrir<\/p>\n<p> <\/a>      <\/p>\n<p> Newsletter  <\/p>\n<p> <a href=\"https:\/\/www.lemonde.fr\/newsletters\/a-la-une\/\" class=\"inread__link js-services-inread-link\" target=\"_blank\" rel=\"noopener\">  <\/p>\n<p>\u00ab A la une \u00bb<\/p>\n<p>Chaque matin, parcourez l&rsquo;essentiel de l&rsquo;actualit\u00e9 du jour avec les derniers titres du \u00ab Monde \u00bb<\/p>\n<p>S&rsquo;inscrire<\/p>\n<p> <\/a>          <\/p>\n<p> Le Monde Application  <\/p>\n<p> <a href=\"https:\/\/lamatinale.onelink.me\/gKMy\/ahw2ubr3\" class=\"inread__link js-services-inread-link\" target=\"_blank\" rel=\"noopener\">  <\/p>\n<p>La Matinale du Monde<\/p>\n<p>Chaque matin, retrouvez notre s\u00e9lection de 20 articles \u00e0 ne pas manquer <\/p>\n<p>T\u00e9l\u00e9charger l&rsquo;application<\/p>\n<p> <\/a>      <\/p>\n<p> Newsletter abonn\u00e9s  <\/p>\n<p> <a href=\"https:\/\/www.lemonde.fr\/newsletters\/international\/\" class=\"inread__link js-services-inread-link\" target=\"_blank\" rel=\"noopener\">  <\/p>\n<p>\u00ab International \u00bb<\/p>\n<p>L\u2019essentiel de l\u2019actualit\u00e9 internationale de la semaine<\/p>\n<p>S&rsquo;inscrire<\/p>\n<p> <\/a>             <\/p>\n<p class=\"article__paragraph  \">\u00ab\u00a0Bill Clinton se d\u00e9tend, sans aucun souci. Il ne se doutait de rien\u00a0\u00bb, a r\u00e9agi sur X Steven Cheung, le directeur de la communication de la Maison Blanche.<\/p>\n<p class=\"article__paragraph  \">Donald Trump avait promis, lors de sa campagne en\u00a02024, une totale transparence dans ce dossier mais, pendant des mois apr\u00e8s son \u00e9lection, il n\u2019a pas tenu sa promesse, qualifiant l\u2019affaire de \u00ab\u00a0canular\u00a0\u00bb instrumentalis\u00e9 par l\u2019opposition d\u00e9mocrate, au grand dam de sa base MAGA, obs\u00e9d\u00e9e par ce scandale. Le pr\u00e9sident a finalement recul\u00e9 sous la pression du Congr\u00e8s et promulgu\u00e9 la loi contraignant son administration \u00e0 divulguer ces documents.<\/p>\n<p class=\"article__paragraph  \">Figure de la jet-set new-yorkaise, Jeffrey Epstein est accus\u00e9 d\u2019avoir exploit\u00e9 sexuellement plus de mille jeunes femmes, dont des mineures. Cette affaire a \u00e9clabouss\u00e9 plusieurs c\u00e9l\u00e9brit\u00e9s, dont Andrew, le fr\u00e8re du roi Charles III, incrimin\u00e9 par l\u2019une des victimes mais qui clame son innocence.<\/p>\n<p>                                       Lire aussi |  Article r\u00e9serv\u00e9 \u00e0 nos abonn\u00e9s  <a href=\"https:\/\/www.lemonde.fr\/international\/article\/2025\/11\/13\/affaire-jeffrey-epstein-des-revelations-relancent-les-interrogations-sur-la-proximite-passee-entre-donald-trump-et-le-predateur-sexuel_6653209_3210.html\" class=\"js-article-read-also catcher--favoris__link\" data-premium=\"1\" id=\"article-title-3446275\" target=\"_blank\" rel=\"noopener\">Affaire Jeffrey Epstein\u00a0: des r\u00e9v\u00e9lations relancent les interrogations sur la proximit\u00e9 pass\u00e9e entre Donald Trump et le pr\u00e9dateur sexuel<\/a>    <\/p>\n<p>   Lire plus tard  <\/p>\n<p>                          Pas de nouvelles inculpations \u00e0 attendre                    <\/p>\n<p class=\"article__paragraph  \">Marina Lacerda, l\u2019une des femmes qui affirme avoir surv\u00e9cu \u00e0 des agressions sexuelles de la part de l\u2019homme d\u2019affaires, qui ont commenc\u00e9 lorsqu\u2019elle avait 14\u00a0ans, a exprim\u00e9 sa frustration face aux omissions et \u00e0 la publication incompl\u00e8te des documents. \u00ab\u00a0Publiez simplement les fichiers\u00a0\u00bb, a-t-elle dit. \u00ab\u00a0Et arr\u00eatez de caviarder les noms qui n\u2019ont pas besoin de l\u2019\u00eatre.\u00a0\u00bb<\/p>\n<p class=\"article__paragraph  \">La mort du financier en prison avant son jugement, class\u00e9e comme un suicide par les autorit\u00e9s, a aliment\u00e9 d\u2019innombrables th\u00e9ories du complot selon lesquelles il aurait \u00e9t\u00e9 assassin\u00e9 pour l\u2019emp\u00eacher d\u2019impliquer des \u00e9lites qui auraient b\u00e9n\u00e9fici\u00e9 de ses crimes.<\/p>\n<p class=\"article__paragraph  \">Un temps proche du financier avec qui il \u00e9voluait dans les m\u00eames cercles, Donald Trump a toujours d\u00e9menti avoir eu connaissance de son comportement criminel et assure avoir rompu avec lui bien avant qu\u2019il ne soit inqui\u00e9t\u00e9 par la justice.<\/p>\n<p class=\"article__paragraph  \">L\u2019ancienne compagne de Jeffrey Epstein, Ghislaine Maxwell, 63\u00a0ans, qui purge une peine de vingt ans de prison, est la seule personne \u00e0 avoir \u00e9t\u00e9 condamn\u00e9e dans l\u2019affaire. Todd Blanche a pr\u00e9venu vendredi qu\u2019il ne fallait pas s\u2019attendre \u00e0 de nouvelles inculpations.<\/p>\n<p class=\"author__detail\">  Le Monde avec AFP  <\/p>\n<p>                <a href=\"https:\/\/www.lemonde.fr\/syndication\/\" class=\"reuse__content\" title=\"R\u00e9utiliser ce contenu\" target=\"_blank\" rel=\"noopener\">R\u00e9utiliser ce contenu<\/a>      <\/p>\n","protected":false},"excerpt":{"rendered":"Exemple de documents rendus publics par le minist\u00e8re de la justice am\u00e9ricain dans l\u2019affaire Epstein, le 19\u00a0d\u00e9cembre\u00a02025. JON&hellip;\n","protected":false},"author":2,"featured_media":610994,"comment_status":"","ping_status":"","sticky":false,"template":"","format":"standard","meta":{"footnotes":""},"categories":[5],"tags":[11,1011,27,14,12,28],"class_list":{"0":"post-610993","1":"post","2":"type-post","3":"status-publish","4":"format-standard","5":"has-post-thumbnail","7":"category-international","8":"tag-actualites","9":"tag-fr","10":"tag-france","11":"tag-international","12":"tag-news","13":"tag-world"},"share_on_mastodon":{"url":"https:\/\/pubeurope.com\/@fr\/115750010896758687","error":""},"_links":{"self":[{"href":"https:\/\/www.europesays.com\/fr\/wp-json\/wp\/v2\/posts\/610993","targetHints":{"allow":["GET"]}}],"collection":[{"href":"https:\/\/www.europesays.com\/fr\/wp-json\/wp\/v2\/posts"}],"about":[{"href":"https:\/\/www.europesays.com\/fr\/wp-json\/wp\/v2\/types\/post"}],"author":[{"embeddable":true,"href":"https:\/\/www.europesays.com\/fr\/wp-json\/wp\/v2\/users\/2"}],"replies":[{"embeddable":true,"href":"https:\/\/www.europesays.com\/fr\/wp-json\/wp\/v2\/comments?post=610993"}],"version-history":[{"count":0,"href":"https:\/\/www.europesays.com\/fr\/wp-json\/wp\/v2\/posts\/610993\/revisions"}],"wp:featuredmedia":[{"embeddable":true,"href":"https:\/\/www.europesays.com\/fr\/wp-json\/wp\/v2\/media\/610994"}],"wp:attachment":[{"href":"https:\/\/www.europesays.com\/fr\/wp-json\/wp\/v2\/media?parent=610993"}],"wp:term":[{"taxonomy":"category","embeddable":true,"href":"https:\/\/www.europesays.com\/fr\/wp-json\/wp\/v2\/categories?post=610993"},{"taxonomy":"post_tag","embeddable":true,"href":"https:\/\/www.europesays.com\/fr\/wp-json\/wp\/v2\/tags?post=610993"}],"curies":[{"name":"wp","href":"https:\/\/api.w.org\/{rel}","templated":true}]}}