{"id":610995,"date":"2025-12-20T04:28:17","date_gmt":"2025-12-20T04:28:17","guid":{"rendered":"https:\/\/www.europesays.com\/fr\/610995\/"},"modified":"2025-12-20T04:28:17","modified_gmt":"2025-12-20T04:28:17","slug":"diaporama-baroud-dhonneur-pour-le-mouvement-agricole-de-loir-et-cher-lanouvellerepublique-fr","status":"publish","type":"post","link":"https:\/\/www.europesays.com\/fr\/610995\/","title":{"rendered":"DIAPORAMA. Baroud d\u2019honneur pour le mouvement agricole de Loir-et-Cher &#8211; lanouvellerepublique.fr"},"content":{"rendered":"<ol>\n<li><a href=\"https:\/\/news.google.com\/rss\/articles\/CBMivwFBVV95cUxOQ2hnTzNMRDI5VGVOUWpBUlU5aUxuYmh5Z21LZElYWVhMQjdvT1FhckJDX3pTRUxCVjZ2ZFhMQzg1Wmp0MkZabUp4V0QwQ3IxQV9nX2FRb2FWaGY2dVlGd0k5MU5WU1N6VXNVU0loSTBjTThCSWpoY0xidzRDaUFQUWxvclBGaXJuNy1nQUZtMzZCUWFFenpkUmV6TzIzVk1ZRkxvdWlWQ3Bfczh4MG5aaUJJemhaTnpIdGdqb3RlNA?oc=5\" target=\"_blank\" rel=\"noopener\">DIAPORAMA. Baroud d\u2019honneur pour le mouvement agricole de Loir-et-Cher<\/a>&nbsp;&nbsp;lanouvellerepublique.fr<\/li>\n<li><a href=\"https:\/\/news.google.com\/rss\/articles\/CBMijgJBVV95cUxQM1RUcTRmbUg0bWQ0SE1WVGotVTBtT3I2ckpsQ0NqaXFfbVdGYzFkZl82SlpwRkFlMXVwaEJ4bGFQWDZmLXV4ekl1LUhXSUFPZUt6YzRqeTlIZGhocVhJLTJlR2liY0h4U0lUdHA5OU1xbS1CYkZJU2VTY01OQzlQbThVWmtqay1DamJWelRRWEZhUk96RGMycTZsSEVTd2x1ejYtdUdDWmdRc2JfX1RGUlBoU2xLdVhkMUttanFKNUVKeG1HQk9zLUwtdnNmSV9kWnFyVy1DZ2FFN3I5OUNJSk1BYllrOEhxNjlJOTFiV21tdWh6WDg5M3BTQlk5M0I5Z2ZNWGU3Mm91M1VGb2c?oc=5\" target=\"_blank\" rel=\"noopener\">Dermatose nodulaire : le point sur les actions en cours r\u00e9gion par r\u00e9gion vendredi soir<\/a>&nbsp;&nbsp;Franceinfo<\/li>\n<li><a href=\"https:\/\/news.google.com\/rss\/articles\/CBMipwFBVV95cUxPRVlxZVZLRjdKb3FkdjBFYjVzOUpWOWVnWG1aMHN2eXpGcVJveGdfdGJ1by1JNUV1WUx6SFRsdkNpUEEtSEh3Z3p3LTFzUC1fbW5ZV3FfVUtSNEROU09Qc0RWZ0FzUG9FUFVHU240ZUdGR0tFbnhIM1Z4M0pzRDhQaVRoRExwTENQN28wUWk4QUVLRHowemFVblVVOFU0OEtTX0g3a3pFUQ?oc=5\" target=\"_blank\" rel=\"noopener\">Buzet-sur-Tarn. Agriculture : \u00ab\u00a0le malaise ne vient pas que de la dermatose\u00a0\u00bb<\/a>&nbsp;&nbsp;ladepeche.fr<\/li>\n<li><a href=\"https:\/\/news.google.com\/rss\/articles\/CBMijAJBVV95cUxPZzcwaWd4LUtCb2UxRk5tRkdNaTk0Z054TVAzc01NVzJYb3pNV0swQjE3dzFrVVEyUzFjMm5vdkRuMzZOQVFJZFZfYmlLV0wtbzFaN0toZkNqTGp4alpEd3RJa2V6R3RNT1FUcUhPVkcxVmlXQUk3dHF1dnpBazlGM1N6UVo2dTFTNUhNYW50R0lFQ29SY0F5QlhILTQzZHFHdVFWSHE2eFQ1OGpzb3U2Y3l0YVhNWWE5eGpXZmZxdDYwdTdELWlBejVsWmFtRHVUeE5lZzdGZFItQkRfUThEQmFyWkdnMEdEQjFFVExocEZaLU53a1ZzbUlhU01MMWdVS3RTOHVQSHRxcUhj?oc=5\" target=\"_blank\" rel=\"noopener\">Col\u00e8re des agriculteurs : la CR 33 se pr\u00e9pare \u00e0 lever le blocage de l\u2019A 63 \u00e0 Cestas dans le week-end<\/a>&nbsp;&nbsp;Sud Ouest<\/li>\n<li><a href=\"https:\/\/news.google.com\/rss\/articles\/CBMi9wFBVV95cUxQdzFNcnM4d3E1RlNnd2dBQ3EyeEpWT1VQVWZNNjRoN1c2b05tYjBHX0VSUkRLY0djbUlYLUZFU1ZPQ2JKYnF2WHUtazQtenBrSWljMkVRSThuVzdBS2pLbjV0bFlvTWdiamtyWVpjQlExU3VCVVRHZ3owaXB3bWlqcDJhUmJXNmFkRlI3NnZDV1ZydFVxQ2JfZ01qRFl1WDkwV3pRQmlqZERvT2E1bzhNTzFxVk9MQmdMeFF1UHB4dk9OTWNreV9OWDJyLUhwbFVrZWl1U0ttZWFfT0tOXzZ4YjlWc2t5OXVrdkVUaGtDVVI0MXJXalpZ?oc=5\" target=\"_blank\" rel=\"noopener\">Col\u00e8re agricole : les \u00e9leveurs ont-ils vraiment de l\u2019affection pour leurs vaches ? Par G\u00e9rald Bronner<\/a>&nbsp;&nbsp;L&rsquo;Express<\/li>\n<\/ol>\n","protected":false},"excerpt":{"rendered":"DIAPORAMA. Baroud d\u2019honneur pour le mouvement agricole de Loir-et-Cher&nbsp;&nbsp;lanouvellerepublique.fr Dermatose nodulaire : le point sur les actions en&hellip;\n","protected":false},"author":2,"featured_media":610996,"comment_status":"","ping_status":"","sticky":false,"template":"","format":"standard","meta":{"footnotes":""},"categories":[4],"tags":[1392,11,327,3469,10411,274,1011,27,4368,12,25],"class_list":{"0":"post-610995","1":"post","2":"type-post","3":"status-publish","4":"format-standard","5":"has-post-thumbnail","7":"category-france","8":"tag-a-la-une-local","9":"tag-actualites","10":"tag-agriculture","11":"tag-blois","12":"tag-conflits","13":"tag-faits-divers-justice","14":"tag-fr","15":"tag-france","16":"tag-loir-et-cher","17":"tag-news","18":"tag-republique-francaise"},"share_on_mastodon":{"url":"https:\/\/pubeurope.com\/@fr\/115750011174734530","error":""},"_links":{"self":[{"href":"https:\/\/www.europesays.com\/fr\/wp-json\/wp\/v2\/posts\/610995","targetHints":{"allow":["GET"]}}],"collection":[{"href":"https:\/\/www.europesays.com\/fr\/wp-json\/wp\/v2\/posts"}],"about":[{"href":"https:\/\/www.europesays.com\/fr\/wp-json\/wp\/v2\/types\/post"}],"author":[{"embeddable":true,"href":"https:\/\/www.europesays.com\/fr\/wp-json\/wp\/v2\/users\/2"}],"replies":[{"embeddable":true,"href":"https:\/\/www.europesays.com\/fr\/wp-json\/wp\/v2\/comments?post=610995"}],"version-history":[{"count":0,"href":"https:\/\/www.europesays.com\/fr\/wp-json\/wp\/v2\/posts\/610995\/revisions"}],"wp:featuredmedia":[{"embeddable":true,"href":"https:\/\/www.europesays.com\/fr\/wp-json\/wp\/v2\/media\/610996"}],"wp:attachment":[{"href":"https:\/\/www.europesays.com\/fr\/wp-json\/wp\/v2\/media?parent=610995"}],"wp:term":[{"taxonomy":"category","embeddable":true,"href":"https:\/\/www.europesays.com\/fr\/wp-json\/wp\/v2\/categories?post=610995"},{"taxonomy":"post_tag","embeddable":true,"href":"https:\/\/www.europesays.com\/fr\/wp-json\/wp\/v2\/tags?post=610995"}],"curies":[{"name":"wp","href":"https:\/\/api.w.org\/{rel}","templated":true}]}}