{"id":611001,"date":"2025-12-20T04:34:13","date_gmt":"2025-12-20T04:34:13","guid":{"rendered":"https:\/\/www.europesays.com\/fr\/611001\/"},"modified":"2025-12-20T04:34:13","modified_gmt":"2025-12-20T04:34:13","slug":"basket-ball-le-cercle-saint-etienne-de-hindisheim-recoit-le-leader-avant-noel","status":"publish","type":"post","link":"https:\/\/www.europesays.com\/fr\/611001\/","title":{"rendered":"Basket-ball. Le Cercle Saint-Etienne de Hindisheim re\u00e7oit le leader avant No\u00ebl"},"content":{"rendered":"<p>Une seule rencontre sera au programme ce week-end. Samedi \u00e0 18\u00a0h, dans la salle Saint-Etienne, <strong>les f\u00e9minines II<\/strong> recevront Duttlenheim IV, le leader du groupe pour une affiche all\u00e9chante.<\/p>\n<p>Avec sans doute une petite id\u00e9e derri\u00e8re la t\u00eate, les prot\u00e9g\u00e9es de Nicolas Grad compteront sur l\u2019appui de leurs fid\u00e8les supporteurs pour les pousser \u00e0 r\u00e9ussir une belle performance juste avant les vacances de No\u00ebl.<\/p>\n","protected":false},"excerpt":{"rendered":"Une seule rencontre sera au programme ce week-end. Samedi \u00e0 18\u00a0h, dans la salle Saint-Etienne, les f\u00e9minines II&hellip;\n","protected":false},"author":2,"featured_media":611002,"comment_status":"","ping_status":"","sticky":false,"template":"","format":"standard","meta":{"footnotes":""},"categories":[9653],"tags":[1111,11,2430,1791,1777,674,1011,27,12,25,4001,517],"class_list":{"0":"post-611001","1":"post","2":"type-post","3":"status-publish","4":"format-standard","5":"has-post-thumbnail","7":"category-saint-etienne","8":"tag-actu","9":"tag-actualites","10":"tag-auvergne-rhone-alpes","11":"tag-basket-ball","12":"tag-eu","13":"tag-europe","14":"tag-fr","15":"tag-france","16":"tag-news","17":"tag-republique-francaise","18":"tag-saint-etienne","19":"tag-sport"},"share_on_mastodon":{"url":"https:\/\/pubeurope.com\/@fr\/115750034789805209","error":""},"_links":{"self":[{"href":"https:\/\/www.europesays.com\/fr\/wp-json\/wp\/v2\/posts\/611001","targetHints":{"allow":["GET"]}}],"collection":[{"href":"https:\/\/www.europesays.com\/fr\/wp-json\/wp\/v2\/posts"}],"about":[{"href":"https:\/\/www.europesays.com\/fr\/wp-json\/wp\/v2\/types\/post"}],"author":[{"embeddable":true,"href":"https:\/\/www.europesays.com\/fr\/wp-json\/wp\/v2\/users\/2"}],"replies":[{"embeddable":true,"href":"https:\/\/www.europesays.com\/fr\/wp-json\/wp\/v2\/comments?post=611001"}],"version-history":[{"count":0,"href":"https:\/\/www.europesays.com\/fr\/wp-json\/wp\/v2\/posts\/611001\/revisions"}],"wp:featuredmedia":[{"embeddable":true,"href":"https:\/\/www.europesays.com\/fr\/wp-json\/wp\/v2\/media\/611002"}],"wp:attachment":[{"href":"https:\/\/www.europesays.com\/fr\/wp-json\/wp\/v2\/media?parent=611001"}],"wp:term":[{"taxonomy":"category","embeddable":true,"href":"https:\/\/www.europesays.com\/fr\/wp-json\/wp\/v2\/categories?post=611001"},{"taxonomy":"post_tag","embeddable":true,"href":"https:\/\/www.europesays.com\/fr\/wp-json\/wp\/v2\/tags?post=611001"}],"curies":[{"name":"wp","href":"https:\/\/api.w.org\/{rel}","templated":true}]}}