{"id":611015,"date":"2025-12-20T04:43:43","date_gmt":"2025-12-20T04:43:43","guid":{"rendered":"https:\/\/www.europesays.com\/fr\/611015\/"},"modified":"2025-12-20T04:43:43","modified_gmt":"2025-12-20T04:43:43","slug":"lex-dga-deboutee-par-le-tribunal-administratif-de-rouen","status":"publish","type":"post","link":"https:\/\/www.europesays.com\/fr\/611015\/","title":{"rendered":"l\u2019ex-DGA d\u00e9bout\u00e9e par le tribunal administratif de Rouen"},"content":{"rendered":"<p>\t\t\t\t\t Concernant la contestation du non-renouvellement du contrat, le tribunal rappelle qu\u2019aucune d\u00e9cision formelle en ce sens n\u2019a \u00e9t\u00e9 prise par la collectivit\u00e9. Il rel\u00e8ve que l\u2019int\u00e9ress\u00e9e a d\u00e9missionn\u00e9 avant le terme de son contrat, effectif jusqu\u2019au 31 ao\u00fbt 2023. <\/p>\n<p>La juridiction administrative estime ainsi que l\u2019ancienne DGA \u00ab a pris librement la d\u00e9cision de quitter ses fonctions \u00bb et qu\u2019elle a manifest\u00e9 \u00ab une volont\u00e9 non \u00e9quivoque en ce sens \u00bb, \u00e9cartant l\u2019argument d\u2019une d\u00e9mission contrainte. <\/p>\n<p>Enfin, le tribunal tire les cons\u00e9quences de l\u2019absence de preuve du harc\u00e8lement moral all\u00e9gu\u00e9 apr\u00e8s le signalement interne. M\u00eame \u00e0 supposer que l\u2019int\u00e9ress\u00e9e puisse se pr\u00e9valoir du statut de lanceuse d\u2019alerte, elle ne peut, selon les juges, \u00eatre regard\u00e9e comme ayant subi \u00ab des mesures discriminatoires ou de repr\u00e9sailles, directes ou indirectes \u00bb au sens de la loi du 9 d\u00e9cembre 2016 dite \u00ab Sapin II \u00bb. <\/p>\n<p>L\u2019ensemble des conclusions de la requ\u00e9rante a donc \u00e9t\u00e9 rejet\u00e9 par le tribunal administratif.\n\t\t\t\t <\/p>\n","protected":false},"excerpt":{"rendered":"Concernant la contestation du non-renouvellement du contrat, le tribunal rappelle qu\u2019aucune d\u00e9cision formelle en ce sens n\u2019a \u00e9t\u00e9&hellip;\n","protected":false},"author":2,"featured_media":611016,"comment_status":"","ping_status":"","sticky":false,"template":"","format":"standard","meta":{"footnotes":""},"categories":[9587],"tags":[1111,11,72203,3080,1777,674,1011,27,303,72204,12,5161,25,9590],"class_list":{"0":"post-611015","1":"post","2":"type-post","3":"status-publish","4":"format-standard","5":"has-post-thumbnail","7":"category-rouen","8":"tag-actu","9":"tag-actualites","10":"tag-communaute-urbaine","11":"tag-edouard-philippe","12":"tag-eu","13":"tag-europe","14":"tag-fr","15":"tag-france","16":"tag-justice","17":"tag-lanceur-d","18":"tag-news","19":"tag-normandie","20":"tag-republique-francaise","21":"tag-rouen"},"share_on_mastodon":{"url":"https:\/\/pubeurope.com\/@fr\/115750070074380052","error":""},"_links":{"self":[{"href":"https:\/\/www.europesays.com\/fr\/wp-json\/wp\/v2\/posts\/611015","targetHints":{"allow":["GET"]}}],"collection":[{"href":"https:\/\/www.europesays.com\/fr\/wp-json\/wp\/v2\/posts"}],"about":[{"href":"https:\/\/www.europesays.com\/fr\/wp-json\/wp\/v2\/types\/post"}],"author":[{"embeddable":true,"href":"https:\/\/www.europesays.com\/fr\/wp-json\/wp\/v2\/users\/2"}],"replies":[{"embeddable":true,"href":"https:\/\/www.europesays.com\/fr\/wp-json\/wp\/v2\/comments?post=611015"}],"version-history":[{"count":0,"href":"https:\/\/www.europesays.com\/fr\/wp-json\/wp\/v2\/posts\/611015\/revisions"}],"wp:featuredmedia":[{"embeddable":true,"href":"https:\/\/www.europesays.com\/fr\/wp-json\/wp\/v2\/media\/611016"}],"wp:attachment":[{"href":"https:\/\/www.europesays.com\/fr\/wp-json\/wp\/v2\/media?parent=611015"}],"wp:term":[{"taxonomy":"category","embeddable":true,"href":"https:\/\/www.europesays.com\/fr\/wp-json\/wp\/v2\/categories?post=611015"},{"taxonomy":"post_tag","embeddable":true,"href":"https:\/\/www.europesays.com\/fr\/wp-json\/wp\/v2\/tags?post=611015"}],"curies":[{"name":"wp","href":"https:\/\/api.w.org\/{rel}","templated":true}]}}