{"id":611023,"date":"2025-12-20T04:50:44","date_gmt":"2025-12-20T04:50:44","guid":{"rendered":"https:\/\/www.europesays.com\/fr\/611023\/"},"modified":"2025-12-20T04:50:44","modified_gmt":"2025-12-20T04:50:44","slug":"schiltigheim-rixe-et-coups-de-couteau-au-quick-en-2024-quatre-jeunes-hommes-condamnes","status":"publish","type":"post","link":"https:\/\/www.europesays.com\/fr\/611023\/","title":{"rendered":"Schiltigheim. Rixe et coups de couteau au Quick en 2024 : quatre jeunes hommes condamn\u00e9s"},"content":{"rendered":"<p>Ce jour-l\u00e0, l\u2019arriv\u00e9e des agresseurs et la rixe ont \u00e9t\u00e9 film\u00e9es par diff\u00e9rentes cam\u00e9ras. Le 11\u00a0f\u00e9vrier\u00a02024, peu avant 21\u00a0h, quatorze jeunes issus du quartier de Cronenbourg \u2013 r\u00e9partis dans trois v\u00e9hicules \u2013 se dirigent vers le Quick, rue du G\u00e9n\u00e9ral-de-Gaulle \u00e0 Schiltigheim, pour en d\u00e9coudre avec deux hommes du quartier de Hautepierre, attabl\u00e9s au fast-food.<\/p>\n<p>  Sous les yeux effray\u00e9s de clients cherchant \u00e0 fuir<\/p>\n<p>Les trois premiers \u00e9taient entr\u00e9s pour faire un rep\u00e9rage. Ils en sont ressortis rapidement. Cinq individus, dont certains arm\u00e9s, ont p\u00e9n\u00e9tr\u00e9 \u00e0 leur tour dans l\u2019\u00e9tablissement et sont all\u00e9s au contact de leurs cibles. <a href=\"https:\/\/www.dna.fr\/faits-divers-justice\/2024\/02\/12\/une-quinzaine-d-individus-menent-une-expedition-punitive-dans-un-fast-food\" target=\"_blank\" rel=\"noopener\">Une rixe \u00e9clate aussit\u00f4t, sous les yeux effray\u00e9s de clients cherchant \u00e0 fuir<\/a> les lieux, dont une m\u00e8re de famille et son enfant de deux ans.<\/p>\n<p>La sc\u00e8ne qui suit est surr\u00e9aliste\u00a0: coups de poing, de pied, de barre en alu, chaises lanc\u00e9es \u00e0 travers la salle, tables renvers\u00e9es, lacrymog\u00e8ne projet\u00e9e. Et pour finir, coups de couteau assen\u00e9s au flanc gauche et \u00e0 la cuisse des deux victimes.<\/p>\n<p>\u00ab\u00a0On ne peut pas r\u00e9sumer les faits \u00e0 cette sc\u00e8ne d\u2019une minute\u00a0\u00bb, pr\u00e9vient la procureure, Vanessa Estieux. Ce r\u00e8glement de comptes a pour origine un autre \u00e9pisode de violences, survenu dans la nuit du 9 au 10\u00a0f\u00e9vrier. Ce soir-l\u00e0, deux jeunes de Cronenbourg profitaient d\u2019une soir\u00e9e d\u00e9tente avec deux copines dans un Airbnb, lorsque six personnes du quartier de Hautepierre ont fait irruption et les ont s\u00e9v\u00e8rement molest\u00e9s. Leur motivation demeure un myst\u00e8re. La magistrate se hasarde \u00e0 quelques conjectures\u00a0: \u00ab\u00a0Une dette, une fille, un mauvais regard, parce qu\u2019on ne supporte pas ceux du quartier d\u2019en face.\u00a0\u00bb\u00a0\u00a0\u00a0<\/p>\n<p>Sur une vid\u00e9o Snapchat, l\u2019un des bless\u00e9s, au visage tum\u00e9fi\u00e9, promet\u00a0: \u00ab\u00a0On va leur niquer leur m\u00e8re, les gars\u00a0!\u00a0\u00bb \u00ab\u00a0Je ne l\u2019ai pas vu comme un appel \u00e0 la violence\u00a0\u00bb, certifie Adam Khettab. Son conseil M e Slim Benchaabane, rappelle que le jeune homme \u00e9tait jusqu\u2019alors inconnu de la justice et \u00e9voque \u00ab\u00a0la pr\u00e9gnance du quartier\u00a0\u00bb.<\/p>\n<p>Celle qui fait que, le lendemain, lorsque la rumeur se r\u00e9pand autour du stade de football du Ried que deux des agresseurs sont au fast-food de Schiltigheim, la vengeance s\u2019organise. Les pr\u00e9venus, impliqu\u00e9s dans la bagarre, assurent n\u2019avoir fait que \u00ab\u00a0suivre le mouvement de foule\u00a0\u00bb.<\/p>\n<p>  Selon les codes et r\u00e8gles du quartier<\/p>\n<p>\u00ab\u00a0Quand on vient du quartier, on appartient au quartier, on respecte ses r\u00e8gles, ses codes, mais aussi ses dysfonctionnements, qui consistent \u00e0 rendre justice soi-m\u00eame\u00a0\u00bb, commente Vanessa Estieux. Face au mutisme des jeunes de cit\u00e9, la police a d\u00fb effectuer un travail minutieux pour identifier certains des agresseurs.<\/p>\n<p>Jeudi 18\u00a0d\u00e9cembre, ils sont cinq, \u00e2g\u00e9s de 20 \u00e0 22 ans, \u00e0 devoir r\u00e9pondre de leurs actes devant le tribunal correctionnel de Strasbourg. Dont Mohamad Al Kubtan qui a reconnu avoir ass\u00e9n\u00e9 \u00ab\u00a0sous adr\u00e9naline\u00a0\u00bb les coups de couteau aux deux victimes, leur occasionnant six jours d\u2019incapacit\u00e9 totale de travail.<\/p>\n<p>Son conseil, Me Est\u00e9ban Glassmann est persuad\u00e9 qu\u2019au \u00ab\u00a0moment o\u00f9 il se saisit du couteau, il n\u2019a pas l\u2019id\u00e9e de s\u2019en servir\u00a0\u00bb. Son client \u00ab\u00a0est depuis noy\u00e9 dans un oc\u00e9an de remords\u00a0\u00bb, au point d\u2019avoir d\u00e9velopp\u00e9 une maladie.<\/p>\n<p>Me Thomas Steinmetz plaide la relaxe de son client, l\u2019un des deux hommes soup\u00e7onn\u00e9s d\u2019avoir v\u00e9hicul\u00e9 la bande sur place. \u00ab\u00a0La vid\u00e9o le prouve. Il ne donne aucun coup. Il n\u2019incite \u00e0 rien, n\u2019a pas appel\u00e9 \u00e0 la vengeance. Il reste quelques secondes \u00e0 6-7 m\u00e8tres de la sc\u00e8ne et s\u2019en va\u00a0\u00bb, analyse-t-il.<\/p>\n<p>  Jusqu\u2019\u00e0 quatre ans de prison<\/p>\n<p>Mohamad Al Kubtan et Kadir Kodat ont \u00e9t\u00e9 respectivement condamn\u00e9s \u00e0 quatre ans et trois ans et demi d\u2019emprisonnement, avec maintien en d\u00e9tention. Adam Khettab a \u00e9t\u00e9 sanctionn\u00e9 de deux ans, dont un an avec sursis \u2013 la partie ferme de sa peine a \u00e9t\u00e9 am\u00e9nag\u00e9e sous bracelet \u00e9lectronique. Un quatri\u00e8me jeune homme a \u00e9cop\u00e9 d\u2019un an avec sursis. Tous ont l\u2019interdiction de para\u00eetre au Quick de Schiltigheim et d\u2019entrer en contact avec les victimes pendant trois ans. Et l\u2019interdiction de d\u00e9tenir une arme pendant cinq ans.<\/p>\n<p>Un cinqui\u00e8me pr\u00e9venu a \u00e9t\u00e9 relax\u00e9. Son conseil, M e Etienne Steil, s\u2019est attach\u00e9 \u00e0 d\u00e9montrer que le jeune homme de 21 ans n\u2019appartenait \u00e0 \u00ab\u00a0aucun camp\u00a0\u00bb.<\/p>\n","protected":false},"excerpt":{"rendered":"Ce jour-l\u00e0, l\u2019arriv\u00e9e des agresseurs et la rixe ont \u00e9t\u00e9 film\u00e9es par diff\u00e9rentes cam\u00e9ras. Le 11\u00a0f\u00e9vrier\u00a02024, peu avant&hellip;\n","protected":false},"author":2,"featured_media":611024,"comment_status":"","ping_status":"","sticky":false,"template":"","format":"standard","meta":{"footnotes":""},"categories":[2820],"tags":[1111,11,2389,2649,2880,1777,674,274,107,1011,27,775,12,25,5512,640,3265],"class_list":{"0":"post-611023","1":"post","2":"type-post","3":"status-publish","4":"format-standard","5":"has-post-thumbnail","7":"category-strasbourg","8":"tag-actu","9":"tag-actualites","10":"tag-alsace","11":"tag-bas-rhin","12":"tag-edition-strasbourg","13":"tag-eu","14":"tag-europe","15":"tag-faits-divers-justice","16":"tag-fil-info","17":"tag-fr","18":"tag-france","19":"tag-grand-est","20":"tag-news","21":"tag-republique-francaise","22":"tag-schiltigheim","23":"tag-strasbourg","24":"tag-strasbourg-nord"},"share_on_mastodon":{"url":"https:\/\/pubeurope.com\/@fr\/115750097629928326","error":""},"_links":{"self":[{"href":"https:\/\/www.europesays.com\/fr\/wp-json\/wp\/v2\/posts\/611023","targetHints":{"allow":["GET"]}}],"collection":[{"href":"https:\/\/www.europesays.com\/fr\/wp-json\/wp\/v2\/posts"}],"about":[{"href":"https:\/\/www.europesays.com\/fr\/wp-json\/wp\/v2\/types\/post"}],"author":[{"embeddable":true,"href":"https:\/\/www.europesays.com\/fr\/wp-json\/wp\/v2\/users\/2"}],"replies":[{"embeddable":true,"href":"https:\/\/www.europesays.com\/fr\/wp-json\/wp\/v2\/comments?post=611023"}],"version-history":[{"count":0,"href":"https:\/\/www.europesays.com\/fr\/wp-json\/wp\/v2\/posts\/611023\/revisions"}],"wp:featuredmedia":[{"embeddable":true,"href":"https:\/\/www.europesays.com\/fr\/wp-json\/wp\/v2\/media\/611024"}],"wp:attachment":[{"href":"https:\/\/www.europesays.com\/fr\/wp-json\/wp\/v2\/media?parent=611023"}],"wp:term":[{"taxonomy":"category","embeddable":true,"href":"https:\/\/www.europesays.com\/fr\/wp-json\/wp\/v2\/categories?post=611023"},{"taxonomy":"post_tag","embeddable":true,"href":"https:\/\/www.europesays.com\/fr\/wp-json\/wp\/v2\/tags?post=611023"}],"curies":[{"name":"wp","href":"https:\/\/api.w.org\/{rel}","templated":true}]}}