{"id":611027,"date":"2025-12-20T04:53:14","date_gmt":"2025-12-20T04:53:14","guid":{"rendered":"https:\/\/www.europesays.com\/fr\/611027\/"},"modified":"2025-12-20T04:53:14","modified_gmt":"2025-12-20T04:53:14","slug":"un-homme-grievement-blesse-apres-une-chute-en-garde-a-vue-a-nice-sa-famille-demande-louverture-dune-enquete","status":"publish","type":"post","link":"https:\/\/www.europesays.com\/fr\/611027\/","title":{"rendered":"Un homme gri\u00e8vement bless\u00e9 apr\u00e8s une chute en garde \u00e0 vue \u00e0 Nice, sa famille demande l\u2019ouverture d\u2019une enqu\u00eate"},"content":{"rendered":"<p class=\"fs-5 \">\u00ab On a pleinement confiance en la justice, mais on veut que toute la lumi\u00e8re soit faite sur ce qui s\u2019est pass\u00e9, on veut une enqu\u00eate impartiale \u00bb, soupire Sami(1). Lundi, son fr\u00e8re, M.A., a \u00e9t\u00e9 plac\u00e9 en garde \u00e0 vue au commissariat Auvare, \u00e0 Nice, apr\u00e8s avoir \u00e9t\u00e9 interpell\u00e9 \u00e0 son domicile d\u2019Antibes. Et, depuis mercredi soir, le gard\u00e9 \u00e0 vue est \u00e0 l\u2019h\u00f4pital Pasteur 2, au service r\u00e9animation. M.A., 40 ans, souffre de multiples fractures : au cr\u00e2ne, au dos, aux cervicales, selon sa famille. Il est inconscient. \u00ab Son pronostic vital est toujours engag\u00e9 \u00bb, confie Sami.<\/p>\n<p>                                                                                Ma\u00eetre Sollacaro \u00e9crit au procureur<\/p>\n<p class=\"fs-5 \">Que s\u2019est-il pass\u00e9 ? C\u2019est ce que veut savoir cette famille, mais aussi son avocat, ma\u00eetre Paul Sollacaro qui a r\u00e9alis\u00e9 un signalement aupr\u00e8s du procureur de la R\u00e9publique de Nice, Damien Martinelli. \u00ab Mon client a \u00e9t\u00e9 plac\u00e9 en garde \u00e0 vue dans le cadre d\u2019une proc\u00e9dure d\u2019instruction ouverte \u00e0 la Jirs de Marseille [la juridiction interr\u00e9gionale sp\u00e9cialis\u00e9e], visant notamment des faits de trafic de stup\u00e9fiants \u00bb, r\u00e9v\u00e8le le conseil de M.A. \u00ab Je fais cette d\u00e9marche afin de demander l\u2019ouverture d\u2019une enqu\u00eate sur cet accident \u00bb, indique-t-il. C\u2019est lui qui a \u00e9t\u00e9 averti par les services de police de l\u2019accident et c\u2019est lui qui a pr\u00e9venu la famille.<\/p>\n<p>        <img src=\"https:\/\/www.europesays.com\/fr\/wp-content\/uploads\/2025\/12\/1766206394_213_e1af398_upload-from-url-1-j8f2l7dlma9l-data-art-16779984.jpg\"   loading=\"lazy\" decoding=\"async\" alt=\"Deux cents places suppl\u00e9mentaires, en cellules modulaires, vont \u00eatre construites.\" class=\"img-fluid position-absolute w-100 object-fit-cover rounded-2\" width=\"600\" height=\"400\"\/><\/p>\n<p>                                                                                \u00ab Le m\u00e9decin a dit qu\u2019il avait fait une chute de 6 m\u00e8tres sur le cr\u00e2ne \u00bb<\/p>\n<p class=\"fs-5 \">\u00ab Ma s\u0153ur a \u00e9t\u00e9 inform\u00e9e jeudi \u00e0 14 heures que notre fr\u00e8re \u00e9tait \u00e0 l\u2019h\u00f4pital. Qu\u2019il serait tomb\u00e9 sur la t\u00eate, apr\u00e8s une chute dans les escaliers. Mais les premi\u00e8res informations \u00e9taient que son \u00e9tat \u00e9tait stable. Le commissariat que nous avons contact\u00e9 n\u2019a pas pu nous donner de d\u00e9tails. Alors, ma s\u0153ur qui \u00e9tait la plus proche s\u2019est rendue \u00e0 Pasteur 2 imm\u00e9diatement \u00bb, affirme Sami. \u00ab L\u00e0, elle a appris que mon fr\u00e8re \u00e9tait hospitalis\u00e9 depuis la veille, mercredi, en d\u00e9but de soir\u00e9e. Le m\u00e9decin lui a dit qu\u2019il avait fait une chute de 6 m\u00e8tres sur le cr\u00e2ne \u00bb, se d\u00e9sole le fr\u00e8re de M.A. qui doit, prochainement, subir une lourde intervention. \u00ab Ce que l\u2019on ne comprend pas, ce sont les diff\u00e9rences d\u2019informations entre la police et les m\u00e9decins \u00bb, encha\u00eene Sami. \u00ab Et, je ne comprends pas pourquoi le commissariat n\u2019a pas inform\u00e9 ma famille de l\u2019accident \u00bb, dit-il encore.<\/p>\n<p class=\"fs-5 \">Ce vendredi soir, Sami a rendu visite \u00e0 son fr\u00e8re \u00e0 Pasteur 2. \u00ab C\u2019est terrible de le voir comme \u00e7a. Quelle angoisse. \u00bb Mais, il n\u2019a toujours pas pu en apprendre davantage sur les circonstances du drame.<\/p>\n<p>                                                                                Menott\u00e9 dans le dos ?<\/p>\n<p class=\"fs-5 \">Selon une source proche du dossier, M.A. \u00e9tait \u00ab menott\u00e9 dans le dos au moment de sa chute qui serait intervenue de l\u2019un des b\u00e2timents d\u2019Auvare et pas dans les escaliers \u00bb. Les pompiers confirment avoir pris en charge un bless\u00e9, ce soir-l\u00e0. Le parquet, contact\u00e9, n\u2019a pas \u00e9t\u00e9 en mesure de r\u00e9pondre \u00e0 nos sollicitations, pour le moment.<\/p>\n<p class=\"fs-5 \">1. Pr\u00e9nom modifi\u00e9 \u00e0 sa demande.<\/p>\n","protected":false},"excerpt":{"rendered":"\u00ab On a pleinement confiance en la justice, mais on veut que toute la lumi\u00e8re soit faite sur&hellip;\n","protected":false},"author":2,"featured_media":611028,"comment_status":"","ping_status":"","sticky":false,"template":"","format":"standard","meta":{"footnotes":""},"categories":[2819],"tags":[1111,11,1777,674,1011,27,12,2401,882,25],"class_list":{"0":"post-611027","1":"post","2":"type-post","3":"status-publish","4":"format-standard","5":"has-post-thumbnail","7":"category-nice","8":"tag-actu","9":"tag-actualites","10":"tag-eu","11":"tag-europe","12":"tag-fr","13":"tag-france","14":"tag-news","15":"tag-nice","16":"tag-provence-alpes-cote-dazur","17":"tag-republique-francaise"},"share_on_mastodon":{"url":"https:\/\/pubeurope.com\/@fr\/115750110311848884","error":""},"_links":{"self":[{"href":"https:\/\/www.europesays.com\/fr\/wp-json\/wp\/v2\/posts\/611027","targetHints":{"allow":["GET"]}}],"collection":[{"href":"https:\/\/www.europesays.com\/fr\/wp-json\/wp\/v2\/posts"}],"about":[{"href":"https:\/\/www.europesays.com\/fr\/wp-json\/wp\/v2\/types\/post"}],"author":[{"embeddable":true,"href":"https:\/\/www.europesays.com\/fr\/wp-json\/wp\/v2\/users\/2"}],"replies":[{"embeddable":true,"href":"https:\/\/www.europesays.com\/fr\/wp-json\/wp\/v2\/comments?post=611027"}],"version-history":[{"count":0,"href":"https:\/\/www.europesays.com\/fr\/wp-json\/wp\/v2\/posts\/611027\/revisions"}],"wp:featuredmedia":[{"embeddable":true,"href":"https:\/\/www.europesays.com\/fr\/wp-json\/wp\/v2\/media\/611028"}],"wp:attachment":[{"href":"https:\/\/www.europesays.com\/fr\/wp-json\/wp\/v2\/media?parent=611027"}],"wp:term":[{"taxonomy":"category","embeddable":true,"href":"https:\/\/www.europesays.com\/fr\/wp-json\/wp\/v2\/categories?post=611027"},{"taxonomy":"post_tag","embeddable":true,"href":"https:\/\/www.europesays.com\/fr\/wp-json\/wp\/v2\/tags?post=611027"}],"curies":[{"name":"wp","href":"https:\/\/api.w.org\/{rel}","templated":true}]}}