{"id":611029,"date":"2025-12-20T04:54:15","date_gmt":"2025-12-20T04:54:15","guid":{"rendered":"https:\/\/www.europesays.com\/fr\/611029\/"},"modified":"2025-12-20T04:54:15","modified_gmt":"2025-12-20T04:54:15","slug":"comment-le-centre-sainte-marie-a-nice-modernise-et-destigmatise-la-psychiatrie","status":"publish","type":"post","link":"https:\/\/www.europesays.com\/fr\/611029\/","title":{"rendered":"comment le centre Sainte-Marie \u00e0 Nice modernise et d\u00e9stigmatise la psychiatrie"},"content":{"rendered":"<p class=\"fs-5 \">Les chambres spacieuses n\u2019attendent plus que le mobilier et elles seront pr\u00eates pour accueillir les patients. Les travaux de la tranche 1 du centre hospitalier psychiatrique Sainte-Marie, <a href=\"https:\/\/www.nicematin.com\/societe\/immobilier\/les-travaux-ont-demarre-voici-a-quoi-ressemblera-l-hopital-sainte-marie-a-nice-799954\" target=\"_blank\" rel=\"noopener\">d\u00e9marr\u00e9s en octobre 2022 <\/a>s\u2019ach\u00e8veront d\u00e9but f\u00e9vrier 2026. La blanchisserie et autres services logistiques sont d\u00e9j\u00e0 op\u00e9rationnels. La cuisine et le self du personnel sont \u00e9galement livr\u00e9s et utilis\u00e9s depuis le 26 novembre. Loin d\u2019\u00eatre un d\u00e9tail car le responsable de restauration, Philippe Dermigny, concocte un millier de repas par jour dont 800 pour les patients.<\/p>\n<p class=\"fs-5 \">Ces derniers vont passer d\u2019unit\u00e9s vieillissantes \u00e0 des chambres individuelles toutes \u00e9quip\u00e9es de salle de douche et w.-c, et des espaces plus adapt\u00e9s aux besoins actuels. Des chambres doubles sont \u00e9galement pr\u00e9vues pour qui la solitude est trop pesante. \u00ab La d\u00e9stigmatisation de la psychiatrie a rythm\u00e9 les choix durant la conception du projet, informe Philippe Brunetto, directeur des services g\u00e9n\u00e9raux. Par exemple, il n\u2019y a plus aucun barreau aux fen\u00eatres. Nous avons privil\u00e9gi\u00e9 de grandes baies vitr\u00e9es fixes avec un syst\u00e8me de petite ouverture s\u00e9curis\u00e9e sur le c\u00f4t\u00e9 pour que l\u2019on puisse a\u00e9rer. Dans le m\u00eame ordre d\u2019id\u00e9es, des unit\u00e9s sont b\u00e2ties autour d\u2019un patio central elliptique surplomb\u00e9 d\u2019une casquette [encore une fois par mesure de pr\u00e9caution] qui forme de petits jardins. \u00bb<\/p>\n<p>        <img src=\"https:\/\/www.europesays.com\/fr\/wp-content\/uploads\/2025\/12\/8b9aee3_upload-from-url-1-stf99r8qtgy1-data-art-16777784.jpg\"   loading=\"lazy\" decoding=\"async\" alt=\"Le r\u00f4le des proches consiste \u00e0 accompagner et non \u00e0 sauver, \u00e0 encourager l\u2019autonomie sans abandonner.\" class=\"img-fluid position-absolute w-100 object-fit-cover rounded-2\" width=\"600\" height=\"400\"\/><\/p>\n<p>                                                                                Six semaines de d\u00e9m\u00e9nagement<\/p>\n<p class=\"fs-5 \">\u00ab La livraison de la premi\u00e8re tranche va permettre de disposer de 140 lits r\u00e9partis en cinq unit\u00e9s de psychiatrie g\u00e9n\u00e9rale et une de soins intensifs. Le d\u00e9m\u00e9nagement va prendre environ six semaines \u00bb, commente la directrice g\u00e9n\u00e9rale Virginie Mouraret. Si cette derni\u00e8re vient de prendre ses fonctions, elle conna\u00eet parfaitement l\u2019historique et la philosophie du programme puisqu\u2019elle y est entr\u00e9e en 2001 notamment aux Ressources humaines et aux Op\u00e9rations sanitaires.<\/p>\n<p class=\"fs-5 \">Elle poursuit : \u00ab La seconde phase de la restructuration &#8211; dont les travaux se d\u00e9rouleront de mars 2026 au premier trimestre 2028 &#8211; sera quant \u00e0 elle compos\u00e9e d\u2019une unit\u00e9 pour des sujets \u00e2g\u00e9s, une autre sera consacr\u00e9e \u00e0 l\u2019autisme, et trois de psychiatrie g\u00e9n\u00e9rale pour 115 lits. Soit un total de 255 lits contre 242 actuellement. La complexit\u00e9 du chantier r\u00e9side aussi dans le fait qu\u2019il se d\u00e9roule en site occup\u00e9. \u00c0 terme, nous disposerons d\u2019un amphith\u00e9\u00e2tre. Outre nos \u00e9v\u00e9nements internes, il pourra \u00eatre utilis\u00e9 pour des conf\u00e9rences, des colloques ou encore des projets culturels. C\u2019est encore une mani\u00e8re de nous ouvrir \u00e0 l\u2019ext\u00e9rieur. L\u2019h\u00f4pital doit s\u2019inscrire dans la ville, les Ni\u00e7ois passent devant mais ne le connaissent finalement que peu. \u00bb<\/p>\n<p class=\"fs-5 \">\u00ab Le b\u00e2timent fait en quelque sorte partie du soin, abonde Philippe Brunetto. Nous avons r\u00e9fl\u00e9chi avec les soignants et en \u00e9coutant les besoins des malades. Les lieux sont pens\u00e9s pour \u00eatre agr\u00e9ables, avec des espaces verts et des mat\u00e9riaux choisis. Pour enlever les v\u00e9hicules de l\u2019h\u00f4pital, les livraisons vers la partie logistique seront effectu\u00e9es par des galeries sous le b\u00e2timent. Et les toits sont \u00e9quip\u00e9s de panneaux photovolta\u00efques permettant de produire plus de 15 % de l\u2019\u00e9nergie que nous utilisons. \u00bb<\/p>\n<p class=\"fs-5 \"><strong>Des \u00e9tudiants infirmiers \u00e0 la rentr\u00e9e 2026<\/strong><\/p>\n<p class=\"fs-5 \">L\u2019autre nouveaut\u00e9 r\u00e9side dans le fait que d\u00e8s la rentr\u00e9e scolaire de septembre 2026, les \u00e9tudiants de l\u2019IFSI (Institut de formation en soins infirmiers) Sainte-Marie seront pr\u00e9sents sur place et non plus sur le site de La Gaude qui sera ferm\u00e9. \u00ab Le rez-de-chauss\u00e9e du b\u00e2timent historique, o\u00f9 il y avait auparavant le self, est en cours d\u2019am\u00e9nagement pour eux \u00bb, d\u00e9crit Philippe Brunetto. Loin d\u2019\u00eatre anecdotique, le fait d\u2019amener les futurs soignants dans l\u2019enceinte du b\u00e2timent participe aussi de la volont\u00e9 de balayer les pr\u00e9jug\u00e9s sur la psychiatrie.<\/p>\n<p class=\"fs-5 \">\u00ab Le budget total pour cette restructuration s\u2019\u00e9l\u00e8ve \u00e0 113,5 millions d\u2019euros, enti\u00e8rement financ\u00e9 par le fonds de l\u2019association hospitali\u00e8re Sainte-Marie, commente Virginie Mouraret. Il \u00e9tait devenu indispensable d\u2019op\u00e9rer cette modernisation. Elle sera b\u00e9n\u00e9fique aux patients mais \u00e9galement aux soignants. \u00bb<\/p>\n","protected":false},"excerpt":{"rendered":"Les chambres spacieuses n\u2019attendent plus que le mobilier et elles seront pr\u00eates pour accueillir les patients. Les travaux&hellip;\n","protected":false},"author":2,"featured_media":611030,"comment_status":"","ping_status":"","sticky":false,"template":"","format":"standard","meta":{"footnotes":""},"categories":[2819],"tags":[1111,11,1777,674,1011,27,12,2401,882,25],"class_list":{"0":"post-611029","1":"post","2":"type-post","3":"status-publish","4":"format-standard","5":"has-post-thumbnail","7":"category-nice","8":"tag-actu","9":"tag-actualites","10":"tag-eu","11":"tag-europe","12":"tag-fr","13":"tag-france","14":"tag-news","15":"tag-nice","16":"tag-provence-alpes-cote-dazur","17":"tag-republique-francaise"},"share_on_mastodon":{"url":"https:\/\/pubeurope.com\/@fr\/115750114110521674","error":""},"_links":{"self":[{"href":"https:\/\/www.europesays.com\/fr\/wp-json\/wp\/v2\/posts\/611029","targetHints":{"allow":["GET"]}}],"collection":[{"href":"https:\/\/www.europesays.com\/fr\/wp-json\/wp\/v2\/posts"}],"about":[{"href":"https:\/\/www.europesays.com\/fr\/wp-json\/wp\/v2\/types\/post"}],"author":[{"embeddable":true,"href":"https:\/\/www.europesays.com\/fr\/wp-json\/wp\/v2\/users\/2"}],"replies":[{"embeddable":true,"href":"https:\/\/www.europesays.com\/fr\/wp-json\/wp\/v2\/comments?post=611029"}],"version-history":[{"count":0,"href":"https:\/\/www.europesays.com\/fr\/wp-json\/wp\/v2\/posts\/611029\/revisions"}],"wp:featuredmedia":[{"embeddable":true,"href":"https:\/\/www.europesays.com\/fr\/wp-json\/wp\/v2\/media\/611030"}],"wp:attachment":[{"href":"https:\/\/www.europesays.com\/fr\/wp-json\/wp\/v2\/media?parent=611029"}],"wp:term":[{"taxonomy":"category","embeddable":true,"href":"https:\/\/www.europesays.com\/fr\/wp-json\/wp\/v2\/categories?post=611029"},{"taxonomy":"post_tag","embeddable":true,"href":"https:\/\/www.europesays.com\/fr\/wp-json\/wp\/v2\/tags?post=611029"}],"curies":[{"name":"wp","href":"https:\/\/api.w.org\/{rel}","templated":true}]}}