{"id":611031,"date":"2025-12-20T04:55:33","date_gmt":"2025-12-20T04:55:33","guid":{"rendered":"https:\/\/www.europesays.com\/fr\/611031\/"},"modified":"2025-12-20T04:55:33","modified_gmt":"2025-12-20T04:55:33","slug":"le-college-salavdor-allende-a-reze-se-dote-dune-classe-defense","status":"publish","type":"post","link":"https:\/\/www.europesays.com\/fr\/611031\/","title":{"rendered":"Le coll\u00e8ge Salavdor-Allende, \u00e0 Rez\u00e9, se dote d\u2019une classe d\u00e9fense"},"content":{"rendered":"<tr wp_automatic_readability=\"7.8273381294964\">\n<td valign=\"middle\" align=\"center\" class=\"col-logo\" wp_automatic_readability=\"5\">\n    <img decoding=\"async\" src=\"https:\/\/maville.com\/design\/images\/logo-of-monetise.svg?version=20130627\" alt=\"logo Ouest-France\" height=\"66\"\/><\/p>\n<p>Contenu r\u00e9serv\u00e9 aux abonn\u00e9s<\/p>\n<\/td>\n<td class=\"col-titre\">\n\t\t\tVendredi 19 d\u00e9cembre 2025 16:54<br \/>\n\t\t\t<a class=\"icon-bulle sizeL count\" href=\"#ancreAvis\"><br \/>\n\t&#8230;<br \/>\n<\/a><\/td>\n<\/tr>\n<p>\t\t<a class=\"mavillebox2 elmt-photo\" href=\"https:\/\/maville.com\/photosmvi\/2025\/12\/19\/P35649784D7117434G.jpg\" title=\" Une convention d\u2019un an a \u00e9t\u00e9 sign\u00e9e entre le coll\u00e8ge, le bateau-\u00e9cole Le Jaguar de Brest et la Marine nationale.  \u00a9  Ouest-France  \" rel=\"galerie_actu noopener\" target=\"_blank\"><br \/>\n\t<img decoding=\"async\" src=\"https:\/\/www.europesays.com\/fr\/wp-content\/uploads\/2025\/12\/P35649784D7117434G_crop_640-330_.jpg\" alt=\"photo  une convention d\u2019un an a \u00e9t\u00e9 sign\u00e9e entre le coll\u00e8ge, le bateau-\u00e9cole le jaguar de brest et la marine nationale.  \u00a9  ouest-france \"\/><br \/>\n\t1<br \/>\n<\/a><\/p>\n<p class=\"elmt-legende\"> Une convention d\u2019un an a \u00e9t\u00e9 sign\u00e9e entre le coll\u00e8ge, le bateau-\u00e9cole Le Jaguar de Brest et la Marine nationale.  \u00a9  Ouest-France  <\/p>\n<p>\t\tAu coll\u00e8ge Salvador-Allende de Rez\u00e9 (Loire-Atlantique), une option en lien avec la Marine nationale est propos\u00e9e aux \u00e9l\u00e8ves de 4e. Son objectif est de leur faire d\u00e9couvrir la richesse des m\u00e9tiers de la mer tout en les aidant \u00e0 reprendre confiance en eux et gagner en autonomie. Une convention d\u2019un an vient d\u2019\u00eatre sign\u00e9e entre l\u2019\u00e9tablissement, le bateau-\u00e9cole Le Jaguar de Brest et la Marine nationale.<\/p>\n<p><b>Cet article est r\u00e9serv\u00e9 aux abonn\u00e9s<\/b><\/p>\n<p>Pour un acc\u00e8s imm\u00e9diat, abonnez-vous<\/p>\n<p><b>1\u00e8re semaine offerte<\/b><\/p>\n<p>\t\tOuest-France<\/p>\n<p>Retrouvez d&rsquo;autres actus sur la commune de :<\/p>\n<p>\t\t&#13;<\/p>\n","protected":false},"excerpt":{"rendered":"Contenu r\u00e9serv\u00e9 aux abonn\u00e9s Vendredi 19 d\u00e9cembre 2025 16:54 &#8230; 1 Une convention d\u2019un an a \u00e9t\u00e9 sign\u00e9e&hellip;\n","protected":false},"author":2,"featured_media":611032,"comment_status":"","ping_status":"","sticky":false,"template":"","format":"standard","meta":{"footnotes":""},"categories":[2818],"tags":[1111,11,19406,1124,554,32121,1777,674,1011,27,766,12,2636,25,3740,3272,72205],"class_list":{"0":"post-611031","1":"post","2":"type-post","3":"status-publish","4":"format-standard","5":"has-post-thumbnail","7":"category-nantes","8":"tag-actu","9":"tag-actualites","10":"tag-classe","11":"tag-college","12":"tag-defense","13":"tag-dote","14":"tag-eu","15":"tag-europe","16":"tag-fr","17":"tag-france","18":"tag-nantes","19":"tag-news","20":"tag-pays-de-la-loire","21":"tag-republique-francaise","22":"tag-reze","23":"tag-saint-nazaire","24":"tag-salavdor-allende"},"share_on_mastodon":{"url":"https:\/\/pubeurope.com\/@fr\/115750117587130627","error":""},"_links":{"self":[{"href":"https:\/\/www.europesays.com\/fr\/wp-json\/wp\/v2\/posts\/611031","targetHints":{"allow":["GET"]}}],"collection":[{"href":"https:\/\/www.europesays.com\/fr\/wp-json\/wp\/v2\/posts"}],"about":[{"href":"https:\/\/www.europesays.com\/fr\/wp-json\/wp\/v2\/types\/post"}],"author":[{"embeddable":true,"href":"https:\/\/www.europesays.com\/fr\/wp-json\/wp\/v2\/users\/2"}],"replies":[{"embeddable":true,"href":"https:\/\/www.europesays.com\/fr\/wp-json\/wp\/v2\/comments?post=611031"}],"version-history":[{"count":0,"href":"https:\/\/www.europesays.com\/fr\/wp-json\/wp\/v2\/posts\/611031\/revisions"}],"wp:featuredmedia":[{"embeddable":true,"href":"https:\/\/www.europesays.com\/fr\/wp-json\/wp\/v2\/media\/611032"}],"wp:attachment":[{"href":"https:\/\/www.europesays.com\/fr\/wp-json\/wp\/v2\/media?parent=611031"}],"wp:term":[{"taxonomy":"category","embeddable":true,"href":"https:\/\/www.europesays.com\/fr\/wp-json\/wp\/v2\/categories?post=611031"},{"taxonomy":"post_tag","embeddable":true,"href":"https:\/\/www.europesays.com\/fr\/wp-json\/wp\/v2\/tags?post=611031"}],"curies":[{"name":"wp","href":"https:\/\/api.w.org\/{rel}","templated":true}]}}