{"id":611033,"date":"2025-12-20T04:57:23","date_gmt":"2025-12-20T04:57:23","guid":{"rendered":"https:\/\/www.europesays.com\/fr\/611033\/"},"modified":"2025-12-20T04:57:23","modified_gmt":"2025-12-20T04:57:23","slug":"football-enorme-suspension-pour-lentraineur-de-la-reserve-du-fc-nantes-sport-2","status":"publish","type":"post","link":"https:\/\/www.europesays.com\/fr\/611033\/","title":{"rendered":"Football. \u00c9norme suspension pour l\u2019entra\u00eeneur de la r\u00e9serve du FC Nantes\u00a0! . Sport"},"content":{"rendered":"<p>La d\u00e9cision a d\u00fb faire l\u2019effet d\u2019une bombe dans les bureaux de la Joneli\u00e8re, au centre d\u2019entra\u00eenement du FC Nantes, jeudi 18\u00a0d\u00e9cembre 2025. <a href=\"https:\/\/nantes.maville.com\/sport\/detail_-fc-nantes-un-entraineur-du-centre-de-formation-tres-severement-sanctionne-_52716-7117457_actu.Htm\" target=\"_self\" rel=\"noopener\">Comme r\u00e9v\u00e9l\u00e9 par nos confr\u00e8res de <\/a>  <a href=\"https:\/\/nantes.maville.com\/sport\/detail_-fc-nantes-un-entraineur-du-centre-de-formation-tres-severement-sanctionne-_52716-7117457_actu.Htm\" target=\"_self\" rel=\"noopener\">Presse-Oc\u00e9an<\/a> , l\u2019entra\u00eeneur de l\u2019\u00e9quipe r\u00e9serve \u00e9voluant en National 3 a \u00e9cop\u00e9 de <a href=\"https:\/\/nantes.maville.com\/sport\/detail_-national-3.-fc-nantes-vertou-apres-la-fin-de-match-houleuse-de-lourdes-sanctions-attendues-_8-7101558_actu.Htm\" target=\"_self\" rel=\"noopener\">16\u00a0matches de suspension<\/a>, information que Ouest-France est en mesure de confirmer.<\/p>\n<p>Cela fait suite \u00e0 une vive altercation o\u00f9 des insultes ont \u00e9t\u00e9 \u00e9chang\u00e9es avec Jules Chatagnau, milieu de terrain de l\u2019USSA Vertou, <a href=\"https:\/\/nantes.maville.com\/sport\/detail_-football.-national-3-la-reserve-du-fc-nantes-sauve-un-point-face-au-voisin-vertou-_8-7098403_actu.Htm\" target=\"_self\" rel=\"noopener\">apr\u00e8s le coup de sifflet final du derby lig\u00e9rien<\/a>, dimanche 7\u00a0d\u00e9cembre dernier, au c\u0153ur d\u2019une fin de match \u00e9lectrique. Si le joueur en question a vu sa sanction fix\u00e9e \u00e0 cinq matches, l\u2019entra\u00eeneur a quant \u00e0 lui payer le prix fort de son absence d\u2019exemplarit\u00e9 sur le coup.<\/p>\n<p><strong>Lire aussi\u00a0:<\/strong> <a href=\"https:\/\/nantes.maville.com\/sport\/detail_-info-ouest-france.-fc-nantes-stephane-ziani-refuse-de-prendre-la-coordination-sportive-du-fcn-_8-7099994_actu.Htm\" target=\"_self\" rel=\"noopener\">INFO OUEST-FRANCE. FC Nantes\u00a0: St\u00e9phane Ziani refuse de prendre la coordination sportive du FCN<\/a><\/p>\n<p>Absent jusqu\u2019\u00e0 la fin de la saison<\/p>\n<p>\u00a0Ils parlent beaucoup et, \u00e0 un moment donn\u00e9, on perd patience avec la connerie \u00e0 l\u2019issue du match. Ils sont dans la provocation, \u00e7a soulage de dire ce qu\u2019on pense. C\u2019est trop\u00a0, avait d\u00e9clar\u00e9 St\u00e9phane Ziani apr\u00e8s la rencontre. L\u2019altercation ayant eu lieu une fois le match termin\u00e9, le bar\u00e8me pr\u00e9voyait d\u2019office une sanction major\u00e9e.<\/p>\n<p><strong>Lire aussi\u00a0:<\/strong> <a href=\"https:\/\/rennes.maville.com\/sport\/detail_-loire-atlantique-football.-les-violences-contre-les-arbitres-vont-etre-plus-durement-sanctionnees-_8-7072199_actu.Htm\" target=\"_self\" rel=\"noopener\">Football. Les violences contre les arbitres vont \u00eatre plus durement sanctionn\u00e9es<\/a><\/p>\n<p>Toutefois, celle-ci est finalement deux fois plus importante que pr\u00e9vue dans les r\u00e8glements de la F\u00e9d\u00e9ration fran\u00e7aise de football qui pr\u00e9conisent une suspension de 8\u00a0matches pour un entra\u00eeneur au comportement injurieux. Le FC Nantes et St\u00e9phane Ziani vont faire appel de la d\u00e9cision. Mais si le verdict est maintenu (ou major\u00e9 ce qui n\u2019est pas impossible), le formateur ne pourrait pas remettre les pieds sur le banc de la saison.<\/p>\n<p>\u00a0<\/p>\n","protected":false},"excerpt":{"rendered":"La d\u00e9cision a d\u00fb faire l\u2019effet d\u2019une bombe dans les bureaux de la Joneli\u00e8re, au centre d\u2019entra\u00eenement du&hellip;\n","protected":false},"author":2,"featured_media":610916,"comment_status":"","ping_status":"","sticky":false,"template":"","format":"standard","meta":{"footnotes":""},"categories":[2818],"tags":[1111,11,3809,1465,1777,674,63,1011,27,1792,1922,766,12,2636,25,479,517,1470],"class_list":{"0":"post-611033","1":"post","2":"type-post","3":"status-publish","4":"format-standard","5":"has-post-thumbnail","7":"category-nantes","8":"tag-actu","9":"tag-actualites","10":"tag-ball","11":"tag-basket","12":"tag-eu","13":"tag-europe","14":"tag-football","15":"tag-fr","16":"tag-france","17":"tag-handball","18":"tag-info","19":"tag-nantes","20":"tag-news","21":"tag-pays-de-la-loire","22":"tag-republique-francaise","23":"tag-rugby","24":"tag-sport","25":"tag-volley"},"share_on_mastodon":{"url":"https:\/\/pubeurope.com\/@fr\/115750125170321555","error":""},"_links":{"self":[{"href":"https:\/\/www.europesays.com\/fr\/wp-json\/wp\/v2\/posts\/611033","targetHints":{"allow":["GET"]}}],"collection":[{"href":"https:\/\/www.europesays.com\/fr\/wp-json\/wp\/v2\/posts"}],"about":[{"href":"https:\/\/www.europesays.com\/fr\/wp-json\/wp\/v2\/types\/post"}],"author":[{"embeddable":true,"href":"https:\/\/www.europesays.com\/fr\/wp-json\/wp\/v2\/users\/2"}],"replies":[{"embeddable":true,"href":"https:\/\/www.europesays.com\/fr\/wp-json\/wp\/v2\/comments?post=611033"}],"version-history":[{"count":0,"href":"https:\/\/www.europesays.com\/fr\/wp-json\/wp\/v2\/posts\/611033\/revisions"}],"wp:featuredmedia":[{"embeddable":true,"href":"https:\/\/www.europesays.com\/fr\/wp-json\/wp\/v2\/media\/610916"}],"wp:attachment":[{"href":"https:\/\/www.europesays.com\/fr\/wp-json\/wp\/v2\/media?parent=611033"}],"wp:term":[{"taxonomy":"category","embeddable":true,"href":"https:\/\/www.europesays.com\/fr\/wp-json\/wp\/v2\/categories?post=611033"},{"taxonomy":"post_tag","embeddable":true,"href":"https:\/\/www.europesays.com\/fr\/wp-json\/wp\/v2\/tags?post=611033"}],"curies":[{"name":"wp","href":"https:\/\/api.w.org\/{rel}","templated":true}]}}