{"id":611051,"date":"2025-12-20T05:09:24","date_gmt":"2025-12-20T05:09:24","guid":{"rendered":"https:\/\/www.europesays.com\/fr\/611051\/"},"modified":"2025-12-20T05:09:24","modified_gmt":"2025-12-20T05:09:24","slug":"lyon-pour-le-nouvel-an-airbnb-cible-cette-annee-encore-les-fetes-non-autorisees","status":"publish","type":"post","link":"https:\/\/www.europesays.com\/fr\/611051\/","title":{"rendered":"Lyon. Pour le Nouvel an, Airbnb cible \u2013 cette ann\u00e9e encore \u2013 les f\u00eates non autoris\u00e9es"},"content":{"rendered":"<p>Elles portent bien leurs noms, les \u00ab\u00a0f\u00eates de fin d\u2019ann\u00e9e\u00a0\u00bb\u00a0; une p\u00e9riode festive en famille ou entre copains. Mais comme le dit l\u2019adage, \u201ctoutes les bonnes choses ont une fin\u201d, et c\u2019est en raison des multiples abus que la plateforme de location Airbnb doit d\u00e9sormais serrer la vis.<\/p>\n<p>Le dispositif anti-f\u00eates revient afin d\u2019emp\u00eacher des c\u00e9l\u00e9brations consid\u00e9r\u00e9es comme \u00ab\u00a0\u00e0 risque dans la ville\u00a0\u00bb en raison de possibles nuisances sonores pour le voisinage, ou pire, des d\u00e9gradations pour le r\u00e9sident qui loue son logement.<\/p>\n<p>  Une demeure saccag\u00e9e \u00e0 Villeurbanne en 2021<\/p>\n<p>En 2024, ces mesures avaient permis de bloquer pr\u00e8s de 170 r\u00e9servations. La preuve que ces pr\u00e9cautions portent leurs fruits puisqu\u2019en amont du 31\u00a0d\u00e9cembre 2022, c\u2019est plus de 1\u00a0300 demandes de location qui avaient \u00e9t\u00e9 rejet\u00e9es, en raison de soup\u00e7ons port\u00e9s par la plateforme. Pour rappel en 2021, dans le quartier de Cusset \u00e0 Villeurbanne, un habitant avait lou\u00e9 sa maison \u00ab\u00a0\u00e0 un homme de 21 ans\u00a0\u00bb souhaitant f\u00eater le r\u00e9veillon \u00ab\u00a0en famille\u00a0\u00bb, officiellement. <a href=\"https:\/\/www.leprogres.fr\/actualite\/2018\/01\/05\/villeurbanne-il-loue-sa-maison-neuve-sur-airbnb-et-la-retrouve-saccagee\" target=\"_blank\" rel=\"noopener\">La demeure avait \u00e9t\u00e9 saccag\u00e9e<\/a> , le propri\u00e9taire estimait qu\u2019une centaine de personnes \u00e9taient en r\u00e9alit\u00e9 venues faire la f\u00eate.<\/p>\n<p>  La plateforme appelle \u00e0 la vigilance<\/p>\n<p>Aujourd\u2019hui, Airbnb a mis en place une technologie capable d\u2019analyser des centaines de facteurs pour identifier et emp\u00eacher les r\u00e9servations qui pr\u00e9sentent un risque \u00e9lev\u00e9 d\u2019organisation de f\u00eates susceptibles de cr\u00e9er des nuisances.<\/p>\n<p>En raison du nombre d\u2019\u00e9v\u00e9nements organis\u00e9s via les r\u00e9seaux sociaux \u00e0 l\u2019heure actuelle, Airbnb appelle \u00e0 la vigilance et rappelle que toute r\u00e9servation doit \u00eatre effectu\u00e9e par la personne qui s\u00e9journe dans le logement. Chaque infraction peut entra\u00eener la suppression du compte et l\u2019annulation de la r\u00e9servation.<\/p>\n","protected":false},"excerpt":{"rendered":"Elles portent bien leurs noms, les \u00ab\u00a0f\u00eates de fin d\u2019ann\u00e9e\u00a0\u00bb\u00a0; une p\u00e9riode festive en famille ou entre copains.&hellip;\n","protected":false},"author":2,"featured_media":611052,"comment_status":"","ping_status":"","sticky":false,"template":"","format":"standard","meta":{"footnotes":""},"categories":[1889],"tags":[1111,11,2430,33,2757,1777,674,107,1011,27,5015,1908,2428,2756,12,25,2429,104,216],"class_list":{"0":"post-611051","1":"post","2":"type-post","3":"status-publish","4":"format-standard","5":"has-post-thumbnail","7":"category-lyon","8":"tag-actu","9":"tag-actualites","10":"tag-auvergne-rhone-alpes","11":"tag-economie","12":"tag-edition-lyon-villeurbanne","13":"tag-eu","14":"tag-europe","15":"tag-fil-info","16":"tag-fr","17":"tag-france","18":"tag-innovation-et-start-up","19":"tag-logement","20":"tag-lyon","21":"tag-lyon-bassin","22":"tag-news","23":"tag-republique-francaise","24":"tag-rhone","25":"tag-societe","26":"tag-vie-des-entreprises"},"share_on_mastodon":{"url":"https:\/\/pubeurope.com\/@fr\/115750172340824159","error":""},"_links":{"self":[{"href":"https:\/\/www.europesays.com\/fr\/wp-json\/wp\/v2\/posts\/611051","targetHints":{"allow":["GET"]}}],"collection":[{"href":"https:\/\/www.europesays.com\/fr\/wp-json\/wp\/v2\/posts"}],"about":[{"href":"https:\/\/www.europesays.com\/fr\/wp-json\/wp\/v2\/types\/post"}],"author":[{"embeddable":true,"href":"https:\/\/www.europesays.com\/fr\/wp-json\/wp\/v2\/users\/2"}],"replies":[{"embeddable":true,"href":"https:\/\/www.europesays.com\/fr\/wp-json\/wp\/v2\/comments?post=611051"}],"version-history":[{"count":0,"href":"https:\/\/www.europesays.com\/fr\/wp-json\/wp\/v2\/posts\/611051\/revisions"}],"wp:featuredmedia":[{"embeddable":true,"href":"https:\/\/www.europesays.com\/fr\/wp-json\/wp\/v2\/media\/611052"}],"wp:attachment":[{"href":"https:\/\/www.europesays.com\/fr\/wp-json\/wp\/v2\/media?parent=611051"}],"wp:term":[{"taxonomy":"category","embeddable":true,"href":"https:\/\/www.europesays.com\/fr\/wp-json\/wp\/v2\/categories?post=611051"},{"taxonomy":"post_tag","embeddable":true,"href":"https:\/\/www.europesays.com\/fr\/wp-json\/wp\/v2\/tags?post=611051"}],"curies":[{"name":"wp","href":"https:\/\/api.w.org\/{rel}","templated":true}]}}