{"id":611055,"date":"2025-12-20T05:12:35","date_gmt":"2025-12-20T05:12:35","guid":{"rendered":"https:\/\/www.europesays.com\/fr\/611055\/"},"modified":"2025-12-20T05:12:35","modified_gmt":"2025-12-20T05:12:35","slug":"vendee-fontenay-psg-la-composition-probable-des-parisiens-avec-deux-petits-nouveaux","status":"publish","type":"post","link":"https:\/\/www.europesays.com\/fr\/611055\/","title":{"rendered":"Vend\u00e9e Fontenay &#8211; PSG\u00a0: la composition probable des Parisiens avec deux petits nouveaux"},"content":{"rendered":"<p class=\"paragraph text_align_left lp-f-body-02\">Le dernier match de l\u2019ann\u00e9e 2025 pour le PSG pourrait donner lieu \u00e0 des nouveaut\u00e9s. Paris se d\u00e9place \u00e0 Nantes <a href=\"https:\/\/www.leparisien.fr\/sports\/football\/psg\/je-ne-peux-pas-lexpliquer-luis-enrique-stupefait-par-la-blessure-de-safonov-lors-de-la-seance-de-tirs-au-but-contre-flamengo-19-12-2025-5IZ2UTUPABDQXOFL5G3DFWTZKA.php\" target=\"_blank\" rel=\"noreferrer noopener\">ce samedi \u00e0 21 heures<\/a> pour le compte des 32e de finale de la Coupe de France dont il est tenant du titre. Il affronte les amateurs de Vend\u00e9e Fontenay Football (N 3), qui \u00e9voluent en cinqui\u00e8me division. Le 15 janvier dernier, au tour suivant de la m\u00eame comp\u00e9tition mais face \u00e0 une \u00e9quipe du m\u00eame niveau, Espaly, Luis Enrique avait titularis\u00e9 Arnau Tenas, le troisi\u00e8me gardien. <\/p>\n<p class=\"\">Profitera-t-il de cette ultime sortie pour voir Renato Marin, 19 ans, l\u2019Italo-br\u00e9slien recrut\u00e9 libre cet \u00e9t\u00e9 en provenance de l\u2019AS Rome ? Sans marge en championnat, avec un point de retard sur Lens, et r\u00e9servant ses meilleurs joueurs pour la Ligue des champions, l\u2019Espagnol ne poss\u00e8de pas vraiment d\u2019autres fen\u00eatres pour scruter in situ son num\u00e9ro trois.<\/p>\n<p class=\"\">Dans le contexte d\u00e9licat de la performance stratosph\u00e9rique de Matvey Safonov en Coupe Intercontinentale, avec quatre tirs au but stopp\u00e9s, il peut \u00e9galement choisir de relancer Lucas Chevalier, titulaire d\u00e8s janvier pour la reprise contre le PFC lors du derby au Parc des Princes le 4. Le portier russe, <a href=\"https:\/\/www.leparisien.fr\/sports\/football\/psg\/psg-troisieme-tir-au-but-bandage-ce-que-lon-sait-de-l-inexplicable-fracture-a-une-main-de-safonov-19-12-2025-WIO4PRN6LNBPBK65UHPPQY5RSA.php\" target=\"_blank\" rel=\"noreferrer noopener\">victime d\u2019une fracture de la main gauche<\/a>, est forfait pour les trois ou quatre prochaines semaines, selon le communiqu\u00e9 m\u00e9dical du club. <\/p>\n<p class=\"\">Fatigu\u00e9, Bradley Barcola part en vacances plus t\u00f4t, tout comme Willian Pacho, comme nous l\u2019avions annonc\u00e9 ce jeudi. Sorti contre Flamengo mercredi \u00e0 Doha, Kang-In Lee souffre \u00ab d\u2019une l\u00e9sion \u00e0 la cuisse gauche \u00bb. Le Ballon d\u2019or asiatique va manquer \u00ab plusieurs semaines \u00bb. Par ailleurs, les champions d\u2019Europe ont lib\u00e9r\u00e9 leurs deux joueurs s\u00e9lectionn\u00e9s pour la CAN, Achraf Hakimi avec le Maroc et Ibrahim Mbaye avec le S\u00e9n\u00e9gal.<\/p>\n<p>Demb\u00e9l\u00e9 pour prendre confiance ?<\/p>\n<p class=\"\">Fort de ses six absents et avec une troupe qui tire la langue et n\u2019attend plus que les vacances, du sang frais est attendu. Si des cadres et des habituels rempla\u00e7ants vont composer la colonne vert\u00e9brale du PSG ce samedi, comme Lucas Hernandez, Senny Mayulu, Ousmane Demb\u00e9l\u00e9 ou Gon\u00e7alo Ramos -, l\u2019autre surprise pourrait venir de la titularisation d\u2019un nouveau Titi issu du centre de formation. David Boly, 16 ans, d\u00e9crit comme tr\u00e8s prometteur au poste de lat\u00e9ral droit, pourrait enfin jouer, apr\u00e8s quelques apparitions dans le groupe. L\u00e0 encore, \u00e0 moins de tomber \u00e0 nouveau sur des amateurs en cas de qualification, les occasions sont rares de voir des espoirs du club.<\/p>\n<p class=\"\">Devant et pour des raisons diff\u00e9rentes, certains doivent se relancer. Gon\u00e7alo Ramos pourrait profiter de l\u2019aubaine pour oublier l\u2019espace d\u2019une soir\u00e9e son statut d\u2019\u00e9ternel rempla\u00e7ant et empiler les buts. Quant \u00e0 Ousmane Demb\u00e9l\u00e9, qui n\u2019a pas vraiment d\u00e9marr\u00e9 sa saison apr\u00e8s des blessures et des entr\u00e9es compliqu\u00e9es, comme mercredi \u00e0 Doha avec des tirs forc\u00e9s et enlev\u00e9s qui t\u00e9moignent d\u2019un d\u00e9ficit de pr\u00e9paration encore, ce genre de match peut aussi lui redonner confiance. Apr\u00e8s ce dernier devoir, les Parisiens seront enfin en vacances apr\u00e8s l\u2019ann\u00e9e civile la plus charg\u00e9e de leur histoire, la plus l\u00e9gendaire \u00e9galement.<\/p>\n<p class=\"\"><b>La composition probable du PSG<\/b> <b>:<\/b> Marin ou Chevalier &#8211; Boly, Zabarnyi, Beraldo, Hernandez &#8211; Za\u00efre-Emery (cap.), Mayulu, Dou\u00e9 &#8211; Demb\u00e9l\u00e9, Ramos, Ndjantou.<\/p>\n","protected":false},"excerpt":{"rendered":"Le dernier match de l\u2019ann\u00e9e 2025 pour le PSG pourrait donner lieu \u00e0 des nouveaut\u00e9s. Paris se d\u00e9place&hellip;\n","protected":false},"author":2,"featured_media":611056,"comment_status":"","ping_status":"","sticky":false,"template":"","format":"standard","meta":{"footnotes":""},"categories":[1888],"tags":[1111,1928,11,1927,1777,674,63,1011,27,12,1926,626,1925,93,25,60],"class_list":{"0":"post-611055","1":"post","2":"type-post","3":"status-publish","4":"format-standard","5":"has-post-thumbnail","7":"category-paris","8":"tag-actu","9":"tag-actu-paris","10":"tag-actualites","11":"tag-actualites-paris","12":"tag-eu","13":"tag-europe","14":"tag-football","15":"tag-fr","16":"tag-france","17":"tag-news","18":"tag-news-paris","19":"tag-paris","20":"tag-paris-news","21":"tag-psg","22":"tag-republique-francaise","23":"tag-sports"},"share_on_mastodon":{"url":"https:\/\/pubeurope.com\/@fr\/115750184129092966","error":""},"_links":{"self":[{"href":"https:\/\/www.europesays.com\/fr\/wp-json\/wp\/v2\/posts\/611055","targetHints":{"allow":["GET"]}}],"collection":[{"href":"https:\/\/www.europesays.com\/fr\/wp-json\/wp\/v2\/posts"}],"about":[{"href":"https:\/\/www.europesays.com\/fr\/wp-json\/wp\/v2\/types\/post"}],"author":[{"embeddable":true,"href":"https:\/\/www.europesays.com\/fr\/wp-json\/wp\/v2\/users\/2"}],"replies":[{"embeddable":true,"href":"https:\/\/www.europesays.com\/fr\/wp-json\/wp\/v2\/comments?post=611055"}],"version-history":[{"count":0,"href":"https:\/\/www.europesays.com\/fr\/wp-json\/wp\/v2\/posts\/611055\/revisions"}],"wp:featuredmedia":[{"embeddable":true,"href":"https:\/\/www.europesays.com\/fr\/wp-json\/wp\/v2\/media\/611056"}],"wp:attachment":[{"href":"https:\/\/www.europesays.com\/fr\/wp-json\/wp\/v2\/media?parent=611055"}],"wp:term":[{"taxonomy":"category","embeddable":true,"href":"https:\/\/www.europesays.com\/fr\/wp-json\/wp\/v2\/categories?post=611055"},{"taxonomy":"post_tag","embeddable":true,"href":"https:\/\/www.europesays.com\/fr\/wp-json\/wp\/v2\/tags?post=611055"}],"curies":[{"name":"wp","href":"https:\/\/api.w.org\/{rel}","templated":true}]}}