{"id":611057,"date":"2025-12-20T05:13:19","date_gmt":"2025-12-20T05:13:19","guid":{"rendered":"https:\/\/www.europesays.com\/fr\/611057\/"},"modified":"2025-12-20T05:13:19","modified_gmt":"2025-12-20T05:13:19","slug":"15-euros-la-tartiflette-et-6-le-vin-chaud-ca-pique-que-vaut-la-nourriture-au-marche-de-noel-des-tuileries","status":"publish","type":"post","link":"https:\/\/www.europesays.com\/fr\/611057\/","title":{"rendered":"\u00ab\u00a015\u00a0euros la tartiflette et 6 le vin chaud, \u00e7a pique\u00a0\u00bb\u00a0: que vaut la nourriture au march\u00e9 de No\u00ebl des Tuileries\u00a0?"},"content":{"rendered":"<p class=\"paragraph text_align_left lp-f-body-02\">Assis devant un bol en carton rempli de tartiflette fumante, Clara et Maxime ont le sourire. Venu sp\u00e9cialement de Massy (Essonne) \u00e0 Paris pour visiter le <a href=\"https:\/\/www.leparisien.fr\/etudiant\/sortir\/paris\/eve-la-magie-de-noel-s-installe-aux-tuileries\/\" target=\"_self\" rel=\"noopener\">march\u00e9 de No\u00ebl du jardin des Tuileries<\/a> (Ier arrondissement), le duo est ravi de se r\u00e9chauffer un peu dans le froid du mois de d\u00e9cembre. \u00ab En revanche 15 euros la tartiflette et 6 le verre de vin chaud, \u00e7a pique un peu, grince Maxime. On sait que le rapport qualit\u00e9 prix n\u2019est pas terrible ici. En faisant 200 m, on mangerait mieux pour moins cher. Mais on est venus pour l\u2019ambiance du march\u00e9 de No\u00ebl, donc on sait \u00e0 quoi nous en tenir. \u00bb<\/p>\n<p class=\"\">Le <a href=\"https:\/\/www.leparisien.fr\/etudiant\/vie-etudiante\/marches-de-noel-a-paris-les-bonnes-adresses-ou-trouver-vos-cadeaux-LLZ7HXLE7VE3PEFBQIWUXXAAHQ.php\" target=\"_blank\" rel=\"noopener\">march\u00e9 de No\u00ebl<\/a> ne d\u00e9semplit pas depuis son ouverture le 15 novembre. Outre plusieurs attractions dont la grande roue ou un spectaculaire bras articul\u00e9 qui propulse les plus t\u00e9m\u00e9raires \u00e0 plus de quinze m\u00e8tres de haut, les visiteurs peuvent acheter des bijoux, luminaires, bougies, nougats, macarons ou objets de d\u00e9coration plus ou moins artisanaux. Ils peuvent aussi se restaurer parmi les dizaines de stands r\u00e9partis tout au long du march\u00e9.<\/p>\n","protected":false},"excerpt":{"rendered":"Assis devant un bol en carton rempli de tartiflette fumante, Clara et Maxime ont le sourire. Venu sp\u00e9cialement&hellip;\n","protected":false},"author":2,"featured_media":611058,"comment_status":"","ping_status":"","sticky":false,"template":"","format":"standard","meta":{"footnotes":""},"categories":[1888],"tags":[1111,1928,11,1927,3013,1777,674,1011,27,1944,12,1926,626,1925,25],"class_list":{"0":"post-611057","1":"post","2":"type-post","3":"status-publish","4":"format-standard","5":"has-post-thumbnail","7":"category-paris","8":"tag-actu","9":"tag-actu-paris","10":"tag-actualites","11":"tag-actualites-paris","12":"tag-bien-manger","13":"tag-eu","14":"tag-europe","15":"tag-fr","16":"tag-france","17":"tag-ma-ville","18":"tag-news","19":"tag-news-paris","20":"tag-paris","21":"tag-paris-news","22":"tag-republique-francaise"},"share_on_mastodon":{"url":"https:\/\/pubeurope.com\/@fr\/115750188133825946","error":""},"_links":{"self":[{"href":"https:\/\/www.europesays.com\/fr\/wp-json\/wp\/v2\/posts\/611057","targetHints":{"allow":["GET"]}}],"collection":[{"href":"https:\/\/www.europesays.com\/fr\/wp-json\/wp\/v2\/posts"}],"about":[{"href":"https:\/\/www.europesays.com\/fr\/wp-json\/wp\/v2\/types\/post"}],"author":[{"embeddable":true,"href":"https:\/\/www.europesays.com\/fr\/wp-json\/wp\/v2\/users\/2"}],"replies":[{"embeddable":true,"href":"https:\/\/www.europesays.com\/fr\/wp-json\/wp\/v2\/comments?post=611057"}],"version-history":[{"count":0,"href":"https:\/\/www.europesays.com\/fr\/wp-json\/wp\/v2\/posts\/611057\/revisions"}],"wp:featuredmedia":[{"embeddable":true,"href":"https:\/\/www.europesays.com\/fr\/wp-json\/wp\/v2\/media\/611058"}],"wp:attachment":[{"href":"https:\/\/www.europesays.com\/fr\/wp-json\/wp\/v2\/media?parent=611057"}],"wp:term":[{"taxonomy":"category","embeddable":true,"href":"https:\/\/www.europesays.com\/fr\/wp-json\/wp\/v2\/categories?post=611057"},{"taxonomy":"post_tag","embeddable":true,"href":"https:\/\/www.europesays.com\/fr\/wp-json\/wp\/v2\/tags?post=611057"}],"curies":[{"name":"wp","href":"https:\/\/api.w.org\/{rel}","templated":true}]}}