{"id":611067,"date":"2025-12-20T05:20:26","date_gmt":"2025-12-20T05:20:26","guid":{"rendered":"https:\/\/www.europesays.com\/fr\/611067\/"},"modified":"2025-12-20T05:20:26","modified_gmt":"2025-12-20T05:20:26","slug":"comment-jai-vu-changer-la-france-en-cinquante-ans","status":"publish","type":"post","link":"https:\/\/www.europesays.com\/fr\/611067\/","title":{"rendered":"Comment j\u2019ai vu changer la France en cinquante ans"},"content":{"rendered":"\n<p>Les premi\u00e8res fois o\u00f9 je suis venu en France, j\u2019\u00e9tais pris en stop par des camionnettes en t\u00f4le ondul\u00e9e, je vivais sur un petit nuage entretenu \u00e0 la piquette, aux amiti\u00e9s faciles et aux assiettes fumantes, et je sous-estimais bien trop la puissance du pastis et la salet\u00e9 des toilettes publiques. Le peuple fran\u00e7ais ne ma\u00eetrisait pas encore, m\u00eame de loin, l\u2019usage du water-closet.<\/p>\n<p>Mais \u00e7a, c\u2019\u00e9tait avant. Les choses ont chang\u00e9. Voil\u00e0 des ann\u00e9es que je n\u2019ai vu de toilettes \u00e0 la turque. Et ce n\u2019est pas tout\u00a0!<\/p>\n<p> Effluves <\/p>\n<p>Il y a eu du progr\u00e8s, et pas seulement c\u00f4t\u00e9 toilettes au pluriel. La France a aussi fait sa toilette. Les rues, m\u00eame lorsqu\u2019elles sont petites et anciennes, sont d\u00e9sormais rarement des bauges puantes \u2013 sauf si <a href=\"https:\/\/www.courrierinternational.com\/article\/vu-de-l-etranger-greve-contre-la-reforme-des-retraites-paris-en-pleine-crise-des-poubelles\" target=\"_blank\" rel=\"noopener\">les \u00e9boueurs sont en gr\u00e8ve<\/a>, ce qui n\u2019est jamais \u00e0 exclure. Les chiens, ou plut\u00f4t leurs ma\u00eetres, ont appris la propret\u00e9. Pas tous \u00e0 100\u00a0%, certes, mais beaucoup plus que jadis. Il en co\u00fbte aujourd\u2019hui 1\u00a0euro pour acc\u00e9der aux toilettes publiques dans les gares et ailleurs, mais quand on a connu les lieux d\u2019aisances de la France d\u2019autrefois, c\u2019est 1\u00a0euro que l\u2019on est heureux de l\u00e2cher.<\/p>\n<p>Les d\u00e9p\u00f4ts sauvages d\u2019ordures dans des paysages de toute beaut\u00e9, jadis un loisir pris\u00e9 du plus grand nombre, se sont faits plus rares. Et il faut trente\u00a0minutes \u00e0 un adulte en bonne san<\/p>\n<p>  Offres sp\u00e9ciales  Pour lire la suite de cet article, abonnez-vous <\/p>\n<p class=\"paywall-text\">Acc\u00e9dez \u00e0\u00a0l\u2019int\u00e9gralit\u00e9 de\u00a0nos contenus sur le\u00a0site et\u00a0l\u2019application en\u00a0vous abonnant \u00e0\u00a0<strong>l\u2019offre sp\u00e9ciale.<\/strong><\/p>\n<p class=\"price\">D\u00e8s <strong>2,99\u00a0\u20ac<\/strong>\/mois<\/p>\n<p> Sans engagement \u2022 R\u00e9siliable en ligne                             Offres sp\u00e9ciales  <\/p>\n<p class=\"popin-title\"> <strong>Profitez d\u2019un acc\u00e8s illimit\u00e9 (-57%)<\/strong> <\/p>\n<p>    <img loading=\"lazy\" decoding=\"async\" class=\"popin-img\" src=\"https:\/\/www.europesays.com\/fr\/wp-content\/uploads\/2025\/12\/1766118740_908_fe6cca3_upload-1-y50fm5af5abj-pop-in.png\"  alt=\"Image d'illustration pour l'abonnement\" width=\"300\" height=\"250\"\/>    <\/p>\n<p class=\"price\"> 2,99 \u20ac par mois <\/p>\n<p class=\"popin-engagement\">au lieu de 6,99 \u20ac, r\u00e9siliable \u00e0 tout moment<\/p>\n<p>  <a class=\"ithal-element\" href=\"https:\/\/macommande.courrierinternational.com\/account\/create\/CWADIMENS299PRIO\/CW365N3600ADD1FPRIO?marketing=RCWSITEDISPLAY01\" data-model=\"button\" data-ithal=\"popin_offre_speciale\" data-ithalc=\"[cta_abo]\" id=\"click_popin_offre_speciale\" target=\"_blank\" rel=\"noopener\">J\u2019en profite<\/a>             <\/p>\n<p class=\"article-authors\">                         <a href=\"https:\/\/www.courrierinternational.com\/auteur\/anthony-peregrine\" target=\"_blank\" rel=\"noopener\">Anthony Peregrine<\/a>    <\/p>\n<p class=\"article-vo\"><a href=\"https:\/\/www.telegraph.co.uk\/travel\/how-france-has-changed-over-the-past-50-years\/\" rel=\"noopener\" target=\"_blank\">Lire l\u2019article original<\/a><\/p>\n<p>Source de l\u2019article<\/p>\n<p>   <img decoding=\"async\" class=\"source-logo\" src=\"https:\/\/www.europesays.com\/fr\/wp-content\/uploads\/2025\/05\/8be5236_1643653611956-the-daily-telegraph.jpg\"  alt=\"Logo\" loading=\"lazy\" width=\"32\" height=\"32\"\/>  The Daily Telegraph  (Londres)       <\/p>\n<p>Atlantiste et eurosceptique sur le fond, pugnace et engag\u00e9 sur la forme, c\u2019est le journal conservateur de r\u00e9f\u00e9rence. Fond\u00e9 en 1855, comme le\u00a0rappelle son titre en\u00a0hommage \u00e0 une technologie de\u00a0communication alors r\u00e9volutionnaire, il est le dernier des quotidiens nationaux d\u2019envergure \u00e0 ne pas avoir abandonn\u00e9 le grand format.<\/p>\n<p>D\u00e9tenu jusqu\u2019au d\u00e9but de 2004 par le magnat de la presse Conrad Black, le titre a ensuite \u00e9t\u00e9 la propri\u00e9t\u00e9 des fr\u00e8res milliardaires David et Frederick Barclay. En 2023, sur fond de bras de fer financier, le journal a \u00e9t\u00e9 saisi par les cr\u00e9anciers de la famille Barclay, qui lui cherchent d\u00e9sormais un nouveau propri\u00e9taire, ainsi qu\u2019\u00e0 The Sunday Telegraph, regroup\u00e9s au sein du Telegraph Media Group Holdings Ltd.<\/p>\n<p>Son agenda est tr\u00e8s pris\u00e9, en raison notamment du Court Circular, qui pr\u00e9sente tous les jours les activit\u00e9s de la famille royale. Un autre rendez-vous tr\u00e8s attendu est le petit dessin de Matt, toujours \u00e9l\u00e9gant et dr\u00f4le, publi\u00e9 en premi\u00e8re page.<\/p>\n<p>      <a href=\"https:\/\/www.courrierinternational.com\/notule-source\/the-daily-telegraph-0\" class=\"source-link\" target=\"_blank\" rel=\"noopener\">Lire la suite<\/a>                 <\/p>\n<p>Nos services<\/p>\n","protected":false},"excerpt":{"rendered":"Les premi\u00e8res fois o\u00f9 je suis venu en France, j\u2019\u00e9tais pris en stop par des camionnettes en t\u00f4le&hellip;\n","protected":false},"author":2,"featured_media":611068,"comment_status":"","ping_status":"","sticky":false,"template":"","format":"standard","meta":{"footnotes":""},"categories":[1588],"tags":[11,1777,674,27,3821,12,473,1853,1857,602,1851,1850,1852,40034],"class_list":{"0":"post-611067","1":"post","2":"type-post","3":"status-publish","4":"format-standard","5":"has-post-thumbnail","7":"category-royaume-uni","8":"tag-actualites","9":"tag-eu","10":"tag-europe","11":"tag-france","12":"tag-la-france-vue-de-lu2019u00e9tranger","13":"tag-news","14":"tag-royaume-uni","15":"tag-royaume-uni-de-grande-bretagne-et-dirlande-du-nord","16":"tag-sociu00e9tu00e9","17":"tag-tourisme","18":"tag-uk","19":"tag-united-kingdom","20":"tag-united-kingdom-of-great-britain-and-northern-ireland","21":"tag-voyage-en-france"},"share_on_mastodon":{"url":"https:\/\/pubeurope.com\/@fr\/115750216414389654","error":""},"_links":{"self":[{"href":"https:\/\/www.europesays.com\/fr\/wp-json\/wp\/v2\/posts\/611067","targetHints":{"allow":["GET"]}}],"collection":[{"href":"https:\/\/www.europesays.com\/fr\/wp-json\/wp\/v2\/posts"}],"about":[{"href":"https:\/\/www.europesays.com\/fr\/wp-json\/wp\/v2\/types\/post"}],"author":[{"embeddable":true,"href":"https:\/\/www.europesays.com\/fr\/wp-json\/wp\/v2\/users\/2"}],"replies":[{"embeddable":true,"href":"https:\/\/www.europesays.com\/fr\/wp-json\/wp\/v2\/comments?post=611067"}],"version-history":[{"count":0,"href":"https:\/\/www.europesays.com\/fr\/wp-json\/wp\/v2\/posts\/611067\/revisions"}],"wp:featuredmedia":[{"embeddable":true,"href":"https:\/\/www.europesays.com\/fr\/wp-json\/wp\/v2\/media\/611068"}],"wp:attachment":[{"href":"https:\/\/www.europesays.com\/fr\/wp-json\/wp\/v2\/media?parent=611067"}],"wp:term":[{"taxonomy":"category","embeddable":true,"href":"https:\/\/www.europesays.com\/fr\/wp-json\/wp\/v2\/categories?post=611067"},{"taxonomy":"post_tag","embeddable":true,"href":"https:\/\/www.europesays.com\/fr\/wp-json\/wp\/v2\/tags?post=611067"}],"curies":[{"name":"wp","href":"https:\/\/api.w.org\/{rel}","templated":true}]}}