{"id":611071,"date":"2025-12-20T05:23:12","date_gmt":"2025-12-20T05:23:12","guid":{"rendered":"https:\/\/www.europesays.com\/fr\/611071\/"},"modified":"2025-12-20T05:23:12","modified_gmt":"2025-12-20T05:23:12","slug":"le-lou-rugby-accueille-logre-toulousain-au-matmut-stadium","status":"publish","type":"post","link":"https:\/\/www.europesays.com\/fr\/611071\/","title":{"rendered":"Le LOU Rugby accueille l\u2019ogre toulousain au Matmut Stadium"},"content":{"rendered":"<p>Battu lors de ses deux matchs europ\u00e9ens, Lyon retrouve le Top 14 qu\u2019il avait quitt\u00e9 sur une courte d\u00e9faite \u00e0 Bayonne fin novembre. 12e du championnat fran\u00e7ais avec 23 points, la zone rouge est assez loin avec 16 points d\u2019avance sur Montauban, premier rel\u00e9gable. En conf\u00e9rence de presse ce mercredi, le coach Karim Ghezal a annonc\u00e9 que Lyon \u201cvisait encore et toujours le Top 6\u201d, alors ce sont 6 points qui les s\u00e9parent de Bordeaux, qui occupe cette place.<\/p>\n<p>Ce week-end, la LOU Rugby va jouer contre une \u00e9quipe que Dylan Cr\u00e9tin, 3e ligne, qualifie comme \u00e9tant \u201cl\u2019une des meilleures \u00e9quipes d\u2019Europe\u201d, alors que Karim Ghezal note aussi un choc \u201centre la premi\u00e8re et la neuvi\u00e8me\u201d masse salariale du championnat.<\/p>\n<p><strong>\u201cJouer plus haut\u201d<\/strong><\/p>\n<p>Le coach a aussi appuy\u00e9 sur ce besoin d\u2019\u00eatre meilleur \u201cdans l\u2019occupation du terrain, mais pas forc\u00e9ment la possession\u201d, estimant sa formation \u201cassez efficace dans dans le camp adverse et assez disciplin\u00e9e\u201d, bien qu\u2019il rappelle que ses hommes \u201cdoivent jouer plus haut\u201d pour tenter de retrouver le succ\u00e8s, dont le dernier remonte \u00e0 quatre semaines d\u00e9j\u00e0.<\/p>\n<p>Th\u00e9o Millet, natif de Toulouse mais jouant comme centre au Lou Rugby, d\u00e9crit son \u00e9quipe comme pleine d\u2019\u00e9nergie, et analyse les cl\u00e9s de la rencontre du week-end dans \u201cla discipline et la facult\u00e9 \u00e0 rivaliser dans les rucks\u201d.<\/p>\n<p>Seuls Jermaine Ainsley et Micka\u00ebl Guillard devraient manquer la rencontre c\u00f4t\u00e9 LOU Rugby, alors que Antoine Dupont va bel bien jouer pour Toulouse. Karim Ghezal dispose donc de la grande majorit\u00e9 de ses joueurs, apr\u00e8s avoir pu faire donner du temps de jeu aux jeunes en Coupe d\u2019Europe, une comp\u00e9tition qu\u2019il d\u00e9crit comme id\u00e9ale pour \u201cremettre l\u2019\u00e9quipe \u00e0 niveau et lancer les jeunes\u201d, avec de nombreux joueurs form\u00e9s au club qui ont b\u00e9n\u00e9fici\u00e9 de minutes, et que le coach qualifie de \u201cg\u00e9n\u00e9ration dor\u00e9e\u201d. La Champions Cup, que Karim Ghezal n\u2019\u00e9pingle pas comme un \u201cobjectif prioritaire pour le club\u201d.<\/p>\n<p>Coup d\u2019envoi ce samedi \u00e0 21h au Matmut Stadium, qui pourrait afficher complet, pour une soir\u00e9e o\u00f9 l\u2019id\u00e9e d\u2019un exploit s\u2019invite naturellement, \u00e0 quelques jours de No\u00ebl.<\/p>\n","protected":false},"excerpt":{"rendered":"Battu lors de ses deux matchs europ\u00e9ens, Lyon retrouve le Top 14 qu\u2019il avait quitt\u00e9 sur une courte&hellip;\n","protected":false},"author":2,"featured_media":611072,"comment_status":"","ping_status":"","sticky":false,"template":"","format":"standard","meta":{"footnotes":""},"categories":[1586],"tags":[1111,11,2813,2190,1109,251,1112,2811,1777,674,118,1011,27,1922,1110,1114,2428,2810,12,241,316,25,2812,517,800],"class_list":{"0":"post-611071","1":"post","2":"type-post","3":"status-publish","4":"format-standard","5":"has-post-thumbnail","7":"category-europe","8":"tag-actu","9":"tag-actualites","10":"tag-article","11":"tag-asvel","12":"tag-breves","13":"tag-culture","14":"tag-depeches","15":"tag-economique","16":"tag-eu","17":"tag-europe","18":"tag-faits-divers","19":"tag-fr","20":"tag-france","21":"tag-info","22":"tag-informations","23":"tag-infos","24":"tag-lyon","25":"tag-lyonmag","26":"tag-news","27":"tag-ol","28":"tag-politique","29":"tag-republique-francaise","30":"tag-sociale","31":"tag-sport","32":"tag-transports"},"share_on_mastodon":{"url":"https:\/\/pubeurope.com\/@fr\/115750227410368420","error":""},"_links":{"self":[{"href":"https:\/\/www.europesays.com\/fr\/wp-json\/wp\/v2\/posts\/611071","targetHints":{"allow":["GET"]}}],"collection":[{"href":"https:\/\/www.europesays.com\/fr\/wp-json\/wp\/v2\/posts"}],"about":[{"href":"https:\/\/www.europesays.com\/fr\/wp-json\/wp\/v2\/types\/post"}],"author":[{"embeddable":true,"href":"https:\/\/www.europesays.com\/fr\/wp-json\/wp\/v2\/users\/2"}],"replies":[{"embeddable":true,"href":"https:\/\/www.europesays.com\/fr\/wp-json\/wp\/v2\/comments?post=611071"}],"version-history":[{"count":0,"href":"https:\/\/www.europesays.com\/fr\/wp-json\/wp\/v2\/posts\/611071\/revisions"}],"wp:featuredmedia":[{"embeddable":true,"href":"https:\/\/www.europesays.com\/fr\/wp-json\/wp\/v2\/media\/611072"}],"wp:attachment":[{"href":"https:\/\/www.europesays.com\/fr\/wp-json\/wp\/v2\/media?parent=611071"}],"wp:term":[{"taxonomy":"category","embeddable":true,"href":"https:\/\/www.europesays.com\/fr\/wp-json\/wp\/v2\/categories?post=611071"},{"taxonomy":"post_tag","embeddable":true,"href":"https:\/\/www.europesays.com\/fr\/wp-json\/wp\/v2\/tags?post=611071"}],"curies":[{"name":"wp","href":"https:\/\/api.w.org\/{rel}","templated":true}]}}