{"id":61108,"date":"2025-04-29T06:16:15","date_gmt":"2025-04-29T06:16:15","guid":{"rendered":"https:\/\/www.europesays.com\/fr\/61108\/"},"modified":"2025-04-29T06:16:15","modified_gmt":"2025-04-29T06:16:15","slug":"les-verts-lfi-ont-attendu-11-ans-pour-faire-semblant-de-se-reveiller","status":"publish","type":"post","link":"https:\/\/www.europesays.com\/fr\/61108\/","title":{"rendered":"LES VERTS\/LFI ONT ATTENDU 11 ANS POUR FAIRE SEMBLANT DE SE R\u00c9VEILLER"},"content":{"rendered":"<p>Posted On 29 avril 2025 <\/p>\n<p style=\"text-align: justify;\"><a target=\"_blank\" href=\"https:\/\/www.placegrenet.fr\/2025\/04\/28\/des-amendes-a-grenoble-contre-les-depots-sauvages-tandis-que-la-decheterie-jacquard-fait-peau-neuve\/651493\" rel=\"noopener\">Le m\u00e9dia en ligne Place Gre&rsquo;net<\/a> a publi\u00e9 hier un article \u00e0 propos des travaux de la d\u00e9ch\u00e8terie Jacquard qui explique au passage que \u00ab\u00a0la Ville se dote d\u2019un arr\u00eat\u00e9 municipal pour lutter contre les d\u00e9p\u00f4ts sauvages\u00a0\u00bb. 11 ans de je-m&rsquo;en-foutisme en mati\u00e8re de propret\u00e9 urbaine pour en arriver l\u00e0 !<\/p>\n<p>DES AFFICHES POUR DIRE AUX AUTEURS D&rsquo;INCIVILIT\u00c9S D&rsquo;ARR\u00caTER&#8230;<\/p>\n<p style=\"text-align: justify;\">Ce r\u00e9veil soudain prend deux formes. Avec d&rsquo;abord le lancement d&rsquo;une campagne de communication pour \u00ab\u00a0sensibiliser les usagers au respect de l\u2019espace public\u00a0\u00bb. Donc des affiches en ville avec le slogan \u00ab\u00a0Ils font le maximum, faites le minimum, respectez leur travail\u00a0\u00bb. On ne peut \u00e9videmment que souscrire au message mais il faut \u00eatre r\u00e9aliste : quel usager de l&rsquo;espace public qui jette ses d\u00e9tritus n&rsquo;importe comment va soudainement arr\u00eater parce qu&rsquo;il a vu une affiche qui lui dit enjoint ne pas le faire ?\u00a0<\/p>\n<p><img decoding=\"async\" data-id=\"81278\" src=\"https:\/\/i0.wp.com\/grenoble-le-changement.fr\/wp-content\/uploads\/2025\/04\/Capture-de\u0301cran-2025-04-13-a\u0300-15.52.21.png?w=678&amp;ssl=1\" alt=\"\" class=\"wp-image-81278 jetpack-lazy-image\" data-recalc-dims=\"1\" data-lazy-src=\"https:\/\/i0.wp.com\/grenoble-le-changement.fr\/wp-content\/uploads\/2025\/04\/Capture-de\u0301cran-2025-04-13-a\u0300-15.52.21.png?w=678&amp;is-pending-load=1#038;ssl=1\" \/><\/p>\n<p><img decoding=\"async\" data-id=\"81277\" src=\"https:\/\/i0.wp.com\/grenoble-le-changement.fr\/wp-content\/uploads\/2025\/04\/Capture-de\u0301cran-2025-04-13-a\u0300-15.51.51.png?w=678&amp;ssl=1\" alt=\"\" class=\"wp-image-81277 jetpack-lazy-image\" data-recalc-dims=\"1\" data-lazy-src=\"https:\/\/i0.wp.com\/grenoble-le-changement.fr\/wp-content\/uploads\/2025\/04\/Capture-de\u0301cran-2025-04-13-a\u0300-15.51.51.png?w=678&amp;is-pending-load=1#038;ssl=1\" \/><br \/>\nJouhaux, Abbaye : la comm&rsquo; de la ville pour demander de cesser de d\u00e9grader n&rsquo;est pas beaucoup \u00e9cout\u00e9e..<\/p>\n<p>&#8230; APR\u00c8S LES POCHOIRS CONTRE LE DEAL !<\/p>\n<p style=\"text-align: justify;\">On retrouve le m\u00eame ang\u00e9lisme que l&rsquo;on avait d\u00e9j\u00e0 vu \u00e0 l&rsquo;\u0153uvre lorsque Olivier Bertrand (Verts\/LFI), l&rsquo;adjoint en charge du secteur 1,<a href=\"https:\/\/grenoble-le-changement.fr\/2024\/03\/24\/trafic-autoroute-a-velo-chorier-berriat-vent-debout\/\" target=\"_blank\" rel=\"noopener\"> avait \u00e9mis la formidable id\u00e9e lors d&rsquo;une r\u00e9union publique \u00e0 Saint-Bruno de lutter contre le deal<\/a> en faisant&#8230; des pochoirs au sol avec des slogans pour sensibiliser les consommateurs. Proposition qui avait recueilli les rires jaunes des habitants, stup\u00e9faits d&rsquo;un tel degr\u00e9 de d\u00e9connexion de l&rsquo;\u00e9lu, eux qui sont exc\u00e9d\u00e9s des \u00e9changes de tirs \u00e0 r\u00e9p\u00e9tition qui mettent en danger tout un quartier.<\/p>\n<p>UN ARR\u00caT\u00c9 POUR LES D\u00c9CHETS<\/p>\n<p style=\"text-align: justify;\">En mati\u00e8re de propret\u00e9, on a droit \u00e0 un autre axe \u00ab\u00a0d&rsquo;action\u00a0\u00bb de la ville : la prise d&rsquo;un arr\u00eat\u00e9 \u201cencadrant la propret\u00e9 et la salubrit\u00e9 publique\u201d qui doit entrer en vigueur prochainement, ceci pour sanctionner d&rsquo;une amende les d\u00e9p\u00f4ts sauvages, ainsi que les d\u00e9jections canines et les m\u00e9gots non ramass\u00e9s. Il faut donc comprendre qu&rsquo;<a href=\"https:\/\/grenoble-le-changement.fr\/2025\/03\/02\/dechets-plus-de-10-ans-pour-installer-des-poubelles-de-tri-a-grenoble\/\" target=\"_blank\" rel=\"noopener\">en 11 ans, nos phares de l&rsquo;humanit\u00e9 donneurs de le\u00e7ons sur tous les sujets n&rsquo;avaient encore rien entrepris<\/a> en ce sens-l\u00e0.\u00a0<\/p>\n<p><a href=\"https:\/\/i1.wp.com\/grenoble-le-changement.fr\/wp-content\/uploads\/2025\/02\/poubelle-tri-grenoble.jpg?ssl=1\" rel=\"lightbox[81672] noopener\" target=\"_blank\"><img loading=\"lazy\" decoding=\"async\" class=\" wp-image-80368 jetpack-lazy-image\" src=\"https:\/\/i1.wp.com\/grenoble-le-changement.fr\/wp-content\/uploads\/2025\/02\/poubelle-tri-grenoble.jpg?resize=541%2C721&amp;ssl=1\" alt=\"\" width=\"541\" height=\"721\" data-recalc-dims=\"1\" data-lazy-src=\"https:\/\/www.europesays.com\/fr\/wp-content\/uploads\/2025\/04\/poubelle-tri-grenoble.jpg\" \/><\/a>Les impressionnantes poubelles grenobloises \u00e0 deux entr\u00e9es pour un seul sac : en mars dernier, les Verts\/LFI ont annonc\u00e9 avec trompettes et tambours qu&rsquo;il y aurait enfin de vraies poubelles de tri. Ils ont attendu une obligation l\u00e9gale pour r\u00e9aliser cette t\u00e2che d&rsquo;une folle complexit\u00e9..<br \/>\nNAMUR ET PETERS SUR UNE \u00ab\u00a0OP\u00c9RATION DE D\u00c9SENCOMBREMENT\u00a0\u00bb&#8230;<\/p>\n<p style=\"text-align: justify;\">Pour l&rsquo;occasion, l&rsquo;in\u00e9narrable adjoint en charge des espaces publics Gilles Namur (Verts\/LFI), flanqu\u00e9 de l&rsquo;invisible 1\u00e8re adjointe Isabelle Peters (PCF) (histoire de vraiment marquer le coup) ont organis\u00e9 leur visite sur une \u00ab\u00a0op\u00e9ration de d\u00e9sencombrement\u00a0\u00bb au parking de la Poterne. En des termes compr\u00e9hensibles : un enl\u00e8vement de d\u00e9chets sauvages. Soit finalement les missions de bases que sont cens\u00e9s assurer des \u00e9lus municipaux : un espace public correct.<\/p>\n<p>&#8230; POUR FAIRE CROIRE \u00c0 UNE R\u00c9VOLUTION<\/p>\n<p style=\"text-align: justify;\">Mais ils ont pu compter sur une plume alli\u00e9e de circonstance pour relayer l&rsquo;op\u00e9ration comme si elle \u00e9tait r\u00e9volutionnaire. <a target=\"_blank\" href=\"https:\/\/c.ledauphine.com\/environnement\/2025\/04\/28\/isere-grenoble-gilles-namur-il-n-y-a-pas-de-bonnes-raisons-de-jeter-dans-la-nature\" rel=\"noopener\">La journaliste du Dauphin\u00e9 Lib\u00e9r\u00e9 Justine Chanteau<\/a> s&rsquo;est sans doute laiss\u00e9 emporter par la prose de Namur et affirme d\u00e8s le chapeau de son article que \u00ab\u00a0\u00e0 Grenoble, les \u00e9lus multiplient les actions contre les d\u00e9p\u00f4ts sauvages\u00a0\u00bb. C&rsquo;est peu de dire que les Grenoblois n&rsquo;ont pas vu grand chose de cette fameuse multiplication !<\/p>\n<p><img decoding=\"async\" data-id=\"75753\" src=\"https:\/\/i0.wp.com\/grenoble-le-changement.fr\/wp-content\/uploads\/2024\/08\/Poubelles-ordures-place-des-Ge\u0301ants-a.jpg?w=678&amp;ssl=1\" alt=\"\" class=\"wp-image-75753 jetpack-lazy-image\" data-recalc-dims=\"1\" data-lazy-src=\"https:\/\/i0.wp.com\/grenoble-le-changement.fr\/wp-content\/uploads\/2024\/08\/Poubelles-ordures-place-des-Ge\u0301ants-a.jpg?w=678&amp;is-pending-load=1#038;ssl=1\" \/><\/p>\n<p><img decoding=\"async\" data-id=\"73171\" src=\"https:\/\/i0.wp.com\/grenoble-le-changement.fr\/wp-content\/uploads\/2024\/04\/De\u0301che\u0300terie-teisseire-poubelles--scaled.jpg?w=678&amp;ssl=1\" alt=\"\" class=\"wp-image-73171 jetpack-lazy-image\" data-recalc-dims=\"1\" data-lazy-src=\"https:\/\/i0.wp.com\/grenoble-le-changement.fr\/wp-content\/uploads\/2024\/04\/De\u0301che\u0300terie-teisseire-poubelles--scaled.jpg?w=678&amp;is-pending-load=1#038;ssl=1\" \/><\/p>\n<p><img decoding=\"async\" data-id=\"70620\" src=\"https:\/\/i1.wp.com\/grenoble-le-changement.fr\/wp-content\/uploads\/2023\/12\/poubelles-Berriat--scaled.jpg?w=678&amp;ssl=1\" alt=\"\" class=\"wp-image-70620 jetpack-lazy-image\" data-recalc-dims=\"1\" data-lazy-src=\"https:\/\/www.europesays.com\/fr\/wp-content\/uploads\/2025\/04\/poubelles-Berriat--scaled.jpg\" \/><br \/>\nOn se demande ce qu&rsquo;il en serait si nos \u00e9lus ne \u00ab\u00a0multipliaient\u00a0\u00bb pas les actions&#8230;<\/p>\n<p>QUELS MOYENS DERRI\u00c8RE CET ARR\u00caT\u00c9 ?<\/p>\n<p style=\"text-align: justify;\">Ni le Dauphin\u00e9 Lib\u00e9r\u00e9 ni Place Gre&rsquo;net ne s&rsquo;interrogent d&rsquo;ailleurs sur l&rsquo;application de cet arr\u00eat\u00e9. C&rsquo;est pourtant le coeur du sujet, car pour qu&rsquo;il soit suivi d&rsquo;effets, encore faudrait-il avoir les moyens de le faire appliquer : c&rsquo;est \u00e0 dire d&rsquo;outils pour prendre les contrevenants sur le fait et d&rsquo;agents pour verbaliser. Or, la majorit\u00e9 municipale refuse toujours le d\u00e9veloppement de la vid\u00e9oprotection reli\u00e9e \u00e0 un PC op\u00e9rationnel 24h\/24 <a href=\"https:\/\/grenoble-le-changement.fr\/2024\/09\/22\/insecurite-piolle-desespere-la-police-municipale\/\" target=\"_blank\" rel=\"noopener\">et la police municipale est en sous-effectif chronique<\/a>. Pas de quoi s&rsquo;attendre \u00e0 une avalanche de verbalisations et \u00e0 un vrai recul de la malpropret\u00e9 donc.<\/p>\n<p>LA M\u00caME ARNAQUE QUE POUR LES FONTAINES<\/p>\n<p style=\"text-align: justify;\">On fait en fait ici face \u00e0 la m\u00eame m\u00e9thode trompeuse <a href=\"https:\/\/grenoble-le-changement.fr\/2025\/04\/17\/exploit-des-fontaines-vont-fonctionner-avant-les-elections-municipales\/\" target=\"_blank\" rel=\"noopener\">que pour les fontaines grenobloises<\/a>. Apr\u00e8s des ann\u00e9es \u00e0 les laisser en friche, atteignant jusqu&rsquo;\u00e0 70% des points d&rsquo;eau en panne (!) dans la ville 1\u00e8re de France pour les ilots de chaleur, les Verts\/LFI se sont finalement r\u00e9veill\u00e9s \u00e0 l&rsquo;approche des \u00e9lections pour annoncer en grande pompe des r\u00e9parations de fontaine. Soit ce que toutes les villes font sans avoir besoin de le vanter. Mais ils font le pari que des gogos tomberont dans le panneau et se laisseront emporter par la comm&rsquo;.<\/p>\n<p><a href=\"https:\/\/i2.wp.com\/grenoble-le-changement.fr\/wp-content\/uploads\/2023\/06\/Fontaine-PLace-NOtre-Dame-.t.jpg?ssl=1\" rel=\"lightbox[81672] noopener\" target=\"_blank\"><img loading=\"lazy\" decoding=\"async\" class=\" wp-image-63794 jetpack-lazy-image\" src=\"https:\/\/i2.wp.com\/grenoble-le-changement.fr\/wp-content\/uploads\/2023\/06\/Fontaine-PLace-NOtre-Dame-.t.jpg?resize=640%2C480&amp;ssl=1\" alt=\"\" width=\"640\" height=\"480\" data-recalc-dims=\"1\" data-lazy-src=\"https:\/\/www.europesays.com\/fr\/wp-content\/uploads\/2025\/04\/1745907375_235_Fontaine-PLace-NOtre-Dame-.t.jpg\" \/><\/a>La fontaine de Notre-Dame n&rsquo;est pas concern\u00e9e par les r\u00e9parations. Elle va rester vide et continuer \u00e0 \u00eatre un d\u00e9potoir.<br \/>\nLE SIGNE D&rsquo;UNE BASCULE CULTURELLE<\/p>\n<p style=\"text-align: justify;\">On pourrait aussi citer le cas de la s\u00e9curit\u00e9, <a href=\"https:\/\/grenoble-le-changement.fr\/2025\/04\/16\/la-municipalite-enterre-piolle-pour-tenter-de-garder-le-pouvoir\/\" target=\"_blank\" rel=\"noopener\">qui pointe timidement le bout de son nez dans les premi\u00e8res interventions publiques de l&rsquo;\u00e9quipe sortante en vue des municipales.<\/a> Le fait que les Verts\/LFI fassent mine qu&rsquo;ils sont d\u00e9sormais volontaristes sur tous leurs angles morts t\u00e9moigne de la bascule culturelle qui est \u00e0 l&rsquo;\u0153uvre : la d\u00e9gradation de Grenoble a atteint un tel niveau qu&rsquo;ils ne peuvent plus faire l&rsquo;impasse sur ces sujets et doivent au moins faire semblant de s&rsquo;en pr\u00e9occuper.\u00a0<\/p>\n<p>INUTILE DE COMPTER SUR CEUX \u00c0 L&rsquo;ORIGINE DES PROBL\u00c8MES POUR LES CORRIGER<\/p>\n<p style=\"text-align: justify;\">Mais il ne faut pas s&rsquo;y tromper. Le r\u00e9veil, \u00e0 11 mois des \u00e9lections, des m\u00eames qui pendant 11 ans n&rsquo;ont rien fait et ont men\u00e9 une politique qui a au contraire entretenu et acc\u00e9l\u00e9r\u00e9 ces ph\u00e9nom\u00e8nes est d&rsquo;une grossi\u00e8ret\u00e9 risible. <a href=\"https:\/\/grenoble-le-changement.fr\/2025\/04\/24\/la-candidate-de-piolle-divise-la-gauche-des-sa-premiere-sortie\/\" target=\"_blank\" rel=\"noopener\">L&rsquo;\u00e9lection de la candidate des Piollistes, Laurence Ruffin<\/a>, pour 6 ans de plus signifierait la poursuite dans cette spirale de d\u00e9gradation de la ville. La seule solution passe par une rupture franche avec l&rsquo;organisation qui pr\u00e9vaut jusque-l\u00e0.\u00a0<\/p>\n<p>LA QUESTION DU \u00ab\u00a0COMMENT\u00a0\u00bb EST LE VRAI SUJET<\/p>\n<p style=\"text-align: justify;\"><a href=\"https:\/\/grenoble-le-changement.fr\/2025\/04\/26\/un-sachet-de-coke-trouve-par-des-eleves-de-ce2-toujours-pas-de-cameras\/\" target=\"_blank\" rel=\"noopener\">Car, comme tous les candidats ne manquent d\u00e9j\u00e0 pas de parler de s\u00e9curit\u00e9<\/a>, tous les candidats ne manqueront pas de clamer qu&rsquo;il faut une ville plus propre. Mais le seul \u00e0 s&rsquo;attaquer \u00e0 la question du comment s&rsquo;en donner les moyens est aujourd&rsquo;hui le leader de l&rsquo;opposition Alain Carignon. Sa proposition de refonte des services \u00e0 base z\u00e9ro avec des fusions-mutualisations ville\/m\u00e9tropole est la seule m\u00e9thode \u00e0 m\u00eame de se donner les moyens n\u00e9cessaires \u00e0 l&rsquo;am\u00e9lioration du quotidien des Grenoblois en d\u00e9graissant vraiment la montagne des d\u00e9penses de fonctionnement.<\/p>\n<p>En mars 2026, il y aura au moins une alternative s\u00e9rieuse face aux bonimenteurs vendeurs d&rsquo;illusion.<\/p>\n","protected":false},"excerpt":{"rendered":"Posted On 29 avril 2025 Le m\u00e9dia en ligne Place Gre&rsquo;net a publi\u00e9 hier un article \u00e0 propos&hellip;\n","protected":false},"author":2,"featured_media":61109,"comment_status":"","ping_status":"","sticky":false,"template":"","format":"standard","meta":{"footnotes":""},"categories":[9566],"tags":[1111,11,9601,2430,9607,1777,674,1011,27,10230,2731,15883,15884,10136,12,15454,25],"class_list":{"0":"post-61108","1":"post","2":"type-post","3":"status-publish","4":"format-standard","5":"has-post-thumbnail","7":"category-grenoble","8":"tag-actu","9":"tag-actualites","10":"tag-alain-carignon","11":"tag-auvergne-rhone-alpes","12":"tag-eric-piolle","13":"tag-eu","14":"tag-europe","15":"tag-fr","16":"tag-france","17":"tag-gilles-namur","18":"tag-grenoble","19":"tag-isabelle-peters","20":"tag-justine-chanteau","21":"tag-laurence-ruffin","22":"tag-news","23":"tag-olivier-bertrand","24":"tag-republique-francaise"},"share_on_mastodon":{"url":"https:\/\/pubeurope.com\/@fr\/114419793008646152","error":""},"_links":{"self":[{"href":"https:\/\/www.europesays.com\/fr\/wp-json\/wp\/v2\/posts\/61108","targetHints":{"allow":["GET"]}}],"collection":[{"href":"https:\/\/www.europesays.com\/fr\/wp-json\/wp\/v2\/posts"}],"about":[{"href":"https:\/\/www.europesays.com\/fr\/wp-json\/wp\/v2\/types\/post"}],"author":[{"embeddable":true,"href":"https:\/\/www.europesays.com\/fr\/wp-json\/wp\/v2\/users\/2"}],"replies":[{"embeddable":true,"href":"https:\/\/www.europesays.com\/fr\/wp-json\/wp\/v2\/comments?post=61108"}],"version-history":[{"count":0,"href":"https:\/\/www.europesays.com\/fr\/wp-json\/wp\/v2\/posts\/61108\/revisions"}],"wp:featuredmedia":[{"embeddable":true,"href":"https:\/\/www.europesays.com\/fr\/wp-json\/wp\/v2\/media\/61109"}],"wp:attachment":[{"href":"https:\/\/www.europesays.com\/fr\/wp-json\/wp\/v2\/media?parent=61108"}],"wp:term":[{"taxonomy":"category","embeddable":true,"href":"https:\/\/www.europesays.com\/fr\/wp-json\/wp\/v2\/categories?post=61108"},{"taxonomy":"post_tag","embeddable":true,"href":"https:\/\/www.europesays.com\/fr\/wp-json\/wp\/v2\/tags?post=61108"}],"curies":[{"name":"wp","href":"https:\/\/api.w.org\/{rel}","templated":true}]}}