{"id":611081,"date":"2025-12-20T05:36:37","date_gmt":"2025-12-20T05:36:37","guid":{"rendered":"https:\/\/www.europesays.com\/fr\/611081\/"},"modified":"2025-12-20T05:36:37","modified_gmt":"2025-12-20T05:36:37","slug":"cyclo-cross-les-places-sarrachent-pour-le-duel-van-aert-van-der-poel-sports","status":"publish","type":"post","link":"https:\/\/www.europesays.com\/fr\/611081\/","title":{"rendered":"Cyclo-cross\u00a0: Les places s&rsquo;arrachent pour le duel Van Aert-van der Poel : Sports"},"content":{"rendered":"<p class=\"date\">\n                                                            Mathieu Warnier, Media365 : publi\u00e9 le vendredi 19 d\u00e9cembre 2025 \u00e0 16h55\n                                                    <\/p>\n<p>Alors que Mathieu van der Poel et Wout Van Aert vont \u00eatre face \u00e0 face pour la premi\u00e8re fois de l&rsquo;hiver ce samedi \u00e0 Anvers, les organisateurs de cette \u00e9tape de la Coupe du monde de cyclo-cross se frottent les mains.<\/p>\n<p>C&rsquo;est l&rsquo;affiche que les fans de cyclo-cross attendent de pied ferme. <a href=\"https:\/\/sports.orange.fr\/cyclisme\/article\/cyclo-cross-van-der-poel-s-impose-a-namur-malgre-une-chute-CNT000002mbjb4.html\" target=\"_blank\" rel=\"noopener\">Vainqueur le week-end dernier \u00e0 Namur pour sa premi\u00e8re course de l&rsquo;hiver<\/a>, Mathieu van der Poel sera au d\u00e9part de l&rsquo;\u00e9tape de Coupe du monde pr\u00e9vue ce samedi \u00e0 Anvers. Le septuple champion du monde de la discipline y retrouvera pour la premi\u00e8re fois Wout Van Aert, lui qui s&rsquo;est engag\u00e9 \u00e0 participer \u00e0 six courses durant la saison dont cinq devant l&rsquo;opposer au N\u00e9erlandais. Alors que d&rsquo;autres coureurs de renom tels Thibau Nys, Tibor del Grosso ou encore Michael Vanthourenhout voudront jouer les troubles-f\u00eates, le duel entre \u00ab\u00a0MVDP\u00a0\u00bb et \u00ab\u00a0WVA\u00a0\u00bb attire les foules avec Tomas Van Den Spiegel, organisateur de l&rsquo;\u00e9preuve et PDG de la soci\u00e9t\u00e9 Flanders Classics, qui a confirm\u00e9 attendre \u00ab\u00a0un peu plus de monde que d&rsquo;habitude\u00a0\u00bb au bord du circuit.<\/p>\n<p>Entre 12 000 et 14 000 spectateurs attendus<\/p>\n<p>S&rsquo;il conc\u00e8de que \u00ab\u00a0donner une pr\u00e9vision exacte est tr\u00e8s difficile\u00a0\u00bb car \u00ab\u00a0les fans de cyclo-cross prennent souvent leur d\u00e9cision de mani\u00e8re tardive\u00a0\u00bb, il confirme que la billetterie pour l&rsquo;\u00e9v\u00e9nement fonctionne tr\u00e8s bien. \u00ab\u00a0Cette semaine, nous avons constat\u00e9 que 1000 billets \u00e9taient vendus chaque jour, ce qui devrait nous permettre assez facilement d&rsquo;atteindre un chiffre de 12 000 \u00e0 14 000 spectateurs d&rsquo;ici ce samedi, a affirm\u00e9 le patron de la soci\u00e9t\u00e9 organisatrice du <a href=\"https:\/\/sports.orange.fr\/cyclisme\/classiques\/article\/tour-des-flandres-h-pogacar-recidive-apres-2023-CNT000002idn49.html\" target=\"_blank\" rel=\"noopener\">Tour des Flandres<\/a> et d&rsquo;autres classiques belges. Est-ce un record ? Ce sont des chiffres qui ont d\u00e9j\u00e0 \u00e9t\u00e9 atteints. Mais on s&rsquo;en approchera de mani\u00e8re probable.\u00a0\u00bb N\u00e9anmoins, Tomas Van Den Spiegel ne cache pas que le duel entre Mathieu van der Poel et Wout Van Aert est l&rsquo;arbre qui cache la for\u00eat.<\/p>\n<p>Van Den Spiegel : \u00ab\u00a0B\u00e2tir un avenir meilleur pour le cyclo-cross\u00a0\u00bb<\/p>\n<p>Si le cyclo-cross a \u00ab\u00a0prouv\u00e9 \u00e0 maintes reprises sa capacit\u00e9 \u00e0 surmonter les crises\u00a0\u00bb, il n&rsquo;a pas un avenir tr\u00e8s d\u00e9gag\u00e9. \u00ab\u00a0Nous devons capitaliser sur cette dynamique pour b\u00e2tir un avenir meilleur pour le cyclo-cross et nos organisations, le rendre plus durable et r\u00e9v\u00e9ler les stars de demain\u00a0\u00bb, ajoute le patron de Flanders Classics, qui veut pr\u00e9parer la suite car autant le N\u00e9erlandais que le Belge \u00ab\u00a0ne courront pas \u00e9ternellement\u00a0\u00bb. \u00ab\u00a0J&rsquo;esp\u00e8re que cela prendra du temps, mais nous devons nous y pr\u00e9parer, a conclu Tomas Van Den Spiegel. C&rsquo;est pr\u00e9cis\u00e9ment pourquoi nous sommes extr\u00eamement satisfaits de l&rsquo;\u00e9volution de joueurs comme <a href=\"https:\/\/sports.orange.fr\/cyclisme\/classiques\/article\/fleche-wallonne-nys-capable-de-battre-pogacar-selon-skjelmose-CNT000002is9Hy.html\" target=\"_blank\" rel=\"noopener\">Thibau Nys<\/a> et de certaines jeunes talents f\u00e9minins. Ils doivent assurer la rel\u00e8ve apr\u00e8s Mathieu van der Poel et Wout Van Aert.\u00a0\u00bb En attendant, les deux t\u00eates d&rsquo;affiche de la discipline seront bien au rendez-vous ce samedi avec le spectacle qui promet d&rsquo;\u00eatre au rendez-vous.<\/p>\n","protected":false},"excerpt":{"rendered":"Mathieu Warnier, Media365 : publi\u00e9 le vendredi 19 d\u00e9cembre 2025 \u00e0 16h55 Alors que Mathieu van der Poel&hellip;\n","protected":false},"author":2,"featured_media":611082,"comment_status":"","ping_status":"","sticky":false,"template":"","format":"standard","meta":{"footnotes":""},"categories":[1411],"tags":[1154,207,1011,27,60],"class_list":{"0":"post-611081","1":"post","2":"type-post","3":"status-publish","4":"format-standard","5":"has-post-thumbnail","7":"category-cyclisme","8":"tag-cycling","9":"tag-cyclisme","10":"tag-fr","11":"tag-france","12":"tag-sports"},"share_on_mastodon":{"url":"https:\/\/pubeurope.com\/@fr\/115750278503906010","error":""},"_links":{"self":[{"href":"https:\/\/www.europesays.com\/fr\/wp-json\/wp\/v2\/posts\/611081","targetHints":{"allow":["GET"]}}],"collection":[{"href":"https:\/\/www.europesays.com\/fr\/wp-json\/wp\/v2\/posts"}],"about":[{"href":"https:\/\/www.europesays.com\/fr\/wp-json\/wp\/v2\/types\/post"}],"author":[{"embeddable":true,"href":"https:\/\/www.europesays.com\/fr\/wp-json\/wp\/v2\/users\/2"}],"replies":[{"embeddable":true,"href":"https:\/\/www.europesays.com\/fr\/wp-json\/wp\/v2\/comments?post=611081"}],"version-history":[{"count":0,"href":"https:\/\/www.europesays.com\/fr\/wp-json\/wp\/v2\/posts\/611081\/revisions"}],"wp:featuredmedia":[{"embeddable":true,"href":"https:\/\/www.europesays.com\/fr\/wp-json\/wp\/v2\/media\/611082"}],"wp:attachment":[{"href":"https:\/\/www.europesays.com\/fr\/wp-json\/wp\/v2\/media?parent=611081"}],"wp:term":[{"taxonomy":"category","embeddable":true,"href":"https:\/\/www.europesays.com\/fr\/wp-json\/wp\/v2\/categories?post=611081"},{"taxonomy":"post_tag","embeddable":true,"href":"https:\/\/www.europesays.com\/fr\/wp-json\/wp\/v2\/tags?post=611081"}],"curies":[{"name":"wp","href":"https:\/\/api.w.org\/{rel}","templated":true}]}}