{"id":611085,"date":"2025-12-20T05:39:18","date_gmt":"2025-12-20T05:39:18","guid":{"rendered":"https:\/\/www.europesays.com\/fr\/611085\/"},"modified":"2025-12-20T05:39:18","modified_gmt":"2025-12-20T05:39:18","slug":"exclu-mimie-mathy-toujours-aux-enfoires-en-2026-je-pense-quo","status":"publish","type":"post","link":"https:\/\/www.europesays.com\/fr\/611085\/","title":{"rendered":"EXCLU. Mimie Mathy toujours aux Enfoir\u00e9s en 2026 ? \u00ab\u00a0Je pense qu&rsquo;o &#8230;"},"content":{"rendered":"<p>EN BREF<\/p>\n<ul class=\"bloc_resume_post_list\">\n<li>Mimie Mathy revient \u00e0 l\u00a0\u00bb\u00e9cran le 29 d\u00e9cembre 2025 avec<br \/>\nJos\u00e9phine, ange gardien apr\u00e8s deux ans d&rsquo;absence.<\/li>\n<li>Elle participe aux Enfoir\u00e9s 2025 et pr\u00e9voit d&rsquo;\u00eatre<br \/>\npr\u00e9sente en 2026, ravissant les fans.<\/li>\n<li>Des projets artistiques en cours pour 2026, incluant<br \/>\n\u00e9criture et potentielle nouvelle s\u00e9rie.<\/li>\n<\/ul>\n<p>Apr\u00e8s <strong>deux ann\u00e9es d\u2019absence<\/strong>, Mimie Mathy<br \/>\n<strong>reprend<\/strong> du service \u00e0 l\u2019\u00e9cran avec un in\u00e9dit de<br \/>\nJos\u00e9phine, ange gardien. L\u2019occasion pour l\u2019actrice de<br \/>\n<strong>rassurer ses fans sur sa sant\u00e9<\/strong> et de revenir sur<br \/>\n<strong>sa vie personnelle<\/strong>, toujours tr\u00e8s active entre<br \/>\n<strong>Paris<\/strong> et la <strong>Provence<\/strong>. Entre<br \/>\n<strong>tournages, famille et projets artistiques<\/strong>, Mimie<br \/>\nMathy affiche un emploi du temps bien <strong>rempli<\/strong> et un<br \/>\nmoral au beau fixe.<\/p>\n<p>Dans une interview exclusive accord\u00e9e \u00e0 T\u00e9l\u00e9 Star,<br \/>\n<a href=\"https:\/\/www.telestar.fr\/people\/j-en-pleure-encore-mimie-mathy-emue-par-l-incroyable-surprise-des-enfoires-2023-814497\" target=\"_blank\" rel=\"noopener\"><br \/>\nMimie Mathy, tr\u00e8s attach\u00e9e aux Enfoir\u00e9s<\/a>, revient sur sa<br \/>\n<strong>participation au spectacle des Enfoir\u00e9s 2025<\/strong> et<br \/>\nlaisse entendre qu\u2019elle sera de <strong>nouveau pr\u00e9sente pour<br \/>\n2026.<\/strong> Une nouvelle qui <strong>ravira<\/strong> les<br \/>\nspectateurs habitu\u00e9s \u00e0 la retrouver sur sc\u00e8ne pour les<br \/>\ntraditionnelles actions <strong>caritatives<\/strong>.<\/p>\n<p>Jos\u00e9phine ange gardien de retour : joie pour les<br \/>\nfans<\/p>\n<p><a href=\"https:\/\/www.telestar.fr\/people\/mimie-mathy-quel-est-son-etat-de-sante-du-mal-elle-dit-tout-1748574\" target=\"_blank\" rel=\"noopener\"><br \/>\nMimie Mathy, qui a eu des soucis de sant\u00e9<\/a>, fait son<br \/>\n<strong>retour le lundi 29 d\u00e9cembre<\/strong> dans une nouvelle<br \/>\nmission de Jos\u00e9phine, ange gardien, apr\u00e8s avoir \u00e9t\u00e9<br \/>\n<strong>absente<\/strong> depuis d\u00e9cembre <strong>2023<\/strong>.<br \/>\n\u2018\u2018<strong>\u00c7a m\u2019a manqu\u00e9 mais elle a surtout manqu\u00e9 au<br \/>\npublic<\/strong>.\u2019\u2019 confie-t-elle. La s\u00e9rie proposera<br \/>\n<strong>quatre \u00e9pisodes in\u00e9dits<\/strong>, o\u00f9 elle vient notamment<br \/>\nen aide \u00e0 <strong>Lisa<\/strong>, une ma\u00eetre-nageuse, camp\u00e9e par<br \/>\n<strong>Jennifer Lauret<\/strong>. Parmi les autres invit\u00e9s, on<br \/>\nretrouve <strong>Jeremy Banster, Bruno Debrandt ou encore<br \/>\nMayane.<\/strong> Cela promet d\u2019avances des intrigues<br \/>\n<strong>vari\u00e9es<\/strong> et <strong>touchantes<\/strong>.<\/p>\n<p>Malgr\u00e9 ses <strong>probl\u00e8mes de dos<\/strong>, Mimie Mathy reste<br \/>\ntr\u00e8s <strong>active<\/strong> et <strong>positive<\/strong>.<br \/>\n\u2018\u2018Pour l\u2019instant, <strong>je tiens debout<\/strong> quand m\u00eame.<br \/>\nCela ne <strong>m\u2019emp\u00eache pas de vivre normalement<\/strong>.\u2019\u2019<br \/>\nElle partage sa vie entre sa <strong>famille<\/strong> et ses<br \/>\n<strong>projets professionnels<\/strong>, entour\u00e9e de <strong>son<br \/>\nmari Benoist G\u00e9rard, vigneron, et de ses neuf<br \/>\npetits-enfants.<\/strong> La com\u00e9dienne <strong>profite<\/strong><br \/>\npleinement de sa vie priv\u00e9e tout en continuant \u00e0<br \/>\n<strong>\u00e9voluer<\/strong> dans le milieu artistique.<\/p>\n<p>Les Enfoir\u00e9s 2026 et les<br \/>\nprojets \u00e0 venir : Mimie Mathy dit tout sur la suite<\/p>\n<p>Concernant <strong>sa participation aux Enfoir\u00e9s en<br \/>\n2026<\/strong>, Mimie Mathy ne cache pas son <strong>enthousiasme et<br \/>\nsera pr\u00e9sente\u2026\u00e0 nouveau sur un scooter \u00e9lectrique<br \/>\n?<\/strong>\u00a0\u2018\u2018Je pense qu\u2019on va faire <strong>sensiblement<br \/>\nla m\u00eame chose<\/strong>. Bercy, c\u2019est une <strong>grande sc\u00e8ne<br \/>\nencore<\/strong>. Mais je <strong>serai pr\u00e9sente<\/strong>.\u2019\u2019<br \/>\nconfie-t-elle \u00e0 T\u00e9l\u00e9 Star. Mais <a href=\"https:\/\/www.telestar.fr\/actu_tv\/mimie-mathy-operee-et-en-difficulte-pour-marcher-tf1-prend-une-disposition-radicale-avec-josephine-ange-gardien-1748871\" target=\"_blank\" rel=\"noopener\"><br \/>\nTF1 pr\u00e9serve Mimie Mathy avec des dispositions sp\u00e9ciales<\/a>. Cette<br \/>\nconfirmation <strong>r\u00e9jouira<\/strong> les spectateurs fid\u00e8les,<br \/>\n<strong>impatients<\/strong> de retrouver son<br \/>\n<strong>\u00e9nergie<\/strong> sur sc\u00e8ne pour soutenir cette belle<br \/>\ncase.<\/p>\n<p>Enfin, l\u2019actrice partage ses <strong>projets pour 2026<\/strong><br \/>\n: <strong>\u00e9criture<\/strong> en cours pour un<br \/>\n<strong>spectacle<\/strong> ou un <strong>livre<\/strong>,<br \/>\nrendez-vous avec un <strong>producteur<\/strong> pour une nouvelle<br \/>\n<strong>s\u00e9rie<\/strong> et pourquoi pas f\u00eater <strong>les 30 ans de<br \/>\nJos\u00e9phine, ange gardien en 2027.<\/strong> Mimie Mathy<br \/>\nreste donc pleinement <strong>engag\u00e9e et ouverte \u00e0 de nombreux<br \/>\nprojets.<\/strong><\/p>\n<p><strong>Interview \u00e0 retrouver en int\u00e9gralit\u00e9 dans votre<br \/>\nmagazine T\u00e9l\u00e9 Star en kiosque et en version num\u00e9rique ce lundi 22<br \/>\nd\u00e9cembre 2025<\/strong><\/p>\n","protected":false},"excerpt":{"rendered":"EN BREF Mimie Mathy revient \u00e0 l\u00a0\u00bb\u00e9cran le 29 d\u00e9cembre 2025 avec Jos\u00e9phine, ange gardien apr\u00e8s deux ans&hellip;\n","protected":false},"author":2,"featured_media":611086,"comment_status":"","ping_status":"","sticky":false,"template":"","format":"standard","meta":{"footnotes":""},"categories":[1359],"tags":[548,58,59,1011,27,7251,7253,973],"class_list":{"0":"post-611085","1":"post","2":"type-post","3":"status-publish","4":"format-standard","5":"has-post-thumbnail","7":"category-people","8":"tag-article-simple","9":"tag-divertissement","10":"tag-entertainment","11":"tag-fr","12":"tag-france","13":"tag-les-enfoires","14":"tag-mimie-mathy","15":"tag-people"},"share_on_mastodon":{"url":"https:\/\/pubeurope.com\/@fr\/115750290323883985","error":""},"_links":{"self":[{"href":"https:\/\/www.europesays.com\/fr\/wp-json\/wp\/v2\/posts\/611085","targetHints":{"allow":["GET"]}}],"collection":[{"href":"https:\/\/www.europesays.com\/fr\/wp-json\/wp\/v2\/posts"}],"about":[{"href":"https:\/\/www.europesays.com\/fr\/wp-json\/wp\/v2\/types\/post"}],"author":[{"embeddable":true,"href":"https:\/\/www.europesays.com\/fr\/wp-json\/wp\/v2\/users\/2"}],"replies":[{"embeddable":true,"href":"https:\/\/www.europesays.com\/fr\/wp-json\/wp\/v2\/comments?post=611085"}],"version-history":[{"count":0,"href":"https:\/\/www.europesays.com\/fr\/wp-json\/wp\/v2\/posts\/611085\/revisions"}],"wp:featuredmedia":[{"embeddable":true,"href":"https:\/\/www.europesays.com\/fr\/wp-json\/wp\/v2\/media\/611086"}],"wp:attachment":[{"href":"https:\/\/www.europesays.com\/fr\/wp-json\/wp\/v2\/media?parent=611085"}],"wp:term":[{"taxonomy":"category","embeddable":true,"href":"https:\/\/www.europesays.com\/fr\/wp-json\/wp\/v2\/categories?post=611085"},{"taxonomy":"post_tag","embeddable":true,"href":"https:\/\/www.europesays.com\/fr\/wp-json\/wp\/v2\/tags?post=611085"}],"curies":[{"name":"wp","href":"https:\/\/api.w.org\/{rel}","templated":true}]}}