{"id":611087,"date":"2025-12-20T05:40:58","date_gmt":"2025-12-20T05:40:58","guid":{"rendered":"https:\/\/www.europesays.com\/fr\/611087\/"},"modified":"2025-12-20T05:40:58","modified_gmt":"2025-12-20T05:40:58","slug":"une-photo-de-famille-traverse-les-generations-le-photographe-frederic-founaud-lart-derriere-lobjectif","status":"publish","type":"post","link":"https:\/\/www.europesays.com\/fr\/611087\/","title":{"rendered":"\u00ab\u00a0Une photo de famille traverse les g\u00e9n\u00e9rations\u00a0\u00bb : le photographe Fr\u00e9d\u00e9ric Founaud, l&rsquo;art derri\u00e8re l&rsquo;objectif"},"content":{"rendered":"<p>\n                                                                Le photographe nouvellois a d\u00e9croch\u00e9 pour la troisi\u00e8me fois le titre de Portraitiste de France. Une distinction rare qui r\u00e9compense un m\u00e9tier d&rsquo;exigence, fond\u00e9 sur la lumi\u00e8re, le geste et l&rsquo;authenticit\u00e9.\n                            <\/p>\n<p>Appuyer sur un bouton ? \u00ab\u00a0C\u2019est \u00e0 peine 1 % du travail\u00a0\u00bb, sourit Fr\u00e9d\u00e9ric Founaud. Dans son studio de Port-La-Nouvelle, le photographe rappelle volontiers que son m\u00e9tier ne se r\u00e9sume ni \u00e0 un d\u00e9clic, ni \u00e0 un filtre. La preuve, il vient d\u2019obtenir pour la troisi\u00e8me fois le titre de Portraitiste de France, un dipl\u00f4me remis tous les deux ans par la FFPMSI (F\u00e9d\u00e9ration fran\u00e7aise de la photographie et des m\u00e9tiers de l\u2019image) et consid\u00e9r\u00e9 comme l\u2019un des labels les plus exigeants du secteur.<\/p>\n<p>Pour d\u00e9crocher ce titre, pas question de pr\u00e9senter simplement son \u00ab\u00a0plus beau portrait\u00a0\u00bb. Le photographe\u00a0a d\u00fb pr\u00e9senter douze images r\u00e9pondant \u00e0 des th\u00e8mes pr\u00e9cis (femme enceinte, enfant, senior, couple, famille\u2026) et dont chacune est \u00e9valu\u00e9e sur six crit\u00e8res : cr\u00e9ativit\u00e9, lumi\u00e8re, composition, gestuelle, traitement de l&rsquo;image et qualit\u00e9 du tirage. \u00ab\u00a0C\u2019est un condens\u00e9 de tout ce que doit ma\u00eetriser un photographe artisan\u00a0\u00bb, r\u00e9sume-t-il.<\/p>\n<p class=\"std-elt__inline\">\n        <strong>\u00c0 lire aussi :<\/strong><br \/>\n        <a href=\"https:\/\/www.lindependant.fr\/2023\/10\/20\/port-la-nouvelle-une-medaille-de-bronze-pour-frederic-founaud-11533333.php\" target=\"_blank\" rel=\"noopener\">Port-La Nouvelle : une m\u00e9daille de bronze pour Fr\u00e9d\u00e9ric Founaud<\/a>\n    <\/p>\n<p>Ce go\u00fbt du travail bien fait, Fr\u00e9d\u00e9ric Founaud ne l\u2019a pas appris sur les bancs d\u2019une \u00e9cole sp\u00e9cialis\u00e9e, mais en autodidacte apr\u00e8s une reconversion professionnelle. Ancien responsable de magasin dans la t\u00e9l\u00e9phonie mobile, il s&rsquo;est form\u00e9 seul, puis aupr\u00e8s de professionnels reconnus avant d\u2019ouvrir, il y a une dizaine d\u2019ann\u00e9es, son propre studio \u00e0 Port-La-Nouvelle. Une implantation audacieuse. \u00a0\u00bb Ici, j\u2019ai mis\u00e9 sur la qualit\u00e9. Les gens se font plaisir moins souvent, mais ils veulent un r\u00e9sultat impeccable.\u00a0\u00bb Cette qualit\u00e9, il la d\u00e9fend autant en prise de vue &#8211; o\u00f9 il passe le plus clair de son temps \u00e0 travailler la lumi\u00e8re, les positions, la sc\u00e9nographie &#8211; qu\u2019en tirage d\u2019art, devenu l\u2019une de ses sp\u00e9cialit\u00e9s. Avant de d\u00e9clencher, Fr\u00e9d\u00e9ric Founaud observe, fa\u00e7onne, guide sans brusquer. La lumi\u00e8re d&rsquo;abord, puis les corps, les attitudes, la mani\u00e8re dont chacun s&rsquo;inscrit dans le cadre.\u00a0\u00a0\u00bb Une s\u00e9ance photo, c\u2019est une construction.\u00a0\u00bb <\/p>\n<p>Ma\u00eetre du portrait et artisan de la lumi\u00e8re<\/p>\n<p>Dans un m\u00e9tier bouscul\u00e9 par l\u2019intelligence artificielle, le photographe garde une vision nuanc\u00e9e. Sur le portrait, il n\u2019imagine pas la technologie supplanter l\u2019humain.  \u00ab\u00a0Une photo de famille traverse les g\u00e9n\u00e9rations. Elle raconte des instants de vie, de ceux que l&rsquo;on transmet sans les oublier. L\u2019IA ne peut pas la remplacer.\u00a0\u00bb  En revanche, il constate un recul du c\u00f4t\u00e9 de la photographie industrielle.  \u00ab\u00a0Certains visuels destin\u00e9s au e-commerce sont d\u00e9sormais g\u00e9n\u00e9r\u00e9s automatiquement. C\u2019est un pan de notre travail qui peut dispara\u00eetre.\u00a0\u00bb  Pour autant, il refuse le discours alarmiste.  \u00ab\u00a0L\u2019IA, je l\u2019utilise aussi, pour acc\u00e9l\u00e9rer certaines t\u00e2ches ou cr\u00e9er des tableaux d\u2019inspiration. \u00c7a reste un outil.\u00a0\u00bb <\/p>\n<p>        <img decoding=\"async\" class=\"std-img__img responsive-img\" src=\"https:\/\/www.europesays.com\/fr\/wp-content\/uploads\/2025\/12\/1766209258_739_image.jpg\" alt=\"Le photographe nouvellois a d\u00e9croch\u00e9 pour la troisi\u00e8me fois le titre de Portraitiste de France.\"\/><\/p>\n<p>                Le photographe nouvellois a d\u00e9croch\u00e9 pour la troisi\u00e8me fois le titre de Portraitiste de France.<br \/>\n                                    DR<\/p>\n<p>Entre les s\u00e9ances, la formation de stagiaires, les tirages d\u2019art et une client\u00e8le qui s\u2019\u00e9tend jusqu\u2019\u00e0 Toulouse, Fr\u00e9d\u00e9ric Founaud continue de viser plus haut. Il attend la r\u00e9ponse pour le titre de Ma\u00eetre artisan d\u2019art. Dans son studio, comme dans son parcours, une ligne ne change pas : \u00ab\u00a0Soit on fait bien, soit on ne fait pas.\u00a0\u00bb \u00c0 Port-La-Nouvelle, cette exigence porte un nom : Portraitiste de France. Trois fois.<\/p>\n","protected":false},"excerpt":{"rendered":"Le photographe nouvellois a d\u00e9croch\u00e9 pour la troisi\u00e8me fois le titre de Portraitiste de France. Une distinction rare&hellip;\n","protected":false},"author":2,"featured_media":611088,"comment_status":"","ping_status":"","sticky":false,"template":"","format":"standard","meta":{"footnotes":""},"categories":[1358],"tags":[1348,1384,1385,4086,872,1386,58,59,1011,27,72206],"class_list":{"0":"post-611087","1":"post","2":"type-post","3":"status-publish","4":"format-standard","5":"has-post-thumbnail","7":"category-arts-et-design","8":"tag-arts","9":"tag-arts-and-design","10":"tag-arts-et-design","11":"tag-aude","12":"tag-culture-et-loisirs","13":"tag-design","14":"tag-divertissement","15":"tag-entertainment","16":"tag-fr","17":"tag-france","18":"tag-portlanouvelle"},"share_on_mastodon":{"url":"https:\/\/pubeurope.com\/@fr\/115750299088128975","error":""},"_links":{"self":[{"href":"https:\/\/www.europesays.com\/fr\/wp-json\/wp\/v2\/posts\/611087","targetHints":{"allow":["GET"]}}],"collection":[{"href":"https:\/\/www.europesays.com\/fr\/wp-json\/wp\/v2\/posts"}],"about":[{"href":"https:\/\/www.europesays.com\/fr\/wp-json\/wp\/v2\/types\/post"}],"author":[{"embeddable":true,"href":"https:\/\/www.europesays.com\/fr\/wp-json\/wp\/v2\/users\/2"}],"replies":[{"embeddable":true,"href":"https:\/\/www.europesays.com\/fr\/wp-json\/wp\/v2\/comments?post=611087"}],"version-history":[{"count":0,"href":"https:\/\/www.europesays.com\/fr\/wp-json\/wp\/v2\/posts\/611087\/revisions"}],"wp:featuredmedia":[{"embeddable":true,"href":"https:\/\/www.europesays.com\/fr\/wp-json\/wp\/v2\/media\/611088"}],"wp:attachment":[{"href":"https:\/\/www.europesays.com\/fr\/wp-json\/wp\/v2\/media?parent=611087"}],"wp:term":[{"taxonomy":"category","embeddable":true,"href":"https:\/\/www.europesays.com\/fr\/wp-json\/wp\/v2\/categories?post=611087"},{"taxonomy":"post_tag","embeddable":true,"href":"https:\/\/www.europesays.com\/fr\/wp-json\/wp\/v2\/tags?post=611087"}],"curies":[{"name":"wp","href":"https:\/\/api.w.org\/{rel}","templated":true}]}}