{"id":611089,"date":"2025-12-20T05:43:23","date_gmt":"2025-12-20T05:43:23","guid":{"rendered":"https:\/\/www.europesays.com\/fr\/611089\/"},"modified":"2025-12-20T05:43:23","modified_gmt":"2025-12-20T05:43:23","slug":"pour-prendre-un-billet-aussi-un-candidat-de-la-derniere-saison-de-mask-singer-transparent-sur-le-cachet-recu-pour-sa-participation-a-lemission","status":"publish","type":"post","link":"https:\/\/www.europesays.com\/fr\/611089\/","title":{"rendered":"\u00ab\u00a0Pour prendre un billet aussi&#8230;\u00a0\u00bb : Un candidat de la derni\u00e8re saison de Mask Singer transparent sur le cachet re\u00e7u pour sa participation \u00e0 l&rsquo;\u00e9mission"},"content":{"rendered":"<p>                <img loading=\"lazy\" decoding=\"async\" src=\"https:\/\/www.europesays.com\/fr\/wp-content\/uploads\/2025\/09\/15559a7e4ed390c9-35x35-1.jpg\" class=\"author-article-picture\" width=\"35\" height=\"35\"\/><\/p>\n<p>                    Par<\/p>\n<p>                                            <a class=\"author-article-bio-link\" href=\"https:\/\/www.purepeople.com\/auteur\/tiffany-iacomacci_a161\" target=\"_blank\" rel=\"noopener\">Tiffany Iacomacci<\/a><\/p>\n<p>                    |<\/p>\n<p>                                            R\u00e9dactrice<\/p>\n<p>\n                Ils se sont s\u00e9par\u00e9s \u00e0 la suite d\u2019une tromperie ? Passionn\u00e9e par la vie des people, raconter leurs histoires a \u00e9t\u00e9 une \u00e9vidence. Conna\u00eetre la derni\u00e8re actualit\u00e9 de la famille royale ? Cela fait \u00e9galement partie des plaisirs de Tiffany. Curieuse de nature, elle ne se tient jamais loin des r\u00e9seaux sociaux afin d\u2019\u00eatre s\u00fbre de ne rien manquer concernant ses c\u00e9l\u00e9brit\u00e9s pr\u00e9f\u00e9r\u00e9es.\n            <\/p>\n<p>\n    Participer \u00e0 \u201cMask Singer\u201d en fait r\u00eaver plus d\u2019un et nombreuses sont les personnalit\u00e9s qui ont eu la chance d\u2019enfiler un des costumes embl\u00e9matiques. Certains osent d\u00e9sormais revenir sur leur passage dans le programme avec beaucoup de franchise. Dans une vid\u00e9o r\u00e9alis\u00e9e par Kev Adams et partag\u00e9e sur YouTube, c\u2019est Tibo InShape qui a accept\u00e9 de faire quelques confidences, en toute transparence.\n<\/p>\n<p>                            <img loading=\"lazy\" decoding=\"async\" class=\"player-thumbnail\" src=\"https:\/\/www.europesays.com\/fr\/wp-content\/uploads\/2025\/12\/5e93d3681032f12e-580x326-2.jpg\" width=\"580\" height=\"326\"\/><\/p>\n<p>                            \u00ab\u00a0Pour prendre un billet aussi&#8230;\u00a0\u00bb : Un candidat de la derni\u00e8re saison de Mask Singer transparent sur le cachet re\u00e7u pour sa participation \u00e0 l&rsquo;\u00e9mission<\/p>\n<p>La suite apr\u00e8s la publicit\u00e9<\/p>\n<p>La derni\u00e8re saison de Mask Singer a conquis les fans du programme, notamment gr\u00e2ce \u00e0 la participation d\u2019une personnalit\u00e9 en particulier. Celle-ci \u00e9tait la complice du public qui savait, d\u00e8s le d\u00e9part, <a href=\"https:\/\/www.purepeople.com\/article\/mask-singer-8-bye-bye-le-dj-son-aventure-sarrete-juste-avant-la-demi-finale-kev-adams-est-le-seul-enqueteur-a-avoir-trouve-son-identite_a543432\/1\" target=\"_blank\" rel=\"noopener\">qui se cachait sous le costume du DJ<\/a>. Il s\u2019agissait de Tibo InShape, cr\u00e9ateur de contenus le plus suivi de France.<strong> Ce dernier a particip\u00e9 \u00e0 une vid\u00e9o de <\/strong><a href=\"https:\/\/www.purepeople.com\/people\/kev-adams_p2742\" target=\"_blank\" rel=\"noopener\"><strong>Kev Adams <\/strong><\/a><strong>dont le concept est tr\u00e8s simple : se confronter \u00e0 ses \u201c<\/strong><strong>haters<\/strong><strong>\u201d, <\/strong>ces commentateurs souvent virulents et r\u00e9currents, r\u00e9unis pour exprimer, sans filtre, les critiques qui sont habituellement comment\u00e9es sur les r\u00e9seaux sociaux. Une mise \u00e0 l\u2019\u00e9preuve durant laquelle Tibo InShape a opt\u00e9 pour la transparence.<\/p>\n<p>Face \u00e0 Tibo InShape se trouvait une jeune femme bien d\u00e9cid\u00e9e \u00e0 lui faire savoir que sa participation \u00e0 Mask Singer l\u2019a profond\u00e9ment marqu\u00e9e. <strong>\u201cMes oreilles saignaient devant la t\u00e9l\u00e9\u201d<\/strong><strong>, a-t-elle notamment affirm\u00e9.<\/strong> De quoi fortement amuser Kev Adams, le premier \u00e0 l\u2019avoir reconnu dans l\u2019\u00e9mission. De son c\u00f4t\u00e9, le principal concern\u00e9 n\u2019a pas pr\u00e9f\u00e9r\u00e9 commenter, mais lorsqu\u2019un hater a qualifi\u00e9 le programme d&rsquo;\u00e9mission pourrie, Tibo InShape ne pouvait pas se taire. Face cam\u00e9ra, <a href=\"https:\/\/www.purepeople.com\/article\/dans-cette-vie-et-dans-l-autre-juju-fitcats-et-tibo-inshape-sont-enfin-maries-les-images-des-youtubeurs-devoilees_a538527\/1\" target=\"_blank\" rel=\"noopener\">le mari de Juju Fitcats<\/a>, <a href=\"https:\/\/www.purepeople.com\/article\/danse-avec-les-stars-une-influenceuse-aux-millions-dabonnes-et-mariee-a-un-celebre-youtubeur-rejoint-le-casting_a545676\/1\" target=\"_blank\" rel=\"noopener\">qui participe \u00e0 la nouvelle saison de Danse avec les stars<\/a>, a choisi l&rsquo;honn\u00eatet\u00e9 totale, affirmant tout simplement : \u201c<strong>C\u2019est vrai que j\u2019y suis vraiment all\u00e9 pour m\u2019amuser, pour prendre un billet aussi, il faut \u00eatre honn\u00eate quand m\u00eame. Il faut payer les employ\u00e9s \u00e0 la fin du mois.\u201d<\/strong> Une exp\u00e9rience qu\u2019il d\u00e9clare avoir \u00e9t\u00e9 tr\u00e8s positive et dont il garde un tr\u00e8s bon souvenir.<\/p>\n<p>Ces autres personnalit\u00e9s qui ont \u00e9t\u00e9 transparentes sur leur salaire dans Mask Singer<\/p>\n<p>\u00a0<\/p>\n<p>Tibo InShape n\u2019est pas le seul \u00e0 avoir \u00e9voqu\u00e9 \u00a0l\u2019argent qu\u2019il a per\u00e7u en participant au programme. Dans un entretien accord\u00e9 \u00e0\u00a0Toutelat\u00e9l\u00e9 il y a quelques mois,, <a href=\"https:\/\/www.purepeople.com\/people\/dave_p1428\" target=\"_blank\" rel=\"noopener\">Dave <\/a>\u00e9tait revenu sur l\u2019\u00e9mission, affirmant qu\u2019il <a href=\"https:\/\/www.purepeople.com\/article\/mask-singer-hibou-tous-les-indices-decryptes_a408230\/1\" target=\"_blank\" rel=\"noopener\">ne la connaissait pas avant.<\/a> \u00ab\u00a0<strong>Uniquement parce que c\u2019\u00e9tait extr\u00eamement bien pay\u00e9. Je ne regarde pas cette \u00e9mission, mais je ne regrette pas.<\/strong> Je me suis bien amus\u00e9, m\u00eame si les costumes sont lourds et fatigants. Il n\u2019y a pas de honte \u00e0 faire de la t\u00e9l\u00e9 bien pay\u00e9e\u201d, avait-il affirm\u00e9, sans d\u00e9voiler le montant de son salaire. Des candidats qui prennent un beau cachet mais surtout, beaucoup de plaisir \u00e0 se produire sur sc\u00e8ne dans des costumes plus embl\u00e9matiques les uns que les autres.<\/p>\n<p>Mask Singer saison 8 : Candidats d\u00e9masqu\u00e9s, enqu\u00eateurs, costumes, stars internationales\u2026 tout ce qu\u2019il faut savoir<\/p>\n","protected":false},"excerpt":{"rendered":"Par Tiffany Iacomacci | R\u00e9dactrice Ils se sont s\u00e9par\u00e9s \u00e0 la suite d\u2019une tromperie ? Passionn\u00e9e par la&hellip;\n","protected":false},"author":2,"featured_media":611090,"comment_status":"","ping_status":"","sticky":false,"template":"","format":"standard","meta":{"footnotes":""},"categories":[1356],"tags":[58,59,1011,27,252,1364],"class_list":{"0":"post-611089","1":"post","2":"type-post","3":"status-publish","4":"format-standard","5":"has-post-thumbnail","7":"category-television","8":"tag-divertissement","9":"tag-entertainment","10":"tag-fr","11":"tag-france","12":"tag-television","13":"tag-tv"},"share_on_mastodon":{"url":"https:\/\/pubeurope.com\/@fr\/115750307638360205","error":""},"_links":{"self":[{"href":"https:\/\/www.europesays.com\/fr\/wp-json\/wp\/v2\/posts\/611089","targetHints":{"allow":["GET"]}}],"collection":[{"href":"https:\/\/www.europesays.com\/fr\/wp-json\/wp\/v2\/posts"}],"about":[{"href":"https:\/\/www.europesays.com\/fr\/wp-json\/wp\/v2\/types\/post"}],"author":[{"embeddable":true,"href":"https:\/\/www.europesays.com\/fr\/wp-json\/wp\/v2\/users\/2"}],"replies":[{"embeddable":true,"href":"https:\/\/www.europesays.com\/fr\/wp-json\/wp\/v2\/comments?post=611089"}],"version-history":[{"count":0,"href":"https:\/\/www.europesays.com\/fr\/wp-json\/wp\/v2\/posts\/611089\/revisions"}],"wp:featuredmedia":[{"embeddable":true,"href":"https:\/\/www.europesays.com\/fr\/wp-json\/wp\/v2\/media\/611090"}],"wp:attachment":[{"href":"https:\/\/www.europesays.com\/fr\/wp-json\/wp\/v2\/media?parent=611089"}],"wp:term":[{"taxonomy":"category","embeddable":true,"href":"https:\/\/www.europesays.com\/fr\/wp-json\/wp\/v2\/categories?post=611089"},{"taxonomy":"post_tag","embeddable":true,"href":"https:\/\/www.europesays.com\/fr\/wp-json\/wp\/v2\/tags?post=611089"}],"curies":[{"name":"wp","href":"https:\/\/api.w.org\/{rel}","templated":true}]}}