{"id":611104,"date":"2025-12-20T05:51:12","date_gmt":"2025-12-20T05:51:12","guid":{"rendered":"https:\/\/www.europesays.com\/fr\/611104\/"},"modified":"2025-12-20T05:51:12","modified_gmt":"2025-12-20T05:51:12","slug":"les-etats-unis-ont-lance-une-operation-militaire-de-tres-lourdes-represailles-contre-lei-en-syrie-france-24","status":"publish","type":"post","link":"https:\/\/www.europesays.com\/fr\/611104\/","title":{"rendered":"Les \u00c9tats-Unis ont lanc\u00e9 une op\u00e9ration militaire de &quot;tr\u00e8s lourdes repr\u00e9sailles&quot; contre l&#039;EI en Syrie &#8211; France 24"},"content":{"rendered":"<ol>\n<li><a href=\"https:\/\/news.google.com\/rss\/articles\/CBMi-wFBVV95cUxQLTNpYXcxdjhJb2Y0VWNjSWQxVFZoRnkxQ0hUWWgwVElmamJ6ejNPd3ZhbFFSSEtLdkVhS0t3SE1yVWp5bWdWLWJRdk9PMkR0a0swUkJ0US0xTXVucVNiMDRMRzBURjdKdTd2a0xSUnFPWlBZTDVMekZWM05udExHbkVCQzZKYjIzQmt2aTFSaVprOUlJX0FUb21YOTdPbjBLUEVnU29EdDJtNlRxdEJQMnBhcWw1Rl9zRkVlUHBESFB5NjlUMmRXcTctdzBXajN3amNKOVZfa3otSDJZY1JBZVRLd0pySVRIMTlRVUlGWmJGaXcxTmdjbG05aw?oc=5\" target=\"_blank\" rel=\"noopener\">Les \u00c9tats-Unis ont lanc\u00e9 une op\u00e9ration militaire de \u00ab\u00a0tr\u00e8s lourdes repr\u00e9sailles\u00a0\u00bb contre l&rsquo;EI en Syrie<\/a>&nbsp;&nbsp;France 24<\/li>\n<li><a href=\"https:\/\/news.google.com\/rss\/articles\/CBMiuwJBVV95cUxPOGVYRHJOalBVOHNDRW42YWZSLUR4VExvcjNFT3hrRkpHaGhJdEc3Ym1wT1p4M2R5UGNPTEtIQkE5Yi1iY3JRTExQb2wyOTJQT21vbkNfQ1NRSWxLQUtyUXkzWWxvV1NrTkZQNlM0bXN4aUZ6bS1PcVNiSnBKVVRlbDhWZk4wQ1VrZ2hVdTNJY0lNUUpwdWlLQ3NxekFGeTlJYlRkQzVQUEwwNWNGc0NobVV0dXMtUkJBTWJyVS04TU8wM1lNZkRPNXltdUdSSjN4SHhUZzFlWTljU1hHRlRQVmpqNkNyWE9FQkI2a05CNGxjVTBlaTNZNzF2aVRhYUdVd3F5YmFLc2RldkVRc24zM1dMTGdjdlk0eUdtVDdac0NpSWQtZV9na0tHMUdST2hUYU9BOUNsSnlqS3M?oc=5\" target=\"_blank\" rel=\"noopener\">\u00ab\u00a0Nous frappons tr\u00e8s fort\u00a0\u00bb: Donald Trump annonce le d\u00e9but d&rsquo;une op\u00e9ration militaire \u00ab\u00a0massive\u00a0\u00bb contre le groupe \u00c9tat islamique en Syrie<\/a>&nbsp;&nbsp;BFM<\/li>\n<li><a href=\"https:\/\/news.google.com\/rss\/articles\/CBMijAJBVV95cUxOZUc3SW9feUJ0aXpOQlVIcm95OFJEZDNxMEt2SkVvejhnNmwtVmN0c2F5MHpBcHVqSTY5WlpLd2xaNW9aZTNWM1ZncUNJaWxyWDJNVjlIZ2x3ZnNWSUxwS2t1QnoyYll0Zk9ldlN6bzJVTmtFOGVrT3N2SHg4YUdNUzNuZzdSSUxaNjNGUWRrZmN2N1RjVnFPaTZJU1Y0Y0VJaHhRU1F1VkNod2hMRDhzMEpYWi00eEpkZnFyZjZBQ0szXzhHWTRKVDB0d0ZESnRQZHprekxHalJtQi1yem5sVmtvOWJPYUpibnFJaFhycHlSMHAtcWNHYjZHaWEtdEVFTHpGUlh5Nl9VZS0t?oc=5\" target=\"_blank\" rel=\"noopener\">Les Etats-Unis annoncent avoir lanc\u00e9 une op\u00e9ration militaire contre l\u2019organisation Etat islamique en Syrie<\/a>&nbsp;&nbsp;Le Monde.fr<\/li>\n<li><a href=\"https:\/\/news.google.com\/rss\/articles\/CBMioAJBVV95cUxQTUNBMHV0TjhwYmZSLW1jTlVhMVlKa1djWF9pX09CQjlHTzNrYkNNRlF6aGtEMndrMF9acjhjd000MUE2dy1XWnc1cG0wMEFSc3ZTbTd5YmNiS1AtTlFvVFNFMDd5U3JZMkJRang4N2pNZmFwZXRFc1ByMS1hTEZROF9OX1I2Z1JzRV93UVdyOTlXV2NHUWcwd3lwanMxSGdBbkdiNmdSd1BSSm1mMElkZFFLcndiNnlPVnFaZ0dVZ09admdFcWY3Z3YzQkhOM0RHOW1DQWcySU5oaFRLSXQ2aTNJQVlXZUtRRGprV3ZFMWgwM3VLWF9nWFExSHRnaE8yc3JnYVBLbE5xN2t4UktubmNpT3RBRDVERHF2ZGRHcnY?oc=5\" target=\"_blank\" rel=\"noopener\">\u00ab Une r\u00e9ponse directe \u00bb : les \u00c9tats-Unis annoncent une op\u00e9ration de \u00ab vengeance \u00bb contre l\u2019\u00c9tat islamique en Syrie<\/a>&nbsp;&nbsp;Le Parisien<\/li>\n<li><a href=\"https:\/\/news.google.com\/rss\/articles\/CBMixgFBVV95cUxORE1TcEthTWp2dUNuX3FZb0R4Z1JMbjZfc01BVDNEMWc2TFlWbDFkMWU5azdscm44RFFvclhJR1pSY2dBOEtQTWNWazhmV0JwZlM2emZ2VW1LSHYwRlFwTVZVNGx3T0N6c0F4WDdCVmVQdTFMYnVvTkdlX1pnWFFYYXR3eUxJYUtQbXA4eEhNdERpZGtUMzdBeEhGMkR3dWJtT2xtS21xMjFqdVMxX2NVQy1iSlJxd0UyZUU1ckVIWHNWOWgzQlE?oc=5\" target=\"_blank\" rel=\"noopener\">Les \u00c9tats-Unis annoncent une op\u00e9ration militaire contre l\u2019EI en Syrie, \u00abplus de 70 cibles\u00bb frapp\u00e9es<\/a>&nbsp;&nbsp;Le Figaro<\/li>\n<\/ol>\n","protected":false},"excerpt":{"rendered":"Les \u00c9tats-Unis ont lanc\u00e9 une op\u00e9ration militaire de \u00ab\u00a0tr\u00e8s lourdes repr\u00e9sailles\u00a0\u00bb contre l&rsquo;EI en Syrie&nbsp;&nbsp;France 24 \u00ab\u00a0Nous frappons&hellip;\n","protected":false},"author":2,"featured_media":395849,"comment_status":"","ping_status":"","sticky":false,"template":"","format":"standard","meta":{"footnotes":""},"categories":[5],"tags":[11,1011,27,14,12,28],"class_list":{"0":"post-611104","1":"post","2":"type-post","3":"status-publish","4":"format-standard","5":"has-post-thumbnail","7":"category-international","8":"tag-actualites","9":"tag-fr","10":"tag-france","11":"tag-international","12":"tag-news","13":"tag-world"},"share_on_mastodon":{"url":"https:\/\/pubeurope.com\/@fr\/115750337624954437","error":""},"_links":{"self":[{"href":"https:\/\/www.europesays.com\/fr\/wp-json\/wp\/v2\/posts\/611104","targetHints":{"allow":["GET"]}}],"collection":[{"href":"https:\/\/www.europesays.com\/fr\/wp-json\/wp\/v2\/posts"}],"about":[{"href":"https:\/\/www.europesays.com\/fr\/wp-json\/wp\/v2\/types\/post"}],"author":[{"embeddable":true,"href":"https:\/\/www.europesays.com\/fr\/wp-json\/wp\/v2\/users\/2"}],"replies":[{"embeddable":true,"href":"https:\/\/www.europesays.com\/fr\/wp-json\/wp\/v2\/comments?post=611104"}],"version-history":[{"count":0,"href":"https:\/\/www.europesays.com\/fr\/wp-json\/wp\/v2\/posts\/611104\/revisions"}],"wp:featuredmedia":[{"embeddable":true,"href":"https:\/\/www.europesays.com\/fr\/wp-json\/wp\/v2\/media\/395849"}],"wp:attachment":[{"href":"https:\/\/www.europesays.com\/fr\/wp-json\/wp\/v2\/media?parent=611104"}],"wp:term":[{"taxonomy":"category","embeddable":true,"href":"https:\/\/www.europesays.com\/fr\/wp-json\/wp\/v2\/categories?post=611104"},{"taxonomy":"post_tag","embeddable":true,"href":"https:\/\/www.europesays.com\/fr\/wp-json\/wp\/v2\/tags?post=611104"}],"curies":[{"name":"wp","href":"https:\/\/api.w.org\/{rel}","templated":true}]}}