{"id":611107,"date":"2025-12-20T05:53:21","date_gmt":"2025-12-20T05:53:21","guid":{"rendered":"https:\/\/www.europesays.com\/fr\/611107\/"},"modified":"2025-12-20T05:53:21","modified_gmt":"2025-12-20T05:53:21","slug":"france-nouvel-echec-sur-le-budget-2026-lecornu-reprend-les-consultations-politiques-19-12-2025-a-1327","status":"publish","type":"post","link":"https:\/\/www.europesays.com\/fr\/611107\/","title":{"rendered":"France: Nouvel \u00e9chec sur le budget 2026, Lecornu reprend les consultations politiques &#8211; 19\/12\/2025 \u00e0 13:27"},"content":{"rendered":"<p>        <img decoding=\"async\" src=\"https:\/\/www.europesays.com\/fr\/wp-content\/uploads\/2025\/12\/ed71c9363b08b46c9f8b1757cd8800da-760x507.jpg\" alt=\"Vote sur le projet de loi de finances 2026 au S\u00e9nat fran\u00e7ais \u00e0 Paris\" loading=\"eager\" fetchpriority=\"high\" width=\"760\" height=\"507\" style=\"max-width: 100%!important; height: auto;\"\/><\/p>\n<p class=\"c-image-news__legend\">Vote sur le projet de loi de finances 2026 au S\u00e9nat fran\u00e7ais \u00e0 Paris<\/p>\n<p>\n par Elizabeth Pineau\n<\/p>\n<p>\n Ses travaux \u00e0 peine entam\u00e9s, la commission mixte paritaire (CMP) a act\u00e9 vendredi l&rsquo;impossibilit\u00e9 de trouver un compromis sur le budget de la France pour 2026, ouvrant la voie \u00e0 une \u00ab\u00a0loi sp\u00e9ciale\u00a0\u00bb et conduisant le Premier ministre, S\u00e9bastien \u200dLecornu, \u00e0 annoncer de nouvelles consultations politiques.\n<\/p>\n<p>\n Droite et gauche se sont renvoy\u00e9 la responsabilit\u00e9 de cet \u00e9chec qui enclenche un nouveau chapitre dans le marathon lanc\u00e9 depuis des semaines pour tenter de doter la France d&rsquo;un budget avant le 31 d\u00e9cembre.\n<\/p>\n<p>\n \u00ab\u00a0Sommes-nous capables d&rsquo;aboutir \u00e0 un texte en capacit\u00e9 d&rsquo;\u00eatre adopt\u00e9 par les deux Assembl\u00e9es ? \u200cNon. La CMP est donc non conclusive\u00a0\u00bb, a dit le d\u00e9put\u00e9 Philippe Juvin (Les R\u00e9publicains, LR), rapporteur de la CMP compos\u00e9e de sept d\u00e9put\u00e9s et sept s\u00e9nateurs.\n<\/p>\n<p>\n L&rsquo;\u00e9chec a \u00e9t\u00e9 act\u00e9 au Palais Bourbon en d\u00e9but de r\u00e9union, qui a dur\u00e9 environ une heure.\n<\/p>\n<p>\n Les socialistes ont d\u00e9nonc\u00e9 l&rsquo;attitude du S\u00e9nat, o\u00f9 \u200bla droite est majoritaire.\n<\/p>\n<p>\n \u00ab\u00a0L&rsquo;intransigeance de la droite s\u00e9natoriale co\u00fbte cher\u00a0\u00bb, a \u00e9crit sur X le d\u00e9put\u00e9 PS Boris Vallaud. \u00ab\u00a0Sans majorit\u00e9, donner un budget au \u2060pays exige de n\u00e9gocier, pas d&rsquo;imposer des coupes aveugles ni d&rsquo;\u00e9carter la justice fiscale.\u00a0\u00bb\n<\/p>\n<p>\n \u00ab\u00a0Le gouvernement n&rsquo;a rien fait pour que [la CMP] puisse \u00eatre conclusive\u00a0\u00bb, a d\u00e9plor\u00e9 pour sa part le s\u00e9nateur LR Jean-Fran\u00e7ois Husson.\n<\/p>\n<p>\n Eric Coquerel (La France insoumise), pr\u00e9sident de la commission des \u2060Finances de l&rsquo;Assembl\u00e9e nationale, a dit voir une nouvelle cons\u00e9quence \u200ddu non-respect par Emmanuel Macron du r\u00e9sultat des \u00e9lections l\u00e9gislatives anticip\u00e9es de 2024, qui avaient plac\u00e9 la gauche en \u2060t\u00eate au second tour.\n<\/p>\n<p>\n Au Rassemblement national, Jean-Philippe Tanguy, lui aussi membre de la CMP, a regrett\u00e9 le temps perdu par le chef de l&rsquo;Etat, que le RN pousse \u00e0 dissoudre de nouveau l&rsquo;Assembl\u00e9e.\n<\/p>\n<p>\n Dans un message sur le r\u00e9seau X, S\u00e9bastien Lecornu \u00ab\u00a0regrette l&rsquo;absence de volont\u00e9 d\u2019aboutir de certains parlementaires\u00a0\u00bb.\n<\/p>\n<p>\n LOI SP\u00c9CIALE\n<\/p>\n<p>\n \u00ab\u00a0Le Parlement ne pourra donc pas \u200bvoter un budget pour la France avant la fin de l\u2019ann\u00e9e\u00a0\u00bb, poursuit le Premier ministre, qui r\u00e9unira \u00ab\u00a0\u00e0 partir de lundi les principaux responsables politiques pour les consulter sur la marche \u00e0 suivre pour prot\u00e9ger les Fran\u00e7ais et trouver les conditions d&rsquo;une solution.\u00a0\u00bb\n<\/p>\n<p>\n Le budget avait \u00e9t\u00e9 adopt\u00e9 en premi\u00e8re lecture lundi au S\u00e9nat dans \u2060une version profond\u00e9ment remani\u00e9e par rapport \u00e0 celle de l&rsquo;Assembl\u00e9e nationale, avec un d\u00e9ficit public port\u00e9 \u00e0 5,3% du produit int\u00e9rieur brut (PIB) contre \u200bun objectif initial de 4,7%. Le gouvernement demande de ne pas d\u00e9passer la barre des 5%.\n<\/p>\n<p>\n A la diff\u00e9rence du \u200bprojet de loi de finances de la \u200bS\u00e9curit\u00e9 sociale (PLFSS), adopt\u00e9 gr\u00e2ce au soutien des socialistes et \u00e0 l&rsquo;abstention d&rsquo;une majorit\u00e9 d&rsquo;\u00e9cologistes, le PLF ne b\u00e9n\u00e9ficie pour l&rsquo;instant d&rsquo;aucune garantie politique.\n<\/p>\n<p>\n L&rsquo;\u00e9chec de la CMP \u200bouvre la voie \u00e0 une \u00ab\u00a0loi sp\u00e9ciale\u00a0\u00bb permettant de pr\u00e9lever les imp\u00f4ts et de faire \u2060fonctionner les administrations sur la base du budget de l&rsquo;ann\u00e9e pr\u00e9c\u00e9dente &#8211; en attendant une nouvelle version du PLF \u00e9labor\u00e9e d\u00e9but 2026.\n<\/p>\n<p>\n Cette loi doit passer en conseil des ministres avant d&rsquo;\u00eatre examin\u00e9 au Parlement, peut-\u00eatre au d\u00e9but de la semaine prochaine.\n<\/p>\n<p>\n Selon la ministre des Comptes publics, Am\u00e9lie de Montchalin, une loi sp\u00e9ciale co\u00fbterait au moins 12 milliards d&rsquo;euros d\u00e8s le premier mois.\n<\/p>\n<p>\n En marge du conseil des ministres mercredi \u00e0 l&rsquo;Elys\u00e9e, l&rsquo;entourage du pr\u00e9sident Emmanuel Macron continuait de tabler sur un \u00ab\u00a0plan A\u00a0\u00bb consistant \u00e0 laisser la \u200cparole au Parlement, sans recours \u00e0 l&rsquo;article 49.3 de la Constitution permettant d&rsquo;adopter un texte sans vote.\n<\/p>\n<p>\n Malgr\u00e9 la constance du Premier ministre sur cette ligne, des voix se sont \u00e9lev\u00e9es pour envisager une telle hypoth\u00e8se &#8211; le d\u00e9put\u00e9 MoDem Marc Fesneau, l&rsquo;ancienne Premi\u00e8re ministre Elisabeth Borne, l&rsquo;ex-pr\u00e9sident socialiste Fran\u00e7ois Hollande.\n<\/p>\n<p>\n D\u00e9pourvu de majorit\u00e9 \u00e0 l&rsquo;Assembl\u00e9e, le gouvernement de S\u00e9bastien Lecornu est sous la menace constante du vote d&rsquo;une censure synonyme de chute et de crise politique majeure.\n<\/p>\n<p>\n Tourner la page du budget permettrait au gouvernement et au Parlement de s&rsquo;atteler \u00e0 d&rsquo;autres priorit\u00e9s \u00e0 l&rsquo;approche des \u00e9lections municipales de mars et de la course \u00e0 l&rsquo;Elys\u00e9e, un an plus tard.\n<\/p>\n<p>\n (Reportage Elizabeth \u200cPineau, \u00e9dit\u00e9 par Sophie Louet et Kate Entringer)<\/p>\n","protected":false},"excerpt":{"rendered":"Vote sur le projet de loi de finances 2026 au S\u00e9nat fran\u00e7ais \u00e0 Paris par Elizabeth Pineau Ses&hellip;\n","protected":false},"author":2,"featured_media":611108,"comment_status":"","ping_status":"","sticky":false,"template":"","format":"standard","meta":{"footnotes":""},"categories":[2],"tags":[400,11,398,408,405,1011,27,403,402,399,404,12,401,406,407],"class_list":{"0":"post-611107","1":"post","2":"type-post","3":"status-publish","4":"format-standard","5":"has-post-thumbnail","7":"category-actualites","8":"tag-action-cac-40","9":"tag-actualites","10":"tag-bourse-de-paris","11":"tag-boursorama","12":"tag-cotations","13":"tag-fr","14":"tag-france","15":"tag-indices-devises","16":"tag-investir","17":"tag-investissement","18":"tag-marche-boursier","19":"tag-news","20":"tag-sicav","21":"tag-trackers","22":"tag-warrants"},"share_on_mastodon":{"url":"https:\/\/pubeurope.com\/@fr\/115750346220058167","error":""},"_links":{"self":[{"href":"https:\/\/www.europesays.com\/fr\/wp-json\/wp\/v2\/posts\/611107","targetHints":{"allow":["GET"]}}],"collection":[{"href":"https:\/\/www.europesays.com\/fr\/wp-json\/wp\/v2\/posts"}],"about":[{"href":"https:\/\/www.europesays.com\/fr\/wp-json\/wp\/v2\/types\/post"}],"author":[{"embeddable":true,"href":"https:\/\/www.europesays.com\/fr\/wp-json\/wp\/v2\/users\/2"}],"replies":[{"embeddable":true,"href":"https:\/\/www.europesays.com\/fr\/wp-json\/wp\/v2\/comments?post=611107"}],"version-history":[{"count":0,"href":"https:\/\/www.europesays.com\/fr\/wp-json\/wp\/v2\/posts\/611107\/revisions"}],"wp:featuredmedia":[{"embeddable":true,"href":"https:\/\/www.europesays.com\/fr\/wp-json\/wp\/v2\/media\/611108"}],"wp:attachment":[{"href":"https:\/\/www.europesays.com\/fr\/wp-json\/wp\/v2\/media?parent=611107"}],"wp:term":[{"taxonomy":"category","embeddable":true,"href":"https:\/\/www.europesays.com\/fr\/wp-json\/wp\/v2\/categories?post=611107"},{"taxonomy":"post_tag","embeddable":true,"href":"https:\/\/www.europesays.com\/fr\/wp-json\/wp\/v2\/tags?post=611107"}],"curies":[{"name":"wp","href":"https:\/\/api.w.org\/{rel}","templated":true}]}}