{"id":611109,"date":"2025-12-20T05:54:12","date_gmt":"2025-12-20T05:54:12","guid":{"rendered":"https:\/\/www.europesays.com\/fr\/611109\/"},"modified":"2025-12-20T05:54:12","modified_gmt":"2025-12-20T05:54:12","slug":"saint-etienne-brille-dans-ce-classement","status":"publish","type":"post","link":"https:\/\/www.europesays.com\/fr\/611109\/","title":{"rendered":"Saint-\u00c9tienne brille dans ce classement"},"content":{"rendered":"<p>                    Par<br \/>\n        <strong><br \/>\n            <a href=\"https:\/\/actu.fr\/auteur\/julien-sournies\" title=\"Consulter tous les articles de Julien Sournies\" target=\"_blank\" rel=\"noopener\">Julien Sournies<\/a><br \/>\n                    <\/strong><\/p>\n<p>        Publi\u00e9 le<\/p>\n<p>            20 d\u00e9c. 2025 \u00e0 6h16        <\/p>\n<p>Saint-\u00c9tienne est-elle une bonne ville pour s\u2019installer quand on est \u00e0 la recherche d\u2019un emploi en CDI et d\u2019un logement\u2009?<\/p>\n<p class=\" wall-content\">Dans une \u00e9tude men\u00e9e conjointement par le courtier Meilleurtaux et le site Meteojob, d\u00e9voil\u00e9e par nos confr\u00e8res du <a href=\"https:\/\/www.leparisien.fr\/immobilier\/ou-sinstaller-pour-decrocher-un-cdi-et-un-logement-mulhouse-saint-etienne-et-rouen-le-tierce-gagnant-18-12-2025-KISCUCXGGVC43EIWQITGZ4FEFU.php\" target=\"_blank\" rel=\"noopener\">Parisien<\/a>, la capitale de la <a href=\"https:\/\/actu.fr\/auvergne-rhone-alpes\/loire_42\" target=\"_blank\" rel=\"noopener\">Loire<\/a>, en d\u00e9pit d\u2019une image r\u00e9guli\u00e8rement ternie par ses habitants, est l\u2019une des communes de France les plus <strong>attractives<\/strong> en la mati\u00e8re.<\/p>\n<p>Un bon de cinq places au classement<\/p>\n<p class=\" wall-content\">D\u2019apr\u00e8s cette \u00e9tude, qui prend en compte les chiffres de novembre\u00a02024, <a href=\"https:\/\/actu.fr\/saint-etienne\/\" target=\"_blank\" rel=\"noopener\">Saint-\u00c9tienne<\/a> pointe \u00e0 la <strong>deuxi\u00e8me place<\/strong> des villes les plus abordables pour d\u00e9crocher un logement et un CDI. Ainsi, la pr\u00e9fecture de la Loire <strong>gagne cinq places<\/strong> par rapport \u00e0 l\u2019ann\u00e9e derni\u00e8re.<\/p>\n<p class=\" wall-content\">\u00ab\u2009Il y a beaucoup d\u2019opportunit\u00e9s l\u00e0-bas car la r\u00e9gion est en deuxi\u00e8me position en ce qui concerne les investissements \u00e9trangers gr\u00e2ce, notamment, \u00e0 sa position centrale en France. Par ailleurs, l\u2019industrie reste forte\u2009\u00bb, explique Marko Vujasinovic, PDG du site de recherche d\u2019emploi Meteojob \u00e0 nos confr\u00e8res.<\/p>\n<p>Un logement de 107 m\u00b2 en moyenne \u00e0 Saint-\u00c9tienne<\/p>\n<p class=\" wall-content\">Dans le d\u00e9tail, selon les donn\u00e9es r\u00e9colt\u00e9es,<strong> 5\u2009% des offres d\u2019emploi<\/strong> propos\u00e9es \u00e0 Saint-\u00c9tienne sont des CDI (le maximum est \u00e0 8\u2009% dans le top\u00a010). Si elle n\u2019est pas forc\u00e9ment la plus attractive dans ce domaine, la capitale de la Loire tire son \u00e9pingle du jeu au niveau du pouvoir d\u2019achat.<\/p>\n<p class=\" wall-content\">Avec un prix moyen au m\u00b2 de 1\u2009226\u00a0euros (le plus bas du top\u00a010) et un salaire m\u00e9dian de 2\u2009257\u00a0euros net, il est possible d\u2019acheter un logement de <strong>107 m\u00b2 en moyenne \u00e0 Saint-\u00c9tienne<\/strong>.<\/p>\n<p class=\" wall-content\">\u00ab\u2009La d\u00e9cote immobili\u00e8re a fait progresser la ville dans le classement. D\u2019o\u00f9 le bond de cinq places. Et, gr\u00e2ce \u00e0 des taux qui ont l\u00e9g\u00e8rement baiss\u00e9, le pouvoir d\u2019achat immobilier a bien augment\u00e9 \u00e9galement\u00a0\u00bb, justifie Maxime Chipoy, directeur \u00e9ditorial chez Meilleurtaux.<\/p>\n<p>Votre r\u00e9gion, votre actu !<\/p>\n<p>Recevez chaque jour les infos qui comptent pour vous.<\/p>\n<p>\t<a href=\"https:\/\/actu.fr\/newsletter\" class=\"ac-btn ac-btn--corner ac-btn--medium ac-btn--blue800\" target=\"_blank\" rel=\"noopener\">S&rsquo;incrire<\/a><\/p>\n<p class=\" wall-content\">Quant \u00e0 l\u2019avenir \u00e0 court terme, les tendances sont d\u2019autant plus encourageantes pour les villes de taille interm\u00e9diaire. Selon l\u2019\u00e9tude, les conditions d\u2019installation en 2026 vont <strong>s\u2019am\u00e9liorer<\/strong> \u00e0 la faveur d\u2019une baisse des taux moyens du cr\u00e9dit (- 0,25\u2009% en un an pour s\u2019\u00e9tablir \u00e0 3,22\u2009% sur vingt ans), d\u2019une l\u00e9g\u00e8re augmentation des salaires (+ 2%) ou encore d\u2019une stabilisation des prix des logements.<\/p>\n<p class=\" wall-content\">Personnalisez votre actualit\u00e9 en ajoutant vos villes et m\u00e9dias en favori avec <a href=\"https:\/\/moncompte.actu.fr\" title=\"D\u00e9couvez Mon Actu\" rel=\"nofollow noopener\" data-trk=\"{&quot;cta&quot;:{&quot;action&quot;:&quot;https:\\\/\\\/moncompte.actu.fr&quot;,&quot;category&quot;:&quot;mon compte&quot;,&quot;from&quot;:&quot;article footer&quot;,&quot;name&quot;:&quot;Mon actu&quot;,&quot;type&quot;:&quot;cta&quot;}}\" target=\"_blank\">Mon Actu<\/a>.<\/p>\n","protected":false},"excerpt":{"rendered":"Par Julien Sournies Publi\u00e9 le 20 d\u00e9c. 2025 \u00e0 6h16 Saint-\u00c9tienne est-elle une bonne ville pour s\u2019installer quand&hellip;\n","protected":false},"author":2,"featured_media":611110,"comment_status":"","ping_status":"","sticky":false,"template":"","format":"standard","meta":{"footnotes":""},"categories":[9653],"tags":[1111,11,2430,33,341,1777,674,1011,27,1116,12,2922,25,4001],"class_list":{"0":"post-611109","1":"post","2":"type-post","3":"status-publish","4":"format-standard","5":"has-post-thumbnail","7":"category-saint-etienne","8":"tag-actu","9":"tag-actualites","10":"tag-auvergne-rhone-alpes","11":"tag-economie","12":"tag-emploi","13":"tag-eu","14":"tag-europe","15":"tag-fr","16":"tag-france","17":"tag-immobilier","18":"tag-news","19":"tag-pouvoir-dachat","20":"tag-republique-francaise","21":"tag-saint-etienne"},"share_on_mastodon":{"url":"https:\/\/pubeurope.com\/@fr\/115750349336196017","error":""},"_links":{"self":[{"href":"https:\/\/www.europesays.com\/fr\/wp-json\/wp\/v2\/posts\/611109","targetHints":{"allow":["GET"]}}],"collection":[{"href":"https:\/\/www.europesays.com\/fr\/wp-json\/wp\/v2\/posts"}],"about":[{"href":"https:\/\/www.europesays.com\/fr\/wp-json\/wp\/v2\/types\/post"}],"author":[{"embeddable":true,"href":"https:\/\/www.europesays.com\/fr\/wp-json\/wp\/v2\/users\/2"}],"replies":[{"embeddable":true,"href":"https:\/\/www.europesays.com\/fr\/wp-json\/wp\/v2\/comments?post=611109"}],"version-history":[{"count":0,"href":"https:\/\/www.europesays.com\/fr\/wp-json\/wp\/v2\/posts\/611109\/revisions"}],"wp:featuredmedia":[{"embeddable":true,"href":"https:\/\/www.europesays.com\/fr\/wp-json\/wp\/v2\/media\/611110"}],"wp:attachment":[{"href":"https:\/\/www.europesays.com\/fr\/wp-json\/wp\/v2\/media?parent=611109"}],"wp:term":[{"taxonomy":"category","embeddable":true,"href":"https:\/\/www.europesays.com\/fr\/wp-json\/wp\/v2\/categories?post=611109"},{"taxonomy":"post_tag","embeddable":true,"href":"https:\/\/www.europesays.com\/fr\/wp-json\/wp\/v2\/tags?post=611109"}],"curies":[{"name":"wp","href":"https:\/\/api.w.org\/{rel}","templated":true}]}}