{"id":611119,"date":"2025-12-20T06:00:58","date_gmt":"2025-12-20T06:00:58","guid":{"rendered":"https:\/\/www.europesays.com\/fr\/611119\/"},"modified":"2025-12-20T06:00:58","modified_gmt":"2025-12-20T06:00:58","slug":"inauguration-de-la-ligne-5-de-tramway-a-montpellier-levenement-peut-il-etre-annule-a-cause-de-la-meteo","status":"publish","type":"post","link":"https:\/\/www.europesays.com\/fr\/611119\/","title":{"rendered":"Inauguration de la ligne 5 de tramway \u00e0 Montpellier\u00a0: l\u2019\u00e9v\u00e9nement peut-il \u00eatre annul\u00e9 \u00e0 cause de la m\u00e9t\u00e9o\u00a0?"},"content":{"rendered":"<p>\n                                                                L\u2019inauguration de la ligne 5 du tramway de Montpellier, pr\u00e9vue samedi 20\u00a0d\u00e9cembre, devrait se d\u00e9rouler sous la pluie. M\u00e9t\u00e9o France annonce des averses tout au long de la journ\u00e9e sur le trac\u00e9. Ce qui ne remet pas en cause \u00e0 ce stade les festivit\u00e9s programm\u00e9es.\n                            <\/p>\n<p>Alors que l\u2019inauguration de <a href=\"https:\/\/www.midilibre.fr\/2025\/12\/17\/ligne-5-de-tramway-a-montpellier-confort-design-frequences-on-repond-chaque-semaine-a-vos-questions-13110272.php\" target=\"_blank\" rel=\"noopener\">la ligne 5 de tramway<\/a> \u00e0 Montpellier est pr\u00e9vue ce samedi 20\u00a0d\u00e9cembre, le beau temps ne sera pas de la f\u00eate. En effet, M\u00e9t\u00e9o France annonce des averses tout au long de la journ\u00e9e sur le parcours. De quoi annuler certaines festivit\u00e9s\u00a0? L\u2019option n\u2019est pour le moment pas encore envisag\u00e9e par la M\u00e9tropole.<\/p>\n<p><a href=\"https:\/\/www.midilibre.fr\/2025\/12\/19\/ce-samedi-une-journee-de-spectacles-dans-toute-la-ville-pour-feter-la-ligne-5-de-tramway-a-montpellier-13119626.php\" target=\"_blank\" rel=\"noopener\">Toutes les animations comme la Parade des Lucioles<\/a> sur la place des Martyrs de la R\u00e9sistance (18\u00a0h\u00a030), L\u2019appel du large (19\u00a0h\u00a030), et ADN, de la compagnie Transe Express (20\u00a0h\u00a030) sur la place de la Com\u00e9die sont notamment maintenues.<\/p>\n<p>\u00ab\u00a0\u00c7a devrait tenir\u00a0\u00bb<\/p>\n<p>\u00ab\u00a0\u00c7a ira mieux demain, \u00e7a devrait tenir. Un point a \u00e9t\u00e9 fait ce matin avec les \u00e9quipes et un autre sera s\u00fbrement fait cet apr\u00e8s-midi. On nous annonce des pluies plus mod\u00e9r\u00e9es que ce vendredi\u00a0\u00bb, rassure la M\u00e9tropole.<\/p>\n<p>Pour rappel, cette journ\u00e9e du samedi 20\u00a0d\u00e9cembre s\u2019annonce comme un \u00e9v\u00e9nement \u00e0 plus d\u2019un titre. Ce sera la premi\u00e8re fois qu\u2019une ligne de tramway sera inaugur\u00e9e et mise en service le m\u00eame jour. Sous la pluie donc.<\/p>\n","protected":false},"excerpt":{"rendered":"L\u2019inauguration de la ligne 5 du tramway de Montpellier, pr\u00e9vue samedi 20\u00a0d\u00e9cembre, devrait se d\u00e9rouler sous la pluie.&hellip;\n","protected":false},"author":2,"featured_media":611120,"comment_status":"","ping_status":"","sticky":false,"template":"","format":"standard","meta":{"footnotes":""},"categories":[9599],"tags":[1111,11,68902,1777,674,1011,27,7089,71111,2208,12,2680,25,4109,71110,4063],"class_list":{"0":"post-611119","1":"post","2":"type-post","3":"status-publish","4":"format-standard","5":"has-post-thumbnail","7":"category-montpellier","8":"tag-actu","9":"tag-actualites","10":"tag-circulation-du00e9placements","11":"tag-eu","12":"tag-europe","13":"tag-fr","14":"tag-france","15":"tag-herault","16":"tag-ligne-5-du-tramway","17":"tag-montpellier","18":"tag-news","19":"tag-occitanie","20":"tag-republique-francaise","21":"tag-tramway","22":"tag-voiture-u00e0-montpellier-ou00f9-en-sont-les-travaux","23":"tag-vu00e9lo"},"share_on_mastodon":{"url":"https:\/\/pubeurope.com\/@fr\/115750376769043527","error":""},"_links":{"self":[{"href":"https:\/\/www.europesays.com\/fr\/wp-json\/wp\/v2\/posts\/611119","targetHints":{"allow":["GET"]}}],"collection":[{"href":"https:\/\/www.europesays.com\/fr\/wp-json\/wp\/v2\/posts"}],"about":[{"href":"https:\/\/www.europesays.com\/fr\/wp-json\/wp\/v2\/types\/post"}],"author":[{"embeddable":true,"href":"https:\/\/www.europesays.com\/fr\/wp-json\/wp\/v2\/users\/2"}],"replies":[{"embeddable":true,"href":"https:\/\/www.europesays.com\/fr\/wp-json\/wp\/v2\/comments?post=611119"}],"version-history":[{"count":0,"href":"https:\/\/www.europesays.com\/fr\/wp-json\/wp\/v2\/posts\/611119\/revisions"}],"wp:featuredmedia":[{"embeddable":true,"href":"https:\/\/www.europesays.com\/fr\/wp-json\/wp\/v2\/media\/611120"}],"wp:attachment":[{"href":"https:\/\/www.europesays.com\/fr\/wp-json\/wp\/v2\/media?parent=611119"}],"wp:term":[{"taxonomy":"category","embeddable":true,"href":"https:\/\/www.europesays.com\/fr\/wp-json\/wp\/v2\/categories?post=611119"},{"taxonomy":"post_tag","embeddable":true,"href":"https:\/\/www.europesays.com\/fr\/wp-json\/wp\/v2\/tags?post=611119"}],"curies":[{"name":"wp","href":"https:\/\/api.w.org\/{rel}","templated":true}]}}