{"id":611123,"date":"2025-12-20T06:04:18","date_gmt":"2025-12-20T06:04:18","guid":{"rendered":"https:\/\/www.europesays.com\/fr\/611123\/"},"modified":"2025-12-20T06:04:18","modified_gmt":"2025-12-20T06:04:18","slug":"au-bout-du-compte-qui-paie-la-gratuite-des-transports-a-rouen","status":"publish","type":"post","link":"https:\/\/www.europesays.com\/fr\/611123\/","title":{"rendered":"Au bout du compte, qui paie la gratuit\u00e9 des transports \u00e0 Rouen ?"},"content":{"rendered":"<p class=\"article__intro\">Selon l&rsquo;\u00e9tude mensuelle \u00ab\u00a0Ma commune, mon maire et moi\u00a0\u00bb, r\u00e9alis\u00e9e par Odoxa pour France 3 et ICI, 60% des Normands sont favorables \u00e0 l&rsquo;instauration de la gratuit\u00e9 dans les transports public. \u00c0 Rouen, la mesure existe d\u00e9j\u00e0 partiellement depuis 5 ans.<\/p>\n<p>\n      L\u2019actu des r\u00e9gions\n    <\/p>\n<p>\n      Chaque jour, un tour d\u2019horizon des principales infos de toutes les r\u00e9gions.\n    <\/p>\n<p>    France T\u00e9l\u00e9visions utilise votre adresse e-mail afin de vous envoyer la newsletter \u00ab\u00a0L\u2019actu des r\u00e9gions\u00a0\u00bb. Vous pouvez vous d\u00e9sinscrire \u00e0 tout moment via le lien en bas de cette newsletter. <a target=\"_blank\" href=\"https:\/\/www.francetelevisions.fr\/groupe\/confidentialite\/politique-de-confidentialite\/politique-de-confidentialite-de-france-televisions-6503\" rel=\"noopener\">Notre politique de confidentialit\u00e9<\/a><\/p>\n<p>Depuis le mois de septembre 2020, les usagers des transports en commun rouennais ont pris l&rsquo;habitude de <a href=\"https:\/\/france3-regions.franceinfo.fr\/normandie\/seine-maritime\/rouen\/rentree-transports-commun-agglomeration-rouennaise-seront-gratuits-samedi-1857486.html\" target=\"_blank\" rel=\"noopener noreferrer nofollow\" data-tooltip-url=\"https:\/\/france3-regions.franceinfo.fr\/normandie\/seine-maritime\/rouen\/rentree-transports-commun-agglomeration-rouennaise-seront-gratuits-samedi-1857486.html\">la gratuit\u00e9 tous les samedis<\/a>. <\/p>\n<p>Des teors, bus, et m\u00e9tros accessibles sans d\u00e9penser le moindre centime pour permettre aux habitants ou aux visiteurs de se d\u00e9placer partout dans la m\u00e9tropole. Mais combien co\u00fbte cette mesure et qui finance les transports gratuits ?<\/p>\n<p>Le samedi, le plus souvent les validateurs des bus sont recouverts d&rsquo;un autocollant indiquant la gratuit\u00e9. Un choix politique vot\u00e9 et appliqu\u00e9 depuis cinq ans dans la m\u00e9tropole de Rouen. <\/p>\n<p>En septembre 2025, les \u00e9lus sont m\u00eame all\u00e9s plus loin en rendant totalement gratuit le r\u00e9seau astuce pour tous les voyageurs de moins de 18 ans. <a href=\"https:\/\/france3-regions.franceinfo.fr\/normandie\/seine-maritime\/rouen\/les-transports-en-commun-gratuits-pour-tous-les-moins-de-18-ans-dans-la-metropole-de-rouen-3180612.html\" target=\"_blank\" rel=\"noopener noreferrer nofollow\" data-tooltip-url=\"https:\/\/france3-regions.franceinfo.fr\/normandie\/seine-maritime\/rouen\/les-transports-en-commun-gratuits-pour-tous-les-moins-de-18-ans-dans-la-metropole-de-rouen-3180612.html\">80 000 enfants et jeunes \u00e2g\u00e9s de 4 \u00e0 18 ans de la m\u00e9tropole Rouen Normandie sont concern\u00e9s<\/a>, ils repr\u00e9sentent pr\u00e8s d&rsquo;un quart des passagers.<\/p>\n<p>Mais faut-il aller plus loin ? Oui, selon certains voyageurs interrog\u00e9s \u00e0 la station Th\u00e9\u00e2tre des Arts au c\u0153ur Rouen, \u00ab\u00a0je ne b\u00e9n\u00e9ficie pas du tarif s\u00e9nior et les 10 voyages sont assez chers quand m\u00eame, c&rsquo;est presque 16 euros\u00a0\u00bb, commente une habitante. <\/p>\n<p>Plus loin, un autre usager des transports \u00e9met l&rsquo;id\u00e9e d&rsquo;une r\u00e9gie municipale pour le r\u00e9seau de mobilit\u00e9s de la m\u00e9tropole : \u00ab\u00a0la gratuit\u00e9 totale serait formidable\u00a0\u00bb. Mais est-ce vraiment possible ? Qui va payer ? <\/p>\n<p>    dur\u00e9e de la vid\u00e9o : 00h01mn43s<\/p>\n<p>        <img decoding=\"async\" width=\"640\" height=\"426\" class=\"article-image not-lazy\" src=\"https:\/\/www.europesays.com\/fr\/wp-content\/uploads\/2025\/12\/8a9a6e54-7620-436b-a136-51a63ba951ee.jpg\" alt=\"\" fetchpriority=\"high\"\/><\/p>\n<p>              Voir la video\u00a0(1 minutes 43 secondes).\u00a0<br \/>\n                  1 min 43 s<\/p>\n<p>\n          Pr\u00e8s d&rsquo;un voyageur sur quatre b\u00e9n\u00e9ficie de la gratuit\u00e9 des transports dans la M\u00e9tropole Rouen Normandie<\/p>\n<p>        \u2022<\/p>\n<p>              \u00a9France T\u00e9l\u00e9visions\n      <\/p>\n<p>La gratuit\u00e9 des transports dans la M\u00e9tropole de Rouen est mise en \u0153uvre le samedi et pour les jeunes, mais pas seulement. Lors des pics de pollution ou des grands \u00e9v\u00e8nements (Foire saint Romain, les week-ends de d\u00e9cembre qui pr\u00e9c\u00e8dent No\u00ebl&#8230;), le m\u00eame dispositif est mis en place.<\/p>\n<p>Selon les chiffres port\u00e9s \u00e0 notre connaissance, la perte de recettes li\u00e9e \u00e0 ces mesures de \u00ab gratuit\u00e9 \u00bb repr\u00e9sente 7,2 millions d&rsquo;euros par an :<\/p>\n<ul>\n<li>1,5 M d&rsquo;euros pour le samedi<\/li>\n<li>0,8 M d&rsquo;euros de gratuit\u00e9s \u00e9v\u00e9nementielles<\/li>\n<li>0,5 M d&rsquo;euros en al\u00e9a moyen de pic de pollution<\/li>\n<li>4,4 M d&rsquo;euros de gratuit\u00e9 pour les moins de 18 ans et les sorties scolaires.<\/li>\n<\/ul>\n<p>La M\u00e9tropole Rouen Normandie pr\u00e9cise que \u00ab\u00a0ces mises en place de gratuit\u00e9 se sont faites sans aucune hausse d\u2019imp\u00f4t ni de tarif des titres de transports.\u00a0\u00bb <\/p>\n<p>Son pr\u00e9sident, Nicolas Mayer-Rossignol, assume : \u00ab\u00a0nous faisons le choix d\u2019investir massivement pour des mobilit\u00e9s durables, inclusives et accessibles \u00e0 toutes et tous\u00a0\u00bb.<\/p>\n<p>De nombreuses villes fran\u00e7aises ont fait le choix de rendre enti\u00e8rement gratuit l&rsquo;acc\u00e8s aux transports en commun. Dunkerque, Aubagne, Montpellier ou Compi\u00e8gne, au total les transports en commun d&rsquo;une quarantaine de collectivit\u00e9s sont accessibles pour les habitants sans d\u00e9penser le moindre euro.<\/p>\n<p>Mais alors qui paye ? \u00c0 Rouen, la mise en place de la gratuit\u00e9 pour les mineurs concorde avec la ren\u00e9gociation du contrat de l&rsquo;agglom\u00e9ration avec le gestionnaire Transdev. <\/p>\n<p>Lors du renouvellement de ce contrat, entre huit et 10 millions d&rsquo;euros ont \u00e9t\u00e9 \u00e9conomis\u00e9s. \u00ab\u00a0Ces mesures d\u2019\u00e9conomie sont permises gr\u00e2ce notamment \u00e0 l\u2019\u00e9lectrification du r\u00e9seau de transports, entra\u00eenant m\u00e9caniquement une baisse des co\u00fbts de r\u00e9paration, ainsi qu\u2019\u00e0 un all\u00e8gement de divers co\u00fbts de fonctionnement\u00a0\u00bb, nous pr\u00e9cise une source de la M\u00e9tropole Rouen Normandie.<\/p>\n<p>Les finances seront \u00e9galement d\u00e9lest\u00e9es du poids du remboursement du chantier du m\u00e9tro de Rouen. 10 millions d&rsquo;euros seront ainsi d\u00e9gag\u00e9s chaque ann\u00e9e \u00e0 partir de 2026.<\/p>\n<p>Mais en r\u00e9alit\u00e9, \u00e0 Rouen, comme ailleurs, le financement des transports est support\u00e9 par les entreprises via le <a href=\"https:\/\/entreprendre.service-public.gouv.fr\/vosdroits\/F31031\" target=\"_blank\" rel=\"noopener noreferrer nofollow\" data-tooltip-url=\"https:\/\/entreprendre.service-public.gouv.fr\/vosdroits\/F31031\">versement mobilit\u00e9<\/a> qui repr\u00e9sente en moyenne 49% des ressources pour financer le transport public selon la cour des comptes. <\/p>\n<p>Cette taxe de 2% sur les entreprises de plus de 11 salari\u00e9s permettra de rapporter 1 640 000 000 d&rsquo;euros entre 2023 et 2035 <a href=\"https:\/\/www.metropole-rouen-normandie.fr\/sites\/default\/files\/documents\/PDM\/PDM2035_Tome8_Notice-Financiere\/PDM2035_TOME-8_Notice-Financiere.pdf\" target=\"_blank\" rel=\"noopener noreferrer nofollow\" data-tooltip-url=\"https:\/\/www.metropole-rouen-normandie.fr\/sites\/default\/files\/documents\/PDM\/PDM2035_Tome8_Notice-Financiere\/PDM2035_TOME-8_Notice-Financiere.pdf\">selon les pr\u00e9visions de la M\u00e9tropole Rouen Normandie<\/a>, le budget des transports \u00e9tant le deuxi\u00e8me poste de d\u00e9pense le plus important de l&rsquo;agglom\u00e9ration.<\/p>\n<p><a data-article-figure=\"\" href=\"https:\/\/france3-regions.franceinfo.fr\/image\/z5W_6CHqQdEYKPLjmbjUkt1JV4E\/410x273\/regions\/2024\/05\/27\/bus-teor-665492aa38504890882665.jpg\" data-pswp-width=\"410\" data-pswp-height=\"273\" target=\"_blank\" rel=\"noopener\"><\/p>\n<p>          <img width=\"600\" height=\"400\" class=\"article-image lazy\" data-src=\"https:\/\/www.europesays.com\/fr\/wp-content\/uploads\/2025\/08\/bus-teor-665492aa38504890882665.jpg\" alt=\"Bus Teor \u00e0 la station Mont-Riboudet \u00e0 Rouen (Seine-Maritime)\" fetchpriority=\"high\" as=\"image\"\/><\/p>\n<p>\n            Bus Teor \u00e0 la station Mont-Riboudet \u00e0 Rouen (Seine-Maritime)<br \/>\n                           \u2022<br \/>\n                                      \u00a9 France3 Normandie\n                      <\/p>\n<p><\/a><\/p>\n<p>L&rsquo;\u00e9tude \u00ab\u00a0Mon maire, ma commune et moi\u00a0\u00bb r\u00e9alis\u00e9e par l&rsquo;institut Odoxa entre le 17 novembre et le 3 d\u00e9cembre 2025 pour France 3 et ICI r\u00e9v\u00e8le que 60% des Normands souhaitent des transports publics gratuits dans leur commune.<\/p>\n<p>Dans le d\u00e9tail c&rsquo;est le souhait de 63% des habitants de la Manche, 62% dans le Calvados, 60% des Seinomarins, 58% des Eurois et 54% des habitants du d\u00e9partement de l&rsquo;Orne.<\/p>\n<p>Des bus gratuits pour tous, partout, sans conditions, seraient-ils une mauvaise id\u00e9e sur long terme ? <a href=\"https:\/\/www.ccomptes.fr\/fr\/publications\/la-contribution-des-usagers-au-financement-des-transports-collectifs-urbains\" target=\"_blank\" rel=\"noopener noreferrer nofollow\" data-tooltip-url=\"https:\/\/www.ccomptes.fr\/fr\/publications\/la-contribution-des-usagers-au-financement-des-transports-collectifs-urbains\">Dans un rapport publi\u00e9 le 15 septembre 2025<\/a>, la cour des comptes estime que la gratuit\u00e9 compl\u00e8te fait porter \u00ab\u00a0le risque de surcharge financi\u00e8re pour les collectivit\u00e9s (qui se reporterait sur les contribuables) pouvant compromettre la r\u00e9alisation des investissements \u00e0 venir pour les transports collectifs urbains\u00a0\u00bb.<\/p>\n<p>Les sages plaident pour un ciblage plus pr\u00e9cis des tarifs avec notamment davantage de forfaits sp\u00e9cifiquement destin\u00e9s aux personnes les plus en difficult\u00e9s. \u00ab\u00a0Les rapporteurs recommandent donc de revoir les crit\u00e8res actuels d&rsquo;acc\u00e8s \u00e0 des r\u00e9ductions et de faciliter les d\u00e9marches administratives pour qu&rsquo;un plus grand nombre de m\u00e9nages modestes puisse \u00eatre identifi\u00e9 et en b\u00e9n\u00e9ficier\u00a0\u00bb, souligne la cour des comptes.<\/p>\n<p>\u00c0 Rouen, une tarification sp\u00e9cifique existe d\u00e9j\u00e0 pour les personnes en recherche d&#8217;emploi, b\u00e9n\u00e9ficiaires de l&rsquo;allocation adulte handicap\u00e9 ou en situation de handicap.<\/p><\/p>\n","protected":false},"excerpt":{"rendered":"Selon l&rsquo;\u00e9tude mensuelle \u00ab\u00a0Ma commune, mon maire et moi\u00a0\u00bb, r\u00e9alis\u00e9e par Odoxa pour France 3 et ICI, 60%&hellip;\n","protected":false},"author":2,"featured_media":611124,"comment_status":"","ping_status":"","sticky":false,"template":"","format":"standard","meta":{"footnotes":""},"categories":[9587],"tags":[1111,11,1777,674,1011,27,12,5161,25,9590],"class_list":{"0":"post-611123","1":"post","2":"type-post","3":"status-publish","4":"format-standard","5":"has-post-thumbnail","7":"category-rouen","8":"tag-actu","9":"tag-actualites","10":"tag-eu","11":"tag-europe","12":"tag-fr","13":"tag-france","14":"tag-news","15":"tag-normandie","16":"tag-republique-francaise","17":"tag-rouen"},"share_on_mastodon":{"url":"https:\/\/pubeurope.com\/@fr\/115750389430612475","error":""},"_links":{"self":[{"href":"https:\/\/www.europesays.com\/fr\/wp-json\/wp\/v2\/posts\/611123","targetHints":{"allow":["GET"]}}],"collection":[{"href":"https:\/\/www.europesays.com\/fr\/wp-json\/wp\/v2\/posts"}],"about":[{"href":"https:\/\/www.europesays.com\/fr\/wp-json\/wp\/v2\/types\/post"}],"author":[{"embeddable":true,"href":"https:\/\/www.europesays.com\/fr\/wp-json\/wp\/v2\/users\/2"}],"replies":[{"embeddable":true,"href":"https:\/\/www.europesays.com\/fr\/wp-json\/wp\/v2\/comments?post=611123"}],"version-history":[{"count":0,"href":"https:\/\/www.europesays.com\/fr\/wp-json\/wp\/v2\/posts\/611123\/revisions"}],"wp:featuredmedia":[{"embeddable":true,"href":"https:\/\/www.europesays.com\/fr\/wp-json\/wp\/v2\/media\/611124"}],"wp:attachment":[{"href":"https:\/\/www.europesays.com\/fr\/wp-json\/wp\/v2\/media?parent=611123"}],"wp:term":[{"taxonomy":"category","embeddable":true,"href":"https:\/\/www.europesays.com\/fr\/wp-json\/wp\/v2\/categories?post=611123"},{"taxonomy":"post_tag","embeddable":true,"href":"https:\/\/www.europesays.com\/fr\/wp-json\/wp\/v2\/tags?post=611123"}],"curies":[{"name":"wp","href":"https:\/\/api.w.org\/{rel}","templated":true}]}}