{"id":611129,"date":"2025-12-20T06:09:19","date_gmt":"2025-12-20T06:09:19","guid":{"rendered":"https:\/\/www.europesays.com\/fr\/611129\/"},"modified":"2025-12-20T06:09:19","modified_gmt":"2025-12-20T06:09:19","slug":"a-rennes-romain-lance-un-calendrun-de-lavent-et-reproduit-des-dessins-de-noel-en-courant","status":"publish","type":"post","link":"https:\/\/www.europesays.com\/fr\/611129\/","title":{"rendered":"\u00c0 Rennes, Romain lance un \u00ab\u00a0calendRun\u00a0\u00bb de l&rsquo;Avent et reproduit des dessins de No\u00ebl en courant"},"content":{"rendered":"<p>                    Par<br \/>\n        <strong><br \/>\n            <a href=\"https:\/\/actu.fr\/auteur\/clemence-pays02-actu-fr\" title=\"Consulter tous les articles de Cl\u00e9mence Pays\" target=\"_blank\" rel=\"noopener\">Cl\u00e9mence Pays<\/a><br \/>\n                    <\/strong><\/p>\n<p>        Publi\u00e9 le<\/p>\n<p>            20 d\u00e9c. 2025 \u00e0 6h32        <\/p>\n<p>La course \u00e0 pied, c\u2019est le passe-temps favori de <strong>Romain Echivard.<\/strong> Habitu\u00e9 des trails, semi-marathons et autres, ce Rennais partage ses performances sportives sur les r\u00e9seaux sociaux, notamment <a href=\"https:\/\/actu.fr\/tag\/instagram\" target=\"_blank\" rel=\"noopener\">Instagram<\/a>. C\u2019est donc pour faire vivre sa communaut\u00e9 qu\u2019il a d\u00e9cid\u00e9 de lancer un <strong>Calendrun de l\u2019Avent \u2013<\/strong>\u00a0comprenez, un calendrier de l\u2019Avent sp\u00e9cial running.<\/p>\n<p class=\" wall-content\">\u00ab\u2009J\u2019avais envie d\u2019entretenir mes followers et de partager du contenu dr\u00f4le. \u00c0 l\u2019approche de <a href=\"https:\/\/actu.fr\/tag\/noel-a-rennes\" target=\"_blank\" rel=\"noopener\">No\u00ebl<\/a>, je cherchais une id\u00e9e, retrace Romain. J\u2019ai pens\u00e9 au <strong>Strav\u2019art.<\/strong>\u2009\u00bb Cette pratique qui consiste \u00e0 cr\u00e9er un dessin avec le trac\u00e9 de sa course.<\/p>\n<p>Houx, boules de No\u00ebl, sapin\u2026<\/p>\n<p class=\" wall-content\">C\u2019est donc d\u00e8s d\u00e9but novembre que Romain s\u2019est attel\u00e9 \u00e0 lister <strong>des dessins \u00e0 reproduire\u2009:<\/strong> sucette, cloche, papillote, cadeau, sapin, houx, boules de No\u00ebl, lutin\u2026 Tous sont en lien avec les f\u00eates de fin d\u2019ann\u00e9e.<\/p>\n<p class=\" wall-content\"><a href=\"https:\/\/www.instagram.com\/p\/DSYJygeiKmz\/embed\" title=\"Ouvrir le lien sur Instagram\" target=\"_blank\" rel=\"noopener\">Visualiser le contenu sur Instagram<\/a><\/p>\n<p class=\" wall-content\">C\u2019est \u00e0 la main et gr\u00e2ce \u00e0 un site internet sp\u00e9cialis\u00e9, que le sportif r\u00e9ussit \u00e0 reproduire les dessins en trac\u00e9 de course. \u00ab\u2009Je les envoie ensuite sur <strong>ma montre qui m\u2019aide \u00e0 me guider<\/strong> pendant la course.\u2009\u00bb<\/p>\n<blockquote class=\"ac-article-quote wall-content\">\n<p>Ce n&rsquo;est pas toujours facile d&rsquo;appliquer le dessin en r\u00e9alit\u00e9. Certains sont un peu plus compliqu\u00e9s que d&rsquo;autres \u00e0 reconna\u00eetre quand on voit le r\u00e9sultat final.<\/p>\n<p>    <strong>Romain Echivard<\/strong>\n            <\/p><\/blockquote>\n<p>Une devinette par jour pour 300\u00a0km<\/p>\n<p class=\" wall-content\">Concr\u00e8tement, chaque matin depuis le 1er\u00a0d\u00e9cembre, Romain poste une story sur son compte Instagram, dans laquelle <strong>il partage \u00ab\u2009une charade\u2009\u00bb.<\/strong> Le but\u2009:<strong> trouver l\u2019objet qu\u2019il va tenter de dessiner<\/strong> en courant ce jour-l\u00e0.<\/p>\n<p>Votre r\u00e9gion, votre actu !<\/p>\n<p>Recevez chaque jour les infos qui comptent pour vous.<\/p>\n<p>\t<a href=\"https:\/\/actu.fr\/newsletter\" class=\"ac-btn ac-btn--corner ac-btn--medium ac-btn--blue800\" target=\"_blank\" rel=\"noopener\">S&rsquo;incrire<\/a><\/p>\n<p class=\" wall-content\">\u00ab\u2009Le soir, je publie <strong>une vid\u00e9o<\/strong> pour que mes abonn\u00e9s d\u00e9couvrent le r\u00e9sultat\u2009\u00bb, pr\u00e9cise Romain.<\/p>\n<p class=\" wall-content\">Gr\u00e2ce \u00e0 sa bonne condition physique, il r\u00e9ussit \u00e0 tenir le rythme d\u2019une course par jour. \u00ab\u2009Au d\u00e9but, je pensais que ce serait plus difficile que \u00e7a, surtout que <strong>j\u2019ai fait un marathon le 30\u00a0novembre<\/strong> et j\u2019ai encha\u00een\u00e9 avec le calendrier de l\u2019avent d\u00e8s le lendemain. Mais j\u2019ai d\u00e9cid\u00e9 de ne <strong>pas d\u00e9passer les 20\u00a0km par jour,<\/strong> tout en faisant plus de 5\u00a0km par jour.\u2009\u00bb<\/p>\n<p class=\" wall-content\">Au bout de sa 24e journ\u00e9e de footing sans interruption, <strong>Romain aura parcouru 300\u00a0km,<\/strong> presque uniquement \u00e0 Rennes. \u00ab\u2009J\u2019ai fait quatre dessins \u00e0 Paris et un \u00e0 Dinard.\u2009\u00bb<\/p>\n<p class=\" wall-content\">Un bon moyen pour lui de rester en forme et de pr\u00e9parer son corps \u00e0 affronter<strong> l\u2019ultra trail du Mont Blanc<\/strong> (UTMB), en 2026, une course de 170\u00a0km avec 10\u2009000\u00a0m\u00e8tres de d\u00e9nivel\u00e9.<\/p>\n<p>Des impr\u00e9vus et des d\u00e9couvertes<\/p>\n<p class=\" wall-content\">Gr\u00e2ce \u00e0 ces sorties quotidiennes, le coureur <strong>d\u00e9couvre de nouveaux parcours<\/strong> de courses. Habitant du quartier Bourg-L\u2019\u00c9v\u00eaque, il avait l\u2019habitude de courir au nord de Rennes. Depuis le lancement de son Calendrun, c\u2019est plut\u00f4t de l\u2019autre c\u00f4t\u00e9 de la ville qu\u2019il se rend.<\/p>\n<p>    <img   decoding=\"async\" loading=\"lazy\" src=\"https:\/\/www.europesays.com\/fr\/wp-content\/uploads\/2025\/12\/2-romain-echivard-running-course-a-pied-noel-rennes-strava-calendrier-de-lavent-960x640.png\" alt=\"C'est principalement \u00e0 Rennes, mais aussi \u00e0 Paris et Dinard que Romain Echivard a r\u00e9alis\u00e9 des dessins de No\u00ebl en courant.\" width=\"960\" height=\"640\"\/><br \/>\n    C\u2019est principalement \u00e0 Rennes, mais aussi \u00e0 Paris et Dinard que Romain Echivard a r\u00e9alis\u00e9 des dessins de No\u00ebl en courant. (\u00a9Transmis \u00e0 actu Rennes)<\/p>\n<p class=\" wall-content\">\u00ab\u2009Au <a href=\"https:\/\/actu.fr\/tag\/le-blosne\" target=\"_blank\" rel=\"noopener\">Blosne<\/a> et Sud-Gare, c\u2019est plus facile de faire des dessins. Il y a des <strong>grands boulevards<\/strong> et des petits jardins pour pouvoir couper entre les immeubles\u2009\u00bb, explique Romain.<\/p>\n<blockquote class=\"ac-article-quote wall-content\">\n<p>Le jour de la course, il y a toujours des impr\u00e9vus, avec des travaux sur la route ou des parcs ferm\u00e9s. \u00c7a peut aussi arriver de se tromper de chemin. Mais c&rsquo;est bien, \u00e7a fait passer le temps pendant que je cours.<\/p>\n<p>    <strong>Romain Echivard<\/strong>\n            <\/p><\/blockquote>\n<p class=\" wall-content\">Mardi\u00a023 et mercredi 24\u00a0d\u00e9cembre, pour profiter encore davantage du moment, Romain souhaite inviter ceux qui le souhaitent \u00e0 courir avec lui. \u00ab\u2009Le 23\u00a0d\u00e9cembre, ce sera un dessin de 22\u00a0km. Et <strong>le 24\u00a0d\u00e9cembre, ce sera un p\u00e8re No\u00ebl de 28\u00a0km\u2009!\u2009\u00bb<\/strong><\/p>\n<p class=\" wall-content\">Personnalisez votre actualit\u00e9 en ajoutant vos villes et m\u00e9dias en favori avec <a href=\"https:\/\/moncompte.actu.fr\" title=\"D\u00e9couvez Mon Actu\" rel=\"nofollow noopener\" data-trk=\"{&quot;cta&quot;:{&quot;action&quot;:&quot;https:\\\/\\\/moncompte.actu.fr&quot;,&quot;category&quot;:&quot;mon compte&quot;,&quot;from&quot;:&quot;article footer&quot;,&quot;name&quot;:&quot;Mon actu&quot;,&quot;type&quot;:&quot;cta&quot;}}\" target=\"_blank\">Mon Actu<\/a>.<\/p>\n<p>                    <script async src=\"\/\/www.instagram.com\/embed.js\"><\/script><\/p>\n","protected":false},"excerpt":{"rendered":"Par Cl\u00e9mence Pays Publi\u00e9 le 20 d\u00e9c. 2025 \u00e0 6h32 La course \u00e0 pied, c\u2019est le passe-temps favori&hellip;\n","protected":false},"author":2,"featured_media":611130,"comment_status":"","ping_status":"","sticky":false,"template":"","format":"standard","meta":{"footnotes":""},"categories":[2821],"tags":[1111,11,829,1777,674,1011,27,2440,1652,12,57084,584,25],"class_list":{"0":"post-611129","1":"post","2":"type-post","3":"status-publish","4":"format-standard","5":"has-post-thumbnail","7":"category-rennes","8":"tag-actu","9":"tag-actualites","10":"tag-bretagne","11":"tag-eu","12":"tag-europe","13":"tag-fr","14":"tag-france","15":"tag-instagram","16":"tag-loisirs-culture","17":"tag-news","18":"tag-noel-a-rennes","19":"tag-rennes","20":"tag-republique-francaise"},"share_on_mastodon":{"url":"https:\/\/pubeurope.com\/@fr\/115750409562728668","error":""},"_links":{"self":[{"href":"https:\/\/www.europesays.com\/fr\/wp-json\/wp\/v2\/posts\/611129","targetHints":{"allow":["GET"]}}],"collection":[{"href":"https:\/\/www.europesays.com\/fr\/wp-json\/wp\/v2\/posts"}],"about":[{"href":"https:\/\/www.europesays.com\/fr\/wp-json\/wp\/v2\/types\/post"}],"author":[{"embeddable":true,"href":"https:\/\/www.europesays.com\/fr\/wp-json\/wp\/v2\/users\/2"}],"replies":[{"embeddable":true,"href":"https:\/\/www.europesays.com\/fr\/wp-json\/wp\/v2\/comments?post=611129"}],"version-history":[{"count":0,"href":"https:\/\/www.europesays.com\/fr\/wp-json\/wp\/v2\/posts\/611129\/revisions"}],"wp:featuredmedia":[{"embeddable":true,"href":"https:\/\/www.europesays.com\/fr\/wp-json\/wp\/v2\/media\/611130"}],"wp:attachment":[{"href":"https:\/\/www.europesays.com\/fr\/wp-json\/wp\/v2\/media?parent=611129"}],"wp:term":[{"taxonomy":"category","embeddable":true,"href":"https:\/\/www.europesays.com\/fr\/wp-json\/wp\/v2\/categories?post=611129"},{"taxonomy":"post_tag","embeddable":true,"href":"https:\/\/www.europesays.com\/fr\/wp-json\/wp\/v2\/tags?post=611129"}],"curies":[{"name":"wp","href":"https:\/\/api.w.org\/{rel}","templated":true}]}}