{"id":611131,"date":"2025-12-20T06:10:19","date_gmt":"2025-12-20T06:10:19","guid":{"rendered":"https:\/\/www.europesays.com\/fr\/611131\/"},"modified":"2025-12-20T06:10:19","modified_gmt":"2025-12-20T06:10:19","slug":"a-strasbourg-des-sondages-sans-aucune-valeur-avant-les-municipales","status":"publish","type":"post","link":"https:\/\/www.europesays.com\/fr\/611131\/","title":{"rendered":"\u00c0 Strasbourg, des sondages \u00ab\u00a0sans aucune valeur\u00a0\u00bb avant les municipales"},"content":{"rendered":"<p class=\"wp-block-post-excerpt__excerpt\">\u00c0 Strasbourg, deux sondages municipaux publi\u00e9s en septembre puis en d\u00e9cembre 2025 ont aliment\u00e9 les discussions politiques. Pour Nicolas Kaciaf, politiste et sp\u00e9cialiste des sondages, ces r\u00e9sultats ne pr\u00e9jugent en rien du vote final. <\/p>\n<p>Eva Chibane<\/p>\n<p>Publi\u00e9 le 20 d\u00e9cembre 2025\u00a0\u00a0\u00b7\u00a0\u00a0<\/p>\n<p>Imprim\u00e9 le 20 d\u00e9cembre 2025 \u00e0 07h10\u00a0\u00a0\u00b7\u00a0\u00a0<\/p>\n<p>\t\t\t\t\t5\u00a0minutes\n<\/p>\n<p class=\"has-drop-cap\">En septembre 2025, le premier sondage strasbourgeois, <a href=\"https:\/\/www.ifop.com\/article\/le-climat-electoral-a-strasbourg\/\" target=\"_blank\" rel=\"noreferrer noopener\">command\u00e9 par Jean-Philippe Vetter (LR) \u00e0 l\u2019institut Ifop<\/a>, montrait Catherine Trautmann (PS) en t\u00eate avec 25\u00a0% des intentions de vote, talonn\u00e9e de pr\u00e8s par le candidat de droite (24\u00a0%). La maire sortante Jeanne Barseghian (EELV-PCF) ne recueillait que 17\u00a0%. Deux mois plus tard, le deuxi\u00e8me sondage <a href=\"https:\/\/elabe.fr\/category\/etudes-sondages\/\" target=\"_blank\" rel=\"noreferrer noopener\">command\u00e9 \u00e0 l\u2019institut Elabe<\/a>, publi\u00e9 le 10 d\u00e9cembre \u00e0 la demande de Pierre Jakubowicz (Horizons), confirme la m\u00eame dynamique pour Jeanne Barseghian (16 %) et propulse Catherine Trautmann (29 %), tandis que Jean-Philippe Vetter chute \u00e0 16 % et Pierre Jakubowicz progresse \u00e0 10 %.<\/p>\n<p>Ces sondages locaux donnent l\u2019impression de flatter le candidat qui les commande, mais pour Nicolas Kaciaf, professeur de sciences politiques, sp\u00e9cialiste des sondages, il n\u2019y a rien de \u00ab\u00a0truqu\u00e9\u00a0\u00bb derri\u00e8re ces chiffres. L\u2019expert explique n\u00e9anmoins que ces sondages ne traduisent pas les r\u00e9elles chances de gagner des candidats et candidates.<\/p>\n<p><strong>Rue89 Strasbourg : Que pensez-vous de la taille de l\u2019\u00e9chantillon des deux sondages, autour de 600 personnes interrog\u00e9es\u00a0?<\/strong><\/p>\n<p class=\"has-primary-color has-text-color\">\n\t\t\t<strong> Cet article fait partie de l\u2019\u00e9dition abonn\u00e9s.<\/strong><br \/>\n\t\t\t| D\u00e9j\u00e0 abonn\u00e9\u00a0?<br \/>\n\t\t\t<a href=\"https:\/\/www.rue89strasbourg.com\/user\/connexion\" data-type=\"page\" data-id=\"116070\" target=\"_blank\" rel=\"noopener\">Connectez-vous<\/a>\n\t\t<\/p>\n<p>Abonnez-vous maintenant pour poursuivre votre lecture<\/p>\n<p><img loading=\"lazy\" decoding=\"async\" width=\"1206\" height=\"1241\" src=\"https:\/\/www.europesays.com\/fr\/wp-content\/uploads\/2025\/04\/04-paywall.png\" alt=\"Abonnez-vous\" class=\"wp-image-282314\" style=\"aspect-ratio:0.9717969379532635;width:281px;height:auto\"  \/><\/p>\n<p>\t\t\t<a href=\"https:\/\/www.rue89strasbourg.com\/\" class=\"custom-logo-link\" rel=\"home noopener\" target=\"_blank\"><img loading=\"lazy\" decoding=\"async\" width=\"290\" height=\"62\" src=\"https:\/\/www.europesays.com\/fr\/wp-content\/uploads\/2025\/04\/1743975279_388_logo.png\" class=\"custom-logo\" alt=\"Rue89 Strasbourg Enqu\u00eates et informations locales\"  \/><\/a><\/p>\n<p>\n\t\t\t\tAbonnez-vous maintenant pour suivre l\u2019actualit\u00e9 locale.\t\t\t<\/p>\n<p class=\"font-bold font-serif-heading mb-2 text-4xl\">\n\t\t\t\t\t\tL\u2019investigation locale \u00e0 port\u00e9e de main.\n\t\t\t\t\t<\/p>\n<p>\n\t\t\t\t\t\tAbonnez-vous et profitez d\u2019un acc\u00e8s illimit\u00e9 \u00e0 Rue89 Strasbourg. Annulez quand vous voulez.\n\t\t\t\t\t<\/p>\n<p class=\"xl:text-sm\">\n\t\t\t\t\tD\u00e9j\u00e0 abonn\u00e9\u00a0?<br \/>\n\t\t\t\t\t<a class=\"border border-transparent text-center transition-colors duration-instant focus:border-info focus:rounded focus:shadow-focus cursor-pointer text-black hover:text-gray-700 active:bg-black-700 font-semibold inline-block\" href=\"https:\/\/www.rue89strasbourg.com\/user\/connexion?redirect=\/strasbourg-sondages-aucune-espece-valeur-avant-municipales-373868\" target=\"_blank\" rel=\"noopener\">Connectez-vous<\/a>\t\t\t\t<\/p>\n<p>\n\t\t\t\tChoisissez votre formule\u00a0:\n\t\t\t<\/p>\n<p>\t\t\t\tFermer<\/p>\n","protected":false},"excerpt":{"rendered":"\u00c0 Strasbourg, deux sondages municipaux publi\u00e9s en septembre puis en d\u00e9cembre 2025 ont aliment\u00e9 les discussions politiques. Pour&hellip;\n","protected":false},"author":2,"featured_media":611132,"comment_status":"","ping_status":"","sticky":false,"template":"","format":"standard","meta":{"footnotes":""},"categories":[2820],"tags":[1111,11,2761,1777,674,1011,27,775,12,316,25,13947,640],"class_list":{"0":"post-611131","1":"post","2":"type-post","3":"status-publish","4":"format-standard","5":"has-post-thumbnail","7":"category-strasbourg","8":"tag-actu","9":"tag-actualites","10":"tag-elections-municipales-2026","11":"tag-eu","12":"tag-europe","13":"tag-fr","14":"tag-france","15":"tag-grand-est","16":"tag-news","17":"tag-politique","18":"tag-republique-francaise","19":"tag-sondage","20":"tag-strasbourg"},"share_on_mastodon":{"url":"https:\/\/pubeurope.com\/@fr\/115750413622403433","error":""},"_links":{"self":[{"href":"https:\/\/www.europesays.com\/fr\/wp-json\/wp\/v2\/posts\/611131","targetHints":{"allow":["GET"]}}],"collection":[{"href":"https:\/\/www.europesays.com\/fr\/wp-json\/wp\/v2\/posts"}],"about":[{"href":"https:\/\/www.europesays.com\/fr\/wp-json\/wp\/v2\/types\/post"}],"author":[{"embeddable":true,"href":"https:\/\/www.europesays.com\/fr\/wp-json\/wp\/v2\/users\/2"}],"replies":[{"embeddable":true,"href":"https:\/\/www.europesays.com\/fr\/wp-json\/wp\/v2\/comments?post=611131"}],"version-history":[{"count":0,"href":"https:\/\/www.europesays.com\/fr\/wp-json\/wp\/v2\/posts\/611131\/revisions"}],"wp:featuredmedia":[{"embeddable":true,"href":"https:\/\/www.europesays.com\/fr\/wp-json\/wp\/v2\/media\/611132"}],"wp:attachment":[{"href":"https:\/\/www.europesays.com\/fr\/wp-json\/wp\/v2\/media?parent=611131"}],"wp:term":[{"taxonomy":"category","embeddable":true,"href":"https:\/\/www.europesays.com\/fr\/wp-json\/wp\/v2\/categories?post=611131"},{"taxonomy":"post_tag","embeddable":true,"href":"https:\/\/www.europesays.com\/fr\/wp-json\/wp\/v2\/tags?post=611131"}],"curies":[{"name":"wp","href":"https:\/\/api.w.org\/{rel}","templated":true}]}}