{"id":611135,"date":"2025-12-20T06:13:17","date_gmt":"2025-12-20T06:13:17","guid":{"rendered":"https:\/\/www.europesays.com\/fr\/611135\/"},"modified":"2025-12-20T06:13:17","modified_gmt":"2025-12-20T06:13:17","slug":"santons-automates-immersion-au-coeur-de-ce-veritable-succes-populaire","status":"publish","type":"post","link":"https:\/\/www.europesays.com\/fr\/611135\/","title":{"rendered":"santons, automates&#8230; Immersion au coeur de ce v\u00e9ritable succ\u00e8s populaire"},"content":{"rendered":"<p><strong>Chaque hiver, la place Rossetti se transforme en th\u00e9\u00e2tre \u00e0\u00a0ciel ouvert. Cette ann\u00e9e encore, <strong>Lou Pers\u00e8pi Nissart<\/strong>, la cr\u00e8che g\u00e9ante ni\u00e7oise, fait revivre la tradition de la Nativit\u00e9 avec ses automates \u00e0\u00a0taille humaine, des animations quotidiennes et une programmation artistique bien locale.<\/strong><\/p>\n<p>Install\u00e9e depuis plusieurs ann\u00e9es sur cette place embl\u00e9matique de notre ville , la cr\u00e8che met en sc\u00e8ne les personnages de la Nativit\u00e9 \u00e0\u00a0travers de grands automates r\u00e9alis\u00e9s par les artisans carnavaliers.<\/p>\n<p><img loading=\"lazy\" width=\"1120\" height=\"630\" decoding=\"async\" src=\"https:\/\/www.europesays.com\/fr\/wp-content\/uploads\/2025\/12\/7-2-1120x630.jpg\" alt=\"L\u2019image actuelle n\u2019a pas de texte alternatif. Le nom du fichier est\u00a0: 7-2.jpg\" title=\"Nice prot\u00e8ge ses traditions avec sa fameuse cr\u00e8che g\u00e9ante : santons, automates... Immersion au coeur de ce v\u00e9ritable succ\u00e8s populaire 1\"\/>\u00a9 Romain Boisaubert \/ Nice-Presse<\/p>\n<p>Un d\u00e9cor spectaculaire, renforc\u00e9 par des palmiers, du sable et un important travail de mise en lumi\u00e8re, mobilisant plusieurs services municipaux, notamment \u00ab\u00a0les espaces verts et les \u00e9quipes techniques.\u00a0\u00bb<\/p>\n<p>Riche programmation artistique<\/p>\n<p>Si la cr\u00e8che s\u00e9duit par son d\u00e9cor, elle doit aussi son succ\u00e8s \u00e0\u00a0une programmation artistique de plus en plus dense, d\u00e9velopp\u00e9e depuis deux\u00a0ans.\u00a0<\/p>\n<p>\u00ab\u00a0Nous avons souhait\u00e9 aller plus loin que la simple installation, en proposant de v\u00e9ritables animations culturelles autour de la cr\u00e8che \u00bb explique Stan Palomba, le chef du service langue, culture et tradition, aux c\u00f4t\u00e9s de Mathieu Chaux, responsable de projet.<\/p>\n<p><img loading=\"lazy\" decoding=\"async\" width=\"1120\" height=\"630\" src=\"https:\/\/www.europesays.com\/fr\/wp-content\/uploads\/2025\/12\/4-4-1120x630.jpg\" alt=\"4 4\" class=\"wp-image-262576\" title=\"Nice prot\u00e8ge ses traditions avec sa fameuse cr\u00e8che g\u00e9ante : santons, automates... Immersion au coeur de ce v\u00e9ritable succ\u00e8s populaire 2\"  \/>\u00a9 Romain Boisaubert \/ Nice-Presse<\/p>\n<p>Une sc\u00e8ne a\u00a0ainsi \u00e9t\u00e9 install\u00e9e \u00e0\u00a0l\u2019arri\u00e8re de la place, accueillant tout au long du mois des chorales, des spectacles, des marionnettes ainsi que des contes et chants de\u00a0No\u00ebl.<\/p>\n<p>Des compagnies locales sont \u00e0\u00a0l\u2019honneur, \u00e0\u00a0l\u2019image de la Miranda ou de la Ciamada Nissarda. Avec une fr\u00e9quentation impressionnante \u00e0\u00a0la cl\u00e9. \u00ab\u00a0On estime \u00e0\u00a0plusieurs milliers de personnes par jour sur certaines p\u00e9riodes. C\u2019est un flux continu, du matin jusqu\u2019au soir\u00a0\u00bb confient les organisateurs.<\/p>\n<p>La cr\u00e8che est accessible gratuitement de 8h \u00e0\u00a023h, avec un parcours am\u00e9nag\u00e9 permettant de d\u00e9couvrir chaque sc\u00e8ne.<\/p>\n<p>Le temps fort du 24 d\u00e9cembre \u00e0\u00a0Nice\u00a0<\/p>\n<p><img loading=\"lazy\" decoding=\"async\" width=\"1120\" height=\"630\" src=\"https:\/\/www.europesays.com\/fr\/wp-content\/uploads\/2025\/12\/6-5-1120x630.jpg\" alt=\"6 5\" class=\"wp-image-262574\" title=\"Nice prot\u00e8ge ses traditions avec sa fameuse cr\u00e8che g\u00e9ante : santons, automates... Immersion au coeur de ce v\u00e9ritable succ\u00e8s populaire 3\"  \/>\u00a9 Romain Boisaubert \/ Nice-Presse<\/p>\n<p>La messe de No\u00ebl en ni\u00e7ois, c\u00e9l\u00e9br\u00e9e le 24 d\u00e9cembre \u00e0\u00a018h, fait figure d\u2019\u00e9v\u00e9nement.  Pr\u00e9c\u00e9d\u00e9e de chants traditionnels interpr\u00e9t\u00e9s par la Ciamada Nissarda, elle sera suivie de l\u2019arriv\u00e9e symbolique de l\u2019enfant J\u00e9sus dans la cr\u00e8che, en lien direct avec la messe de minuit.<\/p>\n<p><a href=\"https:\/\/www.nice.fr\/noel-a-nice\/\" data-wpel-link=\"external\" target=\"_blank\" rel=\"external noopener noreferrer\"><img loading=\"lazy\" decoding=\"async\" width=\"300\" height=\"300\" src=\"https:\/\/www.europesays.com\/fr\/wp-content\/uploads\/2025\/11\/NoelNice_Coeur-Article-NicePresse-300x300-2.png\" alt=\"\" class=\"wp-image-260426\"\/><\/a><\/p>\n<p>\u00ab\u00a0C\u2019est important pour nous de renforcer ce lien entre la place, la cath\u00e9drale et les traditions populaires\u00a0\u00bb souligne Mathieu Chaux.<\/p>\n<p><img loading=\"lazy\" decoding=\"async\" width=\"1280\" height=\"720\" src=\"https:\/\/www.europesays.com\/fr\/wp-content\/uploads\/2025\/12\/G8eVfBlXwAAH1jz-edited.jpeg\" alt=\"G8eVfBlXwAAH1jz edited\" class=\"wp-image-262658\" title=\"Nice prot\u00e8ge ses traditions avec sa fameuse cr\u00e8che g\u00e9ante : santons, automates... Immersion au coeur de ce v\u00e9ritable succ\u00e8s populaire 4\"  \/>\u00a9 DR<\/p>\n<p>Visible jusqu\u2019au 28 d\u00e9cembre, Lou Pers\u00e8pi Nissart confirme, ann\u00e9e apr\u00e8s ann\u00e9e, son statut de pilier des festivit\u00e9s de No\u00ebl \u00e0\u00a0Nice, <a href=\"https:\/\/nicepresse.com\/nice-classe-par-deux-palmares-comme-lun-des-plus-beaux-marches-de-toute-la-france-le-village-de-noel-2025-attire-deja-beaucoup-du-monde\/\" data-wpel-link=\"internal\" target=\"_blank\" rel=\"noopener\">dans la lign\u00e9e du grand march\u00e9<\/a>.<\/p>\n","protected":false},"excerpt":{"rendered":"Chaque hiver, la place Rossetti se transforme en th\u00e9\u00e2tre \u00e0\u00a0ciel ouvert. Cette ann\u00e9e encore, Lou Pers\u00e8pi Nissart, la&hellip;\n","protected":false},"author":2,"featured_media":611136,"comment_status":"","ping_status":"","sticky":false,"template":"","format":"standard","meta":{"footnotes":""},"categories":[2819],"tags":[1111,11,1777,674,1011,27,12,2401,882,25],"class_list":{"0":"post-611135","1":"post","2":"type-post","3":"status-publish","4":"format-standard","5":"has-post-thumbnail","7":"category-nice","8":"tag-actu","9":"tag-actualites","10":"tag-eu","11":"tag-europe","12":"tag-fr","13":"tag-france","14":"tag-news","15":"tag-nice","16":"tag-provence-alpes-cote-dazur","17":"tag-republique-francaise"},"share_on_mastodon":{"url":"https:\/\/pubeurope.com\/@fr\/115750426148027569","error":""},"_links":{"self":[{"href":"https:\/\/www.europesays.com\/fr\/wp-json\/wp\/v2\/posts\/611135","targetHints":{"allow":["GET"]}}],"collection":[{"href":"https:\/\/www.europesays.com\/fr\/wp-json\/wp\/v2\/posts"}],"about":[{"href":"https:\/\/www.europesays.com\/fr\/wp-json\/wp\/v2\/types\/post"}],"author":[{"embeddable":true,"href":"https:\/\/www.europesays.com\/fr\/wp-json\/wp\/v2\/users\/2"}],"replies":[{"embeddable":true,"href":"https:\/\/www.europesays.com\/fr\/wp-json\/wp\/v2\/comments?post=611135"}],"version-history":[{"count":0,"href":"https:\/\/www.europesays.com\/fr\/wp-json\/wp\/v2\/posts\/611135\/revisions"}],"wp:featuredmedia":[{"embeddable":true,"href":"https:\/\/www.europesays.com\/fr\/wp-json\/wp\/v2\/media\/611136"}],"wp:attachment":[{"href":"https:\/\/www.europesays.com\/fr\/wp-json\/wp\/v2\/media?parent=611135"}],"wp:term":[{"taxonomy":"category","embeddable":true,"href":"https:\/\/www.europesays.com\/fr\/wp-json\/wp\/v2\/categories?post=611135"},{"taxonomy":"post_tag","embeddable":true,"href":"https:\/\/www.europesays.com\/fr\/wp-json\/wp\/v2\/tags?post=611135"}],"curies":[{"name":"wp","href":"https:\/\/api.w.org\/{rel}","templated":true}]}}