{"id":611137,"date":"2025-12-20T06:15:17","date_gmt":"2025-12-20T06:15:17","guid":{"rendered":"https:\/\/www.europesays.com\/fr\/611137\/"},"modified":"2025-12-20T06:15:17","modified_gmt":"2025-12-20T06:15:17","slug":"avec-jean-pierre-rivere-et-maurice-cohen-logc-nice-revient-aux-sources","status":"publish","type":"post","link":"https:\/\/www.europesays.com\/fr\/611137\/","title":{"rendered":"avec Jean-Pierre Riv\u00e8re et Maurice Cohen, l\u2019OGC Nice revient aux sources"},"content":{"rendered":"<p class=\"fs-5 \">Quelle saison, d\u00e9cid\u00e9ment ! Sur le pr\u00e9 comme hors terrain, l&rsquo;OGC Nice n&rsquo;en finit plus de faire l&rsquo;actu. Cette fois, elle est positive au vu du ressenti des supporters du Gym. C&rsquo;est officiel depuis hier apr\u00e8s-midi, Jean-Pierre Riv\u00e8re et Maurice Cohen sont de retour au club. Le premier \u00e9tait parti en ao\u00fbt dernier, le second en 2009, mais les deux ont pr\u00e9sid\u00e9 l&rsquo;OGC Nice pendant 22 ans en cumul\u00e9.<\/p>\n<p class=\"fs-5 \">Respectivement nomm\u00e9s pr\u00e9sident et vice-pr\u00e9sident d\u00e9l\u00e9gu\u00e9, les deux hommes reprennent les r\u00eanes confisqu\u00e9es \u00e0 Fabrice Bocquet, limog\u00e9 de son poste de pr\u00e9sident-directeur g\u00e9n\u00e9ral dans le m\u00eame temps, apr\u00e8s cinq mois chaotiques \u00e0 la t\u00eate d\u2019un club qui \u00ab joue son maintien \u00bb dixit Jean-Pierre Riv\u00e8re.<\/p>\n<p>                                                                                \u00ab Le mal est assez profond \u00bb<\/p>\n<p class=\"fs-5 \">\u00ab On est l\u00e0 tous les deux parce que le club est en difficult\u00e9 en ce moment, le mal est assez profond on le sait tous. Nous n&rsquo;avons pas de baguette magique, mais une \u00e9norme volont\u00e9 d\u2019aider ce club. On lui doit beaucoup et on veut lui rendre \u00bb, a expliqu\u00e9 un homme pourtant engag\u00e9 sur le terrain politique et la liste d\u2019\u00c9ric Ciotti. \u00ab Une mission commando \u00bb de cinq mois, image Maurice Cohen, qui g\u00e9rera le club au quotidien et les prises de parole m\u00e9diatiques.<\/p>\n<p class=\"fs-5 \">Pourquoi cette association ? \u00ab J\u2019ai vu Jim (Ratcliffe) il y a trois jours, il m\u2019a demand\u00e9 si je pouvais faire une mission. Je lui ai r\u00e9pondu \u2018\u2018Oui, mais pas seul. Il faudrait que je trouve quelqu\u2019un de confiance, qui conna\u00eet le club et avec qui je suis en phase\u2019\u2019. En sortant de chez Jim, j\u2019ai appel\u00e9 Maurice. On s\u2019est dit oui tout de suite \u00bb, r\u00e9sume Jean-Pierre Riv\u00e8re.<\/p>\n<p>                                                                                Maurice Cohen avait engag\u00e9 des d\u00e9marches<\/p>\n<p class=\"fs-5 \">En r\u00e9alit\u00e9, Maurice Cohen n&rsquo;avait pas attendu le coup de fil de Jean-Pierre Riv\u00e8re pour proposer son aide \u00e0 l&rsquo;OGC Nice. D\u00e8s le d\u00e9but du mois de d\u00e9cembre, le nouveau vice-pr\u00e9sident d\u00e9l\u00e9gu\u00e9 a entam\u00e9 des discussions avec Fabrice Bocquet, d\u00e9sormais ex-pr\u00e9sident du Gym, et Jean-Claude Blanc, le PDG d\u2019INEOS Sport. \u00ab Et m\u00eame Jim Ratcliffe, a ajout\u00e9 l&rsquo;int\u00e9ress\u00e9 pour appuyer l&rsquo;id\u00e9e que les rendez-vous se sont multipli\u00e9s ces derniers jours. Je les ai contact\u00e9s parce que \u00e7a me faisait de la peine de voir l&rsquo;OGC Nice en difficult\u00e9. J&rsquo;avais envie d&rsquo;aider, de cr\u00e9er quelque chose \u00e0 c\u00f4t\u00e9 du pr\u00e9sident en place, d&rsquo;\u00eatre conseiller pour essayer d&rsquo;apporter quelque chose et d&rsquo;aider le club \u00e0 se remettre. \u00bb<\/p>\n<p>                                                                                \u00ab Retrouver une convivialit\u00e9 au sein du club \u00bb<\/p>\n<p class=\"fs-5 \">Une id\u00e9e qui avait ses partisans au sein du club et des sympathisants \u00e0 l&rsquo;ext\u00e9rieur. Ancien joueur mais aussi ex-dirigeant du club, Roger Ricort fait partie de ceux qui ont promis leur soutien \u00e0 Maurice Cohen en cas de besoin pour sa mission. \u00ab J\u2019exag\u00e8re parfois quand j&rsquo;\u00e9voque l&rsquo;\u00e2me ni\u00e7oise, mais je crois que c&rsquo;est important. C&rsquo;est important de retrouver autour de nous des anciens joueurs ou dirigeants qui pourraient participer et venir nous aider si c&rsquo;\u00e9tait n\u00e9cessaire, \u00bb a confirm\u00e9 Maurice Cohen hier lors de sa pr\u00e9sentation. \u00ab Pour l&rsquo;instant, rien n&rsquo;est arr\u00eat\u00e9 mais c&rsquo;est dans mon esprit. On verra par la suite comment on peut s&rsquo;organiser. Mais l&rsquo;id\u00e9e, c&rsquo;est de retrouver une convivialit\u00e9 au sein du club. \u00bb Avec des personnes qui connaissent parfaitement la maison. Mieux que Fabrice Bocquet, un Franco-Colombien dipl\u00f4m\u00e9 de HEC, brillant dans le domaine financier mais trop peu impr\u00e9gn\u00e9 du Territoire apr\u00e8s un premier mandat de dirigeant \u00e0 Lorient. Lui associer Maurice Cohen semblait id\u00e9al aux yeux de Jean-Claude Blanc, qui avait lui-m\u00eame nomm\u00e9 Bocquet pour succ\u00e9der \u00e0 Jean-Pierre Riv\u00e8re. Exactement ce que lui avait dit de ne pas faire JPR.<\/p>\n<p>                                                                                Jean-Pierre Riv\u00e8re a renvers\u00e9 la table<\/p>\n<p class=\"fs-5 \">C&rsquo;\u00e9tait un secret de polichinelle en interne, moins \u00e0 l&rsquo;\u00e9gard du grand public, Jean-Pierre Riv\u00e8re et Fabrice Bocquet n&rsquo;ont jamais jou\u00e9 dans le m\u00eame camp. L&rsquo;inimiti\u00e9 a encourag\u00e9 le d\u00e9part du pr\u00e9sident arriv\u00e9 en 2011 comme il a favoris\u00e9 son retour en force en d\u00e9but de semaine.<\/p>\n<p class=\"fs-5 \">S\u2019il fallait \u00ab un \u00e9lectrochoc \u00bb, pour reprendre les propos de Franck Haise, c\u2019\u00e9tait \u00e0 la t\u00eate du club selon Jean-Pierre Riv\u00e8re. C&rsquo;est ce que le pr\u00e9sident a directement expliqu\u00e9 \u00e0 Jim Ratcliffe mardi dernier, selon nos informations, en militant pour qu&rsquo;une traductrice soit pr\u00e9f\u00e9r\u00e9e \u00e0 Jean-Claude Blanc afin d&rsquo;\u00eatre s\u00fbr que rien ne soit d\u00e9form\u00e9 dans sa lecture du bilan de mandat de trois ans et demi de Fabrice Bocquet au sein du club (il \u00e9tait directeur g\u00e9n\u00e9ral avant de devenir PDG cet \u00e9t\u00e9). Apr\u00e8s deux heures de r\u00e9union, Jim Ratcliffe communiquait sa d\u00e9cision par mail le lendemain matin vers 7 heures : carte blanche pour le plan expos\u00e9 par Jean-Pierre Riv\u00e8re.<\/p>\n<p>                                                                                Fabrice Bocquet, bouclier de Franck Haise<\/p>\n<p class=\"fs-5 \">Donc si le communiqu\u00e9 publi\u00e9 par le club stipule \u00ab un commun accord \u00bb, Fabrice Bocquet a en r\u00e9alit\u00e9 \u00e9t\u00e9 licenci\u00e9 par INEOS et aurait per\u00e7u une indemnit\u00e9 compensatoire pour les sept mois de salaire restants d&rsquo;ici \u00e0 la fin de saison, toujours selon nos informations. C&rsquo;est Jean-Claude Blanc qui \u00e9tait missionn\u00e9 hier matin pour annoncer une \u00e9viction que Bocquet redoutait la veille face \u00e0 l&rsquo;annonce de la venue du PDG d&rsquo;INEOS Sport pour la conf\u00e9rence de presse.<\/p>\n<p class=\"fs-5 \">Parce que les annonces ont eu lieu apr\u00e8s celle de Frank Haise, l&rsquo;entra\u00eeneur ni\u00e7ois n&rsquo;a pas pu donner son ressenti sur les \u00e9v\u00e9nements. Au vu de ses relations devenues glaciales avec Fabrice Bocquet, le coach ne doit pas voir ce changement de hi\u00e9rarchie d&rsquo;un mauvais \u0153il. Pourtant, si le technicien a encore l&rsquo;opportunit\u00e9 de sauver la face de la saison demain, en Coupe de France contre Saint-Etienne (14h45 \u00e0 huis clos \u00e0 l\u2019Allianz Riviera), et surtout sur la deuxi\u00e8me partie de saison en 2026, c&rsquo;est principalement gr\u00e2ce \u00e0 son ancien pr\u00e9sident.<\/p>\n<p>                                                                                \u00ab L\u2019amour d\u2019un club, on ne le perd jamais \u00bb<\/p>\n<p class=\"fs-5 \">\u00e9 galement \u00e9voqu\u00e9 au cours des tractations pour relancer le club apr\u00e8s neuf d\u00e9faites de rang, son licenciement s&rsquo;est heurt\u00e9 aux difficult\u00e9s financi\u00e8res d&rsquo;INEOS. Sans la prolongation de contrat offerte par Fabrice Bocquet en ao\u00fbt dernier, les dommages collat\u00e9raux de la crise auraient sans doute \u00e9t\u00e9 encore plus importants.<\/p>\n<p class=\"fs-5 \">Mais aujourd&rsquo;hui le Gym veut regarder devant pour assurer son maintien en Ligue 1, et il ne peut le faire qu&rsquo;en s&rsquo;appuyant sur les forces en pr\u00e9sence et en stoppant le boycott de ses supporters.<\/p>\n<p class=\"fs-5 \">\u00ab On vient b\u00e9n\u00e9volement mais on ne pourra pas tout faire tout seul, a amorc\u00e9 Jean-Pierre Riv\u00e8re. Je comprends la col\u00e8re, la frustration autour du club. Mais l\u2019amour d\u2019un club, on ne le perd jamais. On aura besoin de tout le monde. \u00bb<\/p>\n<p class=\"fs-5 \">\u00ab \u00e7 a me rappelle 2002, quand on avait \u00e9t\u00e9 rel\u00e9gu\u00e9 par la DNCG, a embray\u00e9 Maurice Cohen. Derri\u00e8re, on a vu un engouement des supporters, des autorit\u00e9s, des joueurs. C&rsquo;est ce qu&rsquo;il faut retrouver. On va voir les supporters, il faut retrouver cette joie de revenir au stade et supporter notre \u00e9quipe. Le challenge est difficile. On y parviendra seulement avec la volont\u00e9 de tous d\u2019aider le club. \u00bb \u00ab Je ne mets pas du tout mes activit\u00e9s politiques de c\u00f4t\u00e9 \u00bb<\/p>\n<p class=\"fs-5 \">Que va changer le retour de Jean-Pierre Riv\u00e8re \u00e0 l\u2019OGC Nice pour la campagne d\u2019Eric Ciotti ? \u00ab Absolument rien \u00bb, veut-on rassurer dans l\u2019entourage du candidat UDR alli\u00e9 au RN \u00e0 la mairie de Nice. S\u2019il est \u00e9lu maire de la 5e ville de France en mars 2026, \u00e9 ric Ciotti a pr\u00e9vu de faire de Jean-Pierre Riv\u00e8re son premier adjoint.<\/p>\n<p class=\"fs-5 \">Le dirigeant de club l\u2019a confirm\u00e9, hier, en conf\u00e9rence de presse : \u00ab Dans la vie, on peut avoir deux activit\u00e9s qui sont totalement s\u00e9par\u00e9es. Je viens pour le club faire une mission. En ce qui me concerne, c\u2019est une mission le temps du championnat [qui se termine le 16 mai 2026, Ndlr]. Une fois que le championnat est termin\u00e9, je m\u2019en retire \u00bb. \u00ab Je ne mets pas du tout mes activit\u00e9s politiques de c\u00f4t\u00e9 \u00bb, a assur\u00e9 le colistier d\u2019\u00e9 ric Ciotti.<\/p>\n<p>                                                                                \u00ab Je ne m\u2019exprimerai plus dans les m\u00e9dias \u00bb<\/p>\n<p class=\"fs-5 \">Jean-Pierre Riv\u00e8re avait annonc\u00e9 au d\u00e9put\u00e9 ni\u00e7ois son intention de revenir \u00e0 l\u2019OGC Nice si le club continuait sa descente aux enfers, tout en lui garantissant qu\u2019il resterait \u00e0 ses c\u00f4t\u00e9s. Mais comment concilier campagne \u00e9lectorale et gestion d\u2019un club en perdition ?<\/p>\n<p class=\"fs-5 \">\u00ab Je ne m\u2019exprimerai plus dans les m\u00e9dias pendant un certain temps [pour parler du club]. Maurice Cohen (nouveau vice-pr\u00e9sident d\u00e9l\u00e9gu\u00e9 de l\u2019OGC Nice) sera l\u00e0 [pour prendre le micro] \u00bb, a-t-il indiqu\u00e9.<\/p>\n<p class=\"fs-5 \">Certains voient dans le retour de Jean-Pierre Riv\u00e8re \u00e0 l\u2019OGC Nice, un (premier ?) pas de retrait dans son engagement politique. Ces derniers temps, il avait manifest\u00e9 un peu de f\u00e9brilit\u00e9, notamment face \u00e0 la presse, lorsqu\u2019il \u00e9tait interrog\u00e9 sur la pr\u00e9sence de colistiers RN sur la liste d\u2019\u00e9 ric Ciotti.<\/p>\n<p class=\"fs-5 \">D\u2019autres, au contraire, estiment que ces nouvelles fonctions sont un atout pour la candidature du parlementaire ni\u00e7ois. \u00ab S\u2019il arrive \u00e0 sauver le club, il sera vu comme l\u2019homme de la situation et \u00e7a peut \u00eatre b\u00e9n\u00e9fique pour Eric Ciotti \u00bb, analyse un observateur.<\/p>\n<p class=\"fs-5 \">Sollicit\u00e9s, ni le d\u00e9put\u00e9 ni\u00e7ois, ni le maire sortant n\u2019ont souhait\u00e9 faire de commentaires.<\/p>\n","protected":false},"excerpt":{"rendered":"Quelle saison, d\u00e9cid\u00e9ment ! Sur le pr\u00e9 comme hors terrain, l&rsquo;OGC Nice n&rsquo;en finit plus de faire l&rsquo;actu.&hellip;\n","protected":false},"author":2,"featured_media":611138,"comment_status":"","ping_status":"","sticky":false,"template":"","format":"standard","meta":{"footnotes":""},"categories":[2819],"tags":[1111,11,1777,674,1011,27,12,2401,54521,882,25],"class_list":{"0":"post-611137","1":"post","2":"type-post","3":"status-publish","4":"format-standard","5":"has-post-thumbnail","7":"category-nice","8":"tag-actu","9":"tag-actualites","10":"tag-eu","11":"tag-europe","12":"tag-fr","13":"tag-france","14":"tag-news","15":"tag-nice","16":"tag-ogcnice","17":"tag-provence-alpes-cote-dazur","18":"tag-republique-francaise"},"share_on_mastodon":{"url":"","error":""},"_links":{"self":[{"href":"https:\/\/www.europesays.com\/fr\/wp-json\/wp\/v2\/posts\/611137","targetHints":{"allow":["GET"]}}],"collection":[{"href":"https:\/\/www.europesays.com\/fr\/wp-json\/wp\/v2\/posts"}],"about":[{"href":"https:\/\/www.europesays.com\/fr\/wp-json\/wp\/v2\/types\/post"}],"author":[{"embeddable":true,"href":"https:\/\/www.europesays.com\/fr\/wp-json\/wp\/v2\/users\/2"}],"replies":[{"embeddable":true,"href":"https:\/\/www.europesays.com\/fr\/wp-json\/wp\/v2\/comments?post=611137"}],"version-history":[{"count":0,"href":"https:\/\/www.europesays.com\/fr\/wp-json\/wp\/v2\/posts\/611137\/revisions"}],"wp:featuredmedia":[{"embeddable":true,"href":"https:\/\/www.europesays.com\/fr\/wp-json\/wp\/v2\/media\/611138"}],"wp:attachment":[{"href":"https:\/\/www.europesays.com\/fr\/wp-json\/wp\/v2\/media?parent=611137"}],"wp:term":[{"taxonomy":"category","embeddable":true,"href":"https:\/\/www.europesays.com\/fr\/wp-json\/wp\/v2\/categories?post=611137"},{"taxonomy":"post_tag","embeddable":true,"href":"https:\/\/www.europesays.com\/fr\/wp-json\/wp\/v2\/tags?post=611137"}],"curies":[{"name":"wp","href":"https:\/\/api.w.org\/{rel}","templated":true}]}}