{"id":611150,"date":"2025-12-20T06:25:17","date_gmt":"2025-12-20T06:25:17","guid":{"rendered":"https:\/\/www.europesays.com\/fr\/611150\/"},"modified":"2025-12-20T06:25:17","modified_gmt":"2025-12-20T06:25:17","slug":"voici-les-10-villes-comptant-le-plus-dhabitants","status":"publish","type":"post","link":"https:\/\/www.europesays.com\/fr\/611150\/","title":{"rendered":"voici les 10 villes comptant le plus d&rsquo;habitants"},"content":{"rendered":"<p>                    Par<br \/>\n        <strong><br \/>\n            <a href=\"https:\/\/actu.fr\/auteur\/raphael-mahlmann\" title=\"Consulter tous les articles de Rapha\u00ebl Mahlmann\" target=\"_blank\" rel=\"noopener\">Rapha\u00ebl Mahlmann<\/a><br \/>\n                    <\/strong><\/p>\n<p>        Publi\u00e9 le<\/p>\n<p>            20 d\u00e9c. 2025 \u00e0 6h44        <\/p>\n<p>L\u2019Insee a r\u00e9v\u00e9l\u00e9 ses derniers chiffres sur la population en France et dans les d\u00e9partements. En 2023, le <a href=\"https:\/\/actu.fr\/societe\/voici-les-15-villes-les-plus-peuplees-du-nord-selon-les-derniers-chiffres-du-recensement_62074089.html\" target=\"_blank\" rel=\"noopener\">nombre d\u2019habitants <\/a>en France hors Mayotte s\u2019\u00e9l\u00e8ve \u00e0 <b>68 094 000 habitants, <\/b>soit une hausse de 0,39% par rapport \u00e0 2017. Les <a href=\"https:\/\/actu.fr\/hauts-de-france\/\" target=\"_blank\" rel=\"noopener\">Hauts-de-France<\/a> sont la cinqui\u00e8me r\u00e9gion la plus peupl\u00e9e avec <b>5 992 194 habitants<\/b>, derri\u00e8re l\u2019\u00cele-de-France, l\u2019Auvergne-Rh\u00f4ne-Alpes, la Nouvelle-Aquitaine et l\u2019Occitanie.\u00a0<\/p>\n<p>Le Nord, d\u00e9partement le plus peupl\u00e9 de France en 2023\u00a0<\/p>\n<p class=\" wall-content\">Le <a href=\"https:\/\/actu.fr\/hauts-de-france\/nord_59\" target=\"_blank\" rel=\"noopener\">Nord<\/a> reste le d\u00e9partement le plus peupl\u00e9 en 2023 avec<b> 2 615 635 habitants<\/b>\u00a0 et affiche une hausse de sa population de 0,07% par rapport \u00e0 2017. Dans le top 3 en France, on retrouve Paris (2 103 778) et les Bouches-du-Rh\u00f4ne (2 087 658). \u00c0 l\u2019inverse, les d\u00e9partements les moins peupl\u00e9s sont la Loz\u00e8re (76 486), la Creuse (115 527) et le Territoire de Belfort (140 255).\u00a0<\/p>\n<p class=\" wall-content\">Dans les Hauts-de-France, le <a href=\"https:\/\/actu.fr\/hauts-de-france\/pas-de-calais_62\" target=\"_blank\" rel=\"noopener\">Pas-de-Calais<\/a> (1 457 905\/ -0,12%) arrive en deuxi\u00e8me position, suivi par l\u2019<a href=\"https:\/\/actu.fr\/oise\/\" target=\"_blank\" rel=\"noopener\">Oise<\/a> (829 899\/ +0,11%), la <a href=\"https:\/\/actu.fr\/hauts-de-france\/somme_80\" target=\"_blank\" rel=\"noopener\">Somme<\/a> (565 413\/ +0,21%) et l\u2019<a href=\"https:\/\/actu.fr\/hauts-de-france\/aisne_02\" target=\"_blank\" rel=\"noopener\">Aisne<\/a> (523 342\/ -0,35%).\u00a0<\/p>\n<p>Les villes les plus peupl\u00e9es dans le Nord\u00a0<\/p>\n<p class=\" wall-content\">Sans surprise,<b> <\/b><b>Lille demeure la ville qui compte le plus d\u2019habitants dans le Nord<\/b> et dans les Hauts-de-France (238 248 habitants). C\u2019est \u00e9galement la dixi\u00e8me ville la plus peupl\u00e9e de France. <b>Amiens<\/b> (136 449 habitants) arrive en 2e position, suivie par <b>Tourcoing<\/b> (98 772 habitants).<\/p>\n<p class=\" wall-content\">Dans le Pas-de-Calais, seule la ville de <b>Calais <\/b>(67 571 habitants) se retrouve dans le top 10.\u00a0<\/p>\n<p class=\" wall-content\">Les autres communes les plus peupl\u00e9es du d\u00e9partement du Nord sont :<\/p>\n<ul class=\" wall-content\">\n<li><b>Tourcoing<\/b> (98 772 habitants),<\/li>\n<li><b>Roubaix <\/b>(98 286 \u00a0habitants),<\/li>\n<li><b>Dunkerque<\/b> (86 263 \u00a0habitants),<\/li>\n<li><b>Villeneuve-d\u2019Ascq<\/b> (62 868 \u00a0habitants),<\/li>\n<li><b>Valenciennes<\/b> (43 468 \u00a0habitants),<\/li>\n<li><b>Wattrelos<\/b> (40 847 \u00a0habitants),<\/li>\n<li><b>Douai<\/b> (40 250 \u00a0habitants),<\/li>\n<li><b>Marcq-en-Bar\u0153ul <\/b>(40 184 \u00a0habitants),<\/li>\n<li><b>Cambrai<\/b> (31 134 \u00a0habitants).<\/li>\n<\/ul>\n<p class=\" wall-content\">Personnalisez votre actualit\u00e9 en ajoutant vos villes et m\u00e9dias en favori avec <a href=\"https:\/\/moncompte.actu.fr\" title=\"D\u00e9couvez Mon Actu\" rel=\"nofollow noopener\" data-trk=\"{&quot;cta&quot;:{&quot;action&quot;:&quot;https:\\\/\\\/moncompte.actu.fr&quot;,&quot;category&quot;:&quot;mon compte&quot;,&quot;from&quot;:&quot;article footer&quot;,&quot;name&quot;:&quot;Mon actu&quot;,&quot;type&quot;:&quot;cta&quot;}}\" target=\"_blank\">Mon Actu<\/a>.<\/p>\n","protected":false},"excerpt":{"rendered":"Par Rapha\u00ebl Mahlmann Publi\u00e9 le 20 d\u00e9c. 2025 \u00e0 6h44 L\u2019Insee a r\u00e9v\u00e9l\u00e9 ses derniers chiffres sur la&hellip;\n","protected":false},"author":2,"featured_media":611151,"comment_status":"","ping_status":"","sticky":false,"template":"","format":"standard","meta":{"footnotes":""},"categories":[2815],"tags":[1111,11,6969,1777,674,1011,27,811,1307,12,25,104],"class_list":{"0":"post-611150","1":"post","2":"type-post","3":"status-publish","4":"format-standard","5":"has-post-thumbnail","7":"category-lille","8":"tag-actu","9":"tag-actualites","10":"tag-demographie","11":"tag-eu","12":"tag-europe","13":"tag-fr","14":"tag-france","15":"tag-hauts-de-france","16":"tag-lille","17":"tag-news","18":"tag-republique-francaise","19":"tag-societe"},"share_on_mastodon":{"url":"https:\/\/pubeurope.com\/@fr\/115750471443243678","error":""},"_links":{"self":[{"href":"https:\/\/www.europesays.com\/fr\/wp-json\/wp\/v2\/posts\/611150","targetHints":{"allow":["GET"]}}],"collection":[{"href":"https:\/\/www.europesays.com\/fr\/wp-json\/wp\/v2\/posts"}],"about":[{"href":"https:\/\/www.europesays.com\/fr\/wp-json\/wp\/v2\/types\/post"}],"author":[{"embeddable":true,"href":"https:\/\/www.europesays.com\/fr\/wp-json\/wp\/v2\/users\/2"}],"replies":[{"embeddable":true,"href":"https:\/\/www.europesays.com\/fr\/wp-json\/wp\/v2\/comments?post=611150"}],"version-history":[{"count":0,"href":"https:\/\/www.europesays.com\/fr\/wp-json\/wp\/v2\/posts\/611150\/revisions"}],"wp:featuredmedia":[{"embeddable":true,"href":"https:\/\/www.europesays.com\/fr\/wp-json\/wp\/v2\/media\/611151"}],"wp:attachment":[{"href":"https:\/\/www.europesays.com\/fr\/wp-json\/wp\/v2\/media?parent=611150"}],"wp:term":[{"taxonomy":"category","embeddable":true,"href":"https:\/\/www.europesays.com\/fr\/wp-json\/wp\/v2\/categories?post=611150"},{"taxonomy":"post_tag","embeddable":true,"href":"https:\/\/www.europesays.com\/fr\/wp-json\/wp\/v2\/tags?post=611150"}],"curies":[{"name":"wp","href":"https:\/\/api.w.org\/{rel}","templated":true}]}}